{"id":2370,"date":"2022-09-13T20:00:18","date_gmt":"2022-09-14T01:00:18","guid":{"rendered":"https:\/\/www.tamaulipas.gob.mx\/trabajo\/?p=2370"},"modified":"2022-09-14T15:04:51","modified_gmt":"2022-09-14T20:04:51","slug":"tamaulipas-oferta-vacantes-para-el-sector-agropecuario-van-a-la-cosecha-de-tomate-al-estado-de-florida-eua","status":"publish","type":"post","link":"https:\/\/www.tamaulipas.gob.mx\/trabajo\/2022\/09\/tamaulipas-oferta-vacantes-para-el-sector-agropecuario-van-a-la-cosecha-de-tomate-al-estado-de-florida-eua\/","title":{"rendered":"Tamaulipas oferta vacantes para el sector agropecuario: van a la cosecha de tomate al estado de Florida EUA"},"content":{"rendered":"<p align=\"justify\"><em><strong><span style=\"font-family: HelveticaNeueLT Std Lt, serif;\"><span style=\"font-size: medium;\">El Gobernador, Francisco Garc\u00eda Cabeza de Vaca, sigue facilitando para los tamaulipecos la oferta laboral en el extranjero requerida por su mano de obra calificada.<\/span><\/span><\/strong><\/em><\/p>\n<p align=\"right\"><span style=\"font-family: HelveticaNeueLT Std Lt, serif;\"><span style=\"font-size: medium;\">ST-013-2022<\/span><\/span><\/p>\n<p align=\"justify\"><span style=\"font-family: HelveticaNeueLT Std Lt, serif;\"><span style=\"font-size: medium;\">Septiembre 13 del 2022<\/span><\/span><\/p>\n<p style=\"text-align: justify;\" align=\"justify\"><span style=\"font-family: HelveticaNeueLT Std Lt, serif;\"><span style=\"font-size: medium;\">Ciudad Victoria, Tamaulipas.- El Gobierno de Tamaulipas, a trav\u00e9s de la Secretar\u00eda del Trabajo, llev\u00f3 a cabo el proceso de reclutamiento de trabajadores agr\u00edcolas para laborar en la empresa Gargiulo Inc, dedicada a la cosecha de tomate en el estado de Florida, Estados Unidos.<\/span><\/span><\/p>\n<p style=\"text-align: justify;\" align=\"justify\"><span style=\"font-family: HelveticaNeueLT Std Lt, serif;\"><span style=\"font-size: medium;\">Cuarenta trabajadores de los municipios de Tula, Jaumave, Ciudad Victoria, G\u00fc\u00e9mez, Llera, San Carlos, Hidalgo, San Fernando, Valle Hermoso, R\u00edo Bravo, Gonz\u00e1lez, Mante, Xicot\u00e9ncatl y Ocampo, fueron seleccionados para participar dentro del Mecanismo de Movilidad Laboral operado por el Servicio Nacional de Empleo Tamaulipas.<\/span><\/span><\/p>\n<p style=\"text-align: justify;\" align=\"justify\"><span style=\"font-family: HelveticaNeueLT Std Lt, serif;\"><span style=\"font-size: medium;\">Miguel \u00c1ngel Villarreal Ongay, Secretario del Trabajo, dijo que el Gobernador Francisco Garc\u00eda Cabeza de Vaca, sigue facilitando para los tamaulipecos la oferta laboral en el extranjero, requerida por su mano de obra calificada.<\/span><\/span><\/p>\n<p style=\"text-align: justify;\" align=\"justify\">\u201c<span style=\"font-family: HelveticaNeueLT Std Lt, serif;\"><span style=\"font-size: medium;\">El SNETam cuenta con las estrategias institucionales para la vinculaci\u00f3n de trabajadores, y que estos cumplan con los contratos establecidos y las normas para internarse en la uni\u00f3n americana\u201d, dijo. <\/span><\/span><\/p>\n<p style=\"text-align: justify;\" align=\"justify\"><span style=\"font-family: HelveticaNeueLT Std Lt, serif;\"><span style=\"font-size: medium;\">Los agricultores, laborar\u00e1n un periodo de 7 meses a partir de octubre del 2022 a mayo del 2023; el SNETam junto con la empresa ofreci\u00f3 los apoyos para los tr\u00e1mites migratorios como la Visa de Trabajo H2A para laborar de manera legal y segura, y gozar de los beneficios laborales.<\/span><\/span><\/p>\n<p style=\"text-align: justify;\" align=\"justify\"><span style=\"font-family: HelveticaNeueLT Std Lt, serif;\"><span style=\"font-size: medium;\">En lo que va de la administraci\u00f3n la dependencia ha logrado beneficiar a m\u00e1s de 2 mil 039 personas coloc\u00e1ndolas en diversas vacantes en Estados Unidos, Canad\u00e1 y Alemania, mediante el Programas de Apoyo al Empleo (PAE); Movilidad Laboral y Programa de Trabajadores Agr\u00edcolas M\u00e9xico-Canad\u00e1, en \u00e1reas agr\u00edcola, pesca, agropecuaria, floricultura y profesional, derivado a su capacidad, experiencia y talento.<\/span><\/span><\/p>\n<p style=\"text-align: justify;\" align=\"justify\"><span style=\"font-family: HelveticaNeueLT Std Lt, serif;\"><span style=\"font-size: medium;\">El funcionario explic\u00f3 que el trabajo de los tamaulipecos en el extranjero representa una fuente econ\u00f3mica y desarrollo sostenible importante para las familias y sus comunidades. <\/span><\/span><\/p>\n<p align=\"center\"><span style=\"font-family: HelveticaNeueLT Std Lt, serif;\"><span style=\"font-size: medium;\">###<\/span><\/span><\/p>\n<div class='owl-gallery'><div class='item'><a href='https:\/\/www.tamaulipas.gob.mx\/trabajo\/wp-content\/uploads\/sites\/11\/2022\/09\/boletin_reclutamiento_01.jpeg' rel='galeria'><img src='https:\/\/www.tamaulipas.gob.mx\/trabajo\/wp-content\/uploads\/sites\/11\/2022\/09\/boletin_reclutamiento_01-850x500.jpeg' srcset='' sizes='auto' alt=''><\/a><figcaption><\/figcaption><\/div><div class='item'><a href='https:\/\/www.tamaulipas.gob.mx\/trabajo\/wp-content\/uploads\/sites\/11\/2022\/09\/boletin_reclutamiento_02.jpeg' rel='galeria'><img src='https:\/\/www.tamaulipas.gob.mx\/trabajo\/wp-content\/uploads\/sites\/11\/2022\/09\/boletin_reclutamiento_02-850x500.jpeg' srcset='' sizes='auto' alt=''><\/a><figcaption><\/figcaption><\/div><div class='item'><a href='https:\/\/www.tamaulipas.gob.mx\/trabajo\/wp-content\/uploads\/sites\/11\/2022\/09\/boletin_reclutamiento_03.jpeg' rel='galeria'><img src='https:\/\/www.tamaulipas.gob.mx\/trabajo\/wp-content\/uploads\/sites\/11\/2022\/09\/boletin_reclutamiento_03-850x500.jpeg' srcset='' sizes='auto' alt=''><\/a><figcaption><\/figcaption><\/div><div class='item'><a href='https:\/\/www.tamaulipas.gob.mx\/trabajo\/wp-content\/uploads\/sites\/11\/2022\/09\/boletin_reclutamiento_04.jpeg' rel='galeria'><img src='https:\/\/www.tamaulipas.gob.mx\/trabajo\/wp-content\/uploads\/sites\/11\/2022\/09\/boletin_reclutamiento_04-850x500.jpeg' srcset='' sizes='auto' alt=''><\/a><figcaption><\/figcaption><\/div><div class='item'><a href='https:\/\/www.tamaulipas.gob.mx\/trabajo\/wp-content\/uploads\/sites\/11\/2022\/09\/boletin_reclutamiento_05.jpeg' rel='galeria'><img src='https:\/\/www.tamaulipas.gob.mx\/trabajo\/wp-content\/uploads\/sites\/11\/2022\/09\/boletin_reclutamiento_05-850x500.jpeg' srcset='' sizes='auto' alt=''><\/a><figcaption><\/figcaption><\/div><\/div>\n","protected":false},"excerpt":{"rendered":"<p>El Gobernador, Francisco Garc\u00eda Cabeza de Vaca, sigue facilitando para los tamaulipecos la oferta laboral en el extranjero requerida por su mano de obra calificada.\u2026<\/p>\n","protected":false},"author":63,"featured_media":2374,"comment_status":"closed","ping_status":"closed","sticky":false,"template":"","format":"standard","meta":{"footnotes":""},"categories":[1],"tags":[],"class_list":["post-2370","post","type-post","status-publish","format-standard","has-post-thumbnail","hentry","category-prensa"],"publishpress_future_action":{"enabled":false,"date":"2026-05-08 16:13:50","action":"change-status","newStatus":"draft","terms":[],"taxonomy":"category"},"_links":{"self":[{"href":"https:\/\/www.tamaulipas.gob.mx\/trabajo\/wp-json\/wp\/v2\/posts\/2370"}],"collection":[{"href":"https:\/\/www.tamaulipas.gob.mx\/trabajo\/wp-json\/wp\/v2\/posts"}],"about":[{"href":"https:\/\/www.tamaulipas.gob.mx\/trabajo\/wp-json\/wp\/v2\/types\/post"}],"author":[{"embeddable":true,"href":"https:\/\/www.tamaulipas.gob.mx\/trabajo\/wp-json\/wp\/v2\/users\/63"}],"replies":[{"embeddable":true,"href":"https:\/\/www.tamaulipas.gob.mx\/trabajo\/wp-json\/wp\/v2\/comments?post=2370"}],"version-history":[{"count":2,"href":"https:\/\/www.tamaulipas.gob.mx\/trabajo\/wp-json\/wp\/v2\/posts\/2370\/revisions"}],"predecessor-version":[{"id":2377,"href":"https:\/\/www.tamaulipas.gob.mx\/trabajo\/wp-json\/wp\/v2\/posts\/2370\/revisions\/2377"}],"wp:featuredmedia":[{"embeddable":true,"href":"https:\/\/www.tamaulipas.gob.mx\/trabajo\/wp-json\/wp\/v2\/media\/2374"}],"wp:attachment":[{"href":"https:\/\/www.tamaulipas.gob.mx\/trabajo\/wp-json\/wp\/v2\/media?parent=2370"}],"wp:term":[{"taxonomy":"category","embeddable":true,"href":"https:\/\/www.tamaulipas.gob.mx\/trabajo\/wp-json\/wp\/v2\/categories?post=2370"},{"taxonomy":"post_tag","embeddable":true,"href":"https:\/\/www.tamaulipas.gob.mx\/trabajo\/wp-json\/wp\/v2\/tags?post=2370"}],"curies":[{"name":"wp","href":"https:\/\/api.w.org\/{rel}","templated":true}]}}