{"id":2349,"date":"2022-08-24T22:00:39","date_gmt":"2022-08-25T03:00:39","guid":{"rendered":"https:\/\/www.tamaulipas.gob.mx\/trabajo\/?p=2349"},"modified":"2022-08-25T12:50:29","modified_gmt":"2022-08-25T17:50:29","slug":"con-la-oferta-de-2-mil-868-vacantes-concluye-con-exito-en-tamaulipas-la-feria-nacional-de-empleo-para-la-inclusion-laboral-de-la-juventud-2022","status":"publish","type":"post","link":"https:\/\/www.tamaulipas.gob.mx\/trabajo\/2022\/08\/con-la-oferta-de-2-mil-868-vacantes-concluye-con-exito-en-tamaulipas-la-feria-nacional-de-empleo-para-la-inclusion-laboral-de-la-juventud-2022\/","title":{"rendered":"Con la oferta de 2 mil 868 vacantes concluye con \u00e9xito en Tamaulipas la Feria Nacional de Empleo para la Inclusi\u00f3n Laboral de la Juventud 2022"},"content":{"rendered":"<p><em><strong>Los j\u00f3venes son el motor para el desarrollo y crecimiento econ\u00f3mico, pilar para la estabilidad y bienestar de las familias de Tamaulipas.<\/strong><\/em><\/p>\n<p style=\"text-align: right;\">ST-012-2022<\/p>\n<p>Agosto 24 del 2022<\/p>\n<p style=\"text-align: justify;\">Ciudad Victoria, Tamaulipas.- Con la participaci\u00f3n de 198 empresas y la oferta de 2 mil 868 vacantes de trabajo, el Gobierno de Tamaulipas concluy\u00f3 con \u00e9xito las Ferias Nacionales de Empleo para Inclusi\u00f3n Laboral de la Juventud 2022.<\/p>\n<p style=\"text-align: justify;\">La Secretar\u00eda del Trabajo en coordinaci\u00f3n con el Servicio Nacional de Empleo Tamaulipas, acerc\u00f3 y facilit\u00f3 bolsa de trabajo, en los municipios de Matamoros, Reynosa, Tampico-Altamira-Madero, Nuevo Laredo y Ciudad Victoria, para atender las necesidades de empleabilidad, en espec\u00edfico del sector juvenil.<\/p>\n<p style=\"text-align: justify;\">Se trata de un esfuerzo entre gobierno, organismos y empresas para impulsar las habilidades, el talento, la profesi\u00f3n y potencial de quienes buscan contribuir a la construcci\u00f3n de un mejor Tamaulipas, dijo el Secretario del Trabajo, Miguel \u00c1ngel Villarreal Ongay.<\/p>\n<p style=\"text-align: justify;\">\u201cEn Tamaulipas hay empleo, hay empleo porque hay seguridad e inversi\u00f3n, el Gobernador, Francisco Garc\u00eda Cabeza de Vaca quiere que todos se ocupen, esperamos que esta feria de empleo sea una herramienta para ustedes, puedan conseguir empleo y seguir adelante\u201d, expres\u00f3 durante la inauguraci\u00f3n de la Feria de Empleo en Ciudad Victoria.<\/p>\n<p style=\"text-align: justify;\">Durante el ciclo de Ferias de Empleo, el SNETam desarroll\u00f3 Talleres para Buscadores de Empleo, el Webinar \u201cSin marca personal no hay empleo que te alcance\u201d y sesiones de atenci\u00f3n a empleadores, a fin de contribuir y fortalecer los conocimientos en la b\u00fasqueda de empleo, el emprendimiento y desarrollo de habilidades empresariales.<\/p>\n<p style=\"text-align: justify;\">El funcionario agradeci\u00f3 a quienes hicieron posible la realizaci\u00f3n de 66 eventos vinculativos durante la administraci\u00f3n, as\u00ed tambi\u00e9n a los organismos y a las 3 mil 200 empresas que participaron con la disposici\u00f3n de m\u00e1s de 50 mil ofertas de trabajo.<\/p>\n<p style=\"text-align: justify;\">Manifest\u00f3 que los j\u00f3venes son el motor para el desarrollo y crecimiento econ\u00f3mico, pilar para la estabilidad y bienestar de las familias de Tamaulipas, e invit\u00f3 a los mismos a no desistir en su lucha por el \u00e9xito y el progreso.<\/p>\n<p style=\"text-align: center;\">###<\/p>\n<div class='owl-gallery'><div class='item'><a href='https:\/\/www.tamaulipas.gob.mx\/trabajo\/wp-content\/uploads\/sites\/11\/2022\/08\/boletin_concluyen_ferias-1.jpeg' rel='galeria'><img src='https:\/\/www.tamaulipas.gob.mx\/trabajo\/wp-content\/uploads\/sites\/11\/2022\/08\/boletin_concluyen_ferias-1-850x500.jpeg' srcset='' sizes='auto' alt=''><\/a><figcaption><\/figcaption><\/div><div class='item'><a href='https:\/\/www.tamaulipas.gob.mx\/trabajo\/wp-content\/uploads\/sites\/11\/2022\/08\/boletin_concluyen_ferias-2.jpeg' rel='galeria'><img src='https:\/\/www.tamaulipas.gob.mx\/trabajo\/wp-content\/uploads\/sites\/11\/2022\/08\/boletin_concluyen_ferias-2-850x500.jpeg' srcset='' sizes='auto' alt=''><\/a><figcaption><\/figcaption><\/div><div class='item'><a href='https:\/\/www.tamaulipas.gob.mx\/trabajo\/wp-content\/uploads\/sites\/11\/2022\/08\/boletin_concluyen_ferias-3.jpeg' rel='galeria'><img src='https:\/\/www.tamaulipas.gob.mx\/trabajo\/wp-content\/uploads\/sites\/11\/2022\/08\/boletin_concluyen_ferias-3-850x500.jpeg' srcset='' sizes='auto' alt=''><\/a><figcaption><\/figcaption><\/div><div class='item'><a href='https:\/\/www.tamaulipas.gob.mx\/trabajo\/wp-content\/uploads\/sites\/11\/2022\/08\/boletin_concluyen_ferias-4.jpeg' rel='galeria'><img src='https:\/\/www.tamaulipas.gob.mx\/trabajo\/wp-content\/uploads\/sites\/11\/2022\/08\/boletin_concluyen_ferias-4-850x500.jpeg' srcset='' sizes='auto' alt=''><\/a><figcaption><\/figcaption><\/div><div class='item'><a href='https:\/\/www.tamaulipas.gob.mx\/trabajo\/wp-content\/uploads\/sites\/11\/2022\/08\/boletin_concluyen_ferias-5.jpeg' rel='galeria'><img src='https:\/\/www.tamaulipas.gob.mx\/trabajo\/wp-content\/uploads\/sites\/11\/2022\/08\/boletin_concluyen_ferias-5-850x500.jpeg' srcset='' sizes='auto' alt=''><\/a><figcaption><\/figcaption><\/div><div class='item'><a href='https:\/\/www.tamaulipas.gob.mx\/trabajo\/wp-content\/uploads\/sites\/11\/2022\/08\/boletin_concluyen_ferias-6.jpeg' rel='galeria'><img src='https:\/\/www.tamaulipas.gob.mx\/trabajo\/wp-content\/uploads\/sites\/11\/2022\/08\/boletin_concluyen_ferias-6-850x500.jpeg' srcset='' sizes='auto' alt=''><\/a><figcaption><\/figcaption><\/div><div class='item'><a href='https:\/\/www.tamaulipas.gob.mx\/trabajo\/wp-content\/uploads\/sites\/11\/2022\/08\/boletin_concluyen_ferias-7.jpeg' rel='galeria'><img src='https:\/\/www.tamaulipas.gob.mx\/trabajo\/wp-content\/uploads\/sites\/11\/2022\/08\/boletin_concluyen_ferias-7-850x500.jpeg' srcset='' sizes='auto' alt=''><\/a><figcaption><\/figcaption><\/div><\/div>\n","protected":false},"excerpt":{"rendered":"<p>Los j\u00f3venes son el motor para el desarrollo y crecimiento econ\u00f3mico, pilar para la estabilidad y bienestar de las familias de Tamaulipas. ST-012-2022 Agosto 24\u2026<\/p>\n","protected":false},"author":63,"featured_media":2351,"comment_status":"closed","ping_status":"closed","sticky":false,"template":"","format":"standard","meta":{"footnotes":""},"categories":[1],"tags":[],"class_list":["post-2349","post","type-post","status-publish","format-standard","has-post-thumbnail","hentry","category-prensa"],"publishpress_future_action":{"enabled":false,"date":"2026-05-08 16:13:14","action":"change-status","newStatus":"draft","terms":[],"taxonomy":"category"},"_links":{"self":[{"href":"https:\/\/www.tamaulipas.gob.mx\/trabajo\/wp-json\/wp\/v2\/posts\/2349"}],"collection":[{"href":"https:\/\/www.tamaulipas.gob.mx\/trabajo\/wp-json\/wp\/v2\/posts"}],"about":[{"href":"https:\/\/www.tamaulipas.gob.mx\/trabajo\/wp-json\/wp\/v2\/types\/post"}],"author":[{"embeddable":true,"href":"https:\/\/www.tamaulipas.gob.mx\/trabajo\/wp-json\/wp\/v2\/users\/63"}],"replies":[{"embeddable":true,"href":"https:\/\/www.tamaulipas.gob.mx\/trabajo\/wp-json\/wp\/v2\/comments?post=2349"}],"version-history":[{"count":1,"href":"https:\/\/www.tamaulipas.gob.mx\/trabajo\/wp-json\/wp\/v2\/posts\/2349\/revisions"}],"predecessor-version":[{"id":2357,"href":"https:\/\/www.tamaulipas.gob.mx\/trabajo\/wp-json\/wp\/v2\/posts\/2349\/revisions\/2357"}],"wp:featuredmedia":[{"embeddable":true,"href":"https:\/\/www.tamaulipas.gob.mx\/trabajo\/wp-json\/wp\/v2\/media\/2351"}],"wp:attachment":[{"href":"https:\/\/www.tamaulipas.gob.mx\/trabajo\/wp-json\/wp\/v2\/media?parent=2349"}],"wp:term":[{"taxonomy":"category","embeddable":true,"href":"https:\/\/www.tamaulipas.gob.mx\/trabajo\/wp-json\/wp\/v2\/categories?post=2349"},{"taxonomy":"post_tag","embeddable":true,"href":"https:\/\/www.tamaulipas.gob.mx\/trabajo\/wp-json\/wp\/v2\/tags?post=2349"}],"curies":[{"name":"wp","href":"https:\/\/api.w.org\/{rel}","templated":true}]}}