{"id":2337,"date":"2022-08-19T22:00:45","date_gmt":"2022-08-20T03:00:45","guid":{"rendered":"https:\/\/www.tamaulipas.gob.mx\/trabajo\/?p=2337"},"modified":"2022-08-24T12:23:22","modified_gmt":"2022-08-24T17:23:22","slug":"tamaulipas-impulsa-a-los-jovenes-a-optar-por-oportunidades-laborales-con-miras-a-un-crecimiento-personal-y-profesional","status":"publish","type":"post","link":"https:\/\/www.tamaulipas.gob.mx\/trabajo\/2022\/08\/tamaulipas-impulsa-a-los-jovenes-a-optar-por-oportunidades-laborales-con-miras-a-un-crecimiento-personal-y-profesional\/","title":{"rendered":"Tamaulipas impulsa a los j\u00f3venes a optar por oportunidades laborales con miras a un crecimiento personal y profesional"},"content":{"rendered":"<p><em><strong>El Gobernador, Francisco Garc\u00eda Cabeza de Vaca, genera encuentros de vinculaci\u00f3n laboral, para que a trav\u00e9s de la oferta y la demanda, los buscadores de trabajo encuentren oportunidades con visi\u00f3n de futuro.<\/strong><\/em><\/p>\n<p style=\"text-align: right;\">ST-011-2022<\/p>\n<p>Agosto 19 del 2022<\/p>\n<p style=\"text-align: justify;\">Tampico, Tamaulipas.- Con la participaci\u00f3n de m\u00e1s 72 empresas y la oferta de m\u00e1s de mil 092 vacantes de trabajo, el Gobierno de Tamaulipas, inaugur\u00f3 la Feria Nacional de Empleo para la Inclusi\u00f3n Laboral de la Juventud 2022.<\/p>\n<p style=\"text-align: justify;\">El evento se desarroll\u00f3 en el Auditorio Municipal, y concentr\u00f3 a m\u00e1s de 820 personas\u00a0 de la zona conurbada Tampico, Madero, Altamira y del estado Veracruz, en busca de oportunidades dentro de la industria, petroqu\u00edmica, comercio y servicios.<\/p>\n<p style=\"text-align: justify;\">Miguel \u00c1ngel Villarreal Ongay, Secretario del Trabajo, dijo que el Gobernador, Francisco Garc\u00eda Cabeza de Vaca, genera encuentros de vinculaci\u00f3n laboral, para que a trav\u00e9s de la oferta y la demanda, los buscadores de trabajo encuentren oficios con visi\u00f3n de futuro.<\/p>\n<p style=\"text-align: justify;\">\u201cEs importante este tipo de eventos porque es un contacto directo con las empresas, yo tengo casos de \u00e9xito sorprendentes dentro de mi familia; el estudio, esfuerzo y la experiencia laboral da mejor\u00eda de sueldo, y principalmente la administraci\u00f3n que tengas\u201d, explico.<\/p>\n<p style=\"text-align: justify;\">La Feria Nacional se desarrolla a la par con las 32 entidades federativas, en las que se implementan estrategias que impulse a los j\u00f3venes a optar por escenarios favorables, para su crecimiento personal y profesional.<\/p>\n<p style=\"text-align: justify;\">Autoridades indicaron que a trav\u00e9s de las Ferias de Empleo, la presente administraci\u00f3n, ha promovido la colocaci\u00f3n de m\u00e1s de 6 mil 500 personas en un puesto de trabajo, brindando atenci\u00f3n a cerca de 50 mil buscadores.<\/p>\n<p style=\"text-align: justify;\">Las Ferias de Empleo enfocadas a la inclusi\u00f3n laboral de j\u00f3venes, concluir\u00e1n los d\u00edas 23 y 24 de agosto en los municipios de Nuevo Laredo y Ciudad Victoria, en los que habr\u00e1 de ofrecerse m\u00e1s de 400 vacantes.<\/p>\n<p>&nbsp;<\/p>\n<p style=\"text-align: center;\">###<\/p>\n<p>&nbsp;<\/p>\n<div class='owl-gallery'><div class='item'><a href='https:\/\/www.tamaulipas.gob.mx\/trabajo\/wp-content\/uploads\/sites\/11\/2022\/08\/boletin_feria_nac_tampico-1.jpeg' rel='galeria'><img src='https:\/\/www.tamaulipas.gob.mx\/trabajo\/wp-content\/uploads\/sites\/11\/2022\/08\/boletin_feria_nac_tampico-1-850x500.jpeg' srcset='' sizes='auto' alt=''><\/a><figcaption><\/figcaption><\/div><div class='item'><a href='https:\/\/www.tamaulipas.gob.mx\/trabajo\/wp-content\/uploads\/sites\/11\/2022\/08\/boletin_feria_nac_tampico-2.jpeg' rel='galeria'><img src='https:\/\/www.tamaulipas.gob.mx\/trabajo\/wp-content\/uploads\/sites\/11\/2022\/08\/boletin_feria_nac_tampico-2-850x500.jpeg' srcset='' sizes='auto' alt=''><\/a><figcaption><\/figcaption><\/div><div class='item'><a href='https:\/\/www.tamaulipas.gob.mx\/trabajo\/wp-content\/uploads\/sites\/11\/2022\/08\/boletin_feria_nac_tampico-3.jpeg' rel='galeria'><img src='https:\/\/www.tamaulipas.gob.mx\/trabajo\/wp-content\/uploads\/sites\/11\/2022\/08\/boletin_feria_nac_tampico-3-850x500.jpeg' srcset='' sizes='auto' alt=''><\/a><figcaption><\/figcaption><\/div><div class='item'><a href='https:\/\/www.tamaulipas.gob.mx\/trabajo\/wp-content\/uploads\/sites\/11\/2022\/08\/boletin_feria_nac_tampico-4.jpeg' rel='galeria'><img src='https:\/\/www.tamaulipas.gob.mx\/trabajo\/wp-content\/uploads\/sites\/11\/2022\/08\/boletin_feria_nac_tampico-4-850x500.jpeg' srcset='' sizes='auto' alt=''><\/a><figcaption><\/figcaption><\/div><div class='item'><a href='https:\/\/www.tamaulipas.gob.mx\/trabajo\/wp-content\/uploads\/sites\/11\/2022\/08\/boletin_feria_nac_tampico-5.jpeg' rel='galeria'><img src='https:\/\/www.tamaulipas.gob.mx\/trabajo\/wp-content\/uploads\/sites\/11\/2022\/08\/boletin_feria_nac_tampico-5-850x500.jpeg' srcset='' sizes='auto' alt=''><\/a><figcaption><\/figcaption><\/div><div class='item'><a href='https:\/\/www.tamaulipas.gob.mx\/trabajo\/wp-content\/uploads\/sites\/11\/2022\/08\/boletin_feria_nac_tampico-6.jpeg' rel='galeria'><img src='https:\/\/www.tamaulipas.gob.mx\/trabajo\/wp-content\/uploads\/sites\/11\/2022\/08\/boletin_feria_nac_tampico-6-850x500.jpeg' srcset='' sizes='auto' alt=''><\/a><figcaption><\/figcaption><\/div><div class='item'><a href='https:\/\/www.tamaulipas.gob.mx\/trabajo\/wp-content\/uploads\/sites\/11\/2022\/08\/boletin_feria_nac_tampico-7.jpeg' rel='galeria'><img src='https:\/\/www.tamaulipas.gob.mx\/trabajo\/wp-content\/uploads\/sites\/11\/2022\/08\/boletin_feria_nac_tampico-7-850x500.jpeg' srcset='' sizes='auto' alt=''><\/a><figcaption><\/figcaption><\/div><div class='item'><a href='https:\/\/www.tamaulipas.gob.mx\/trabajo\/wp-content\/uploads\/sites\/11\/2022\/08\/boletin_feria_nac_tampico-8.jpeg' rel='galeria'><img src='https:\/\/www.tamaulipas.gob.mx\/trabajo\/wp-content\/uploads\/sites\/11\/2022\/08\/boletin_feria_nac_tampico-8-850x500.jpeg' srcset='' sizes='auto' alt=''><\/a><figcaption><\/figcaption><\/div><div class='item'><a href='https:\/\/www.tamaulipas.gob.mx\/trabajo\/wp-content\/uploads\/sites\/11\/2022\/08\/boletin_feria_nac_tampico-9.jpeg' rel='galeria'><img src='https:\/\/www.tamaulipas.gob.mx\/trabajo\/wp-content\/uploads\/sites\/11\/2022\/08\/boletin_feria_nac_tampico-9-850x500.jpeg' srcset='' sizes='auto' alt=''><\/a><figcaption><\/figcaption><\/div><div class='item'><a href='https:\/\/www.tamaulipas.gob.mx\/trabajo\/wp-content\/uploads\/sites\/11\/2022\/08\/boletin_feria_nac_tampico-10.jpeg' rel='galeria'><img src='https:\/\/www.tamaulipas.gob.mx\/trabajo\/wp-content\/uploads\/sites\/11\/2022\/08\/boletin_feria_nac_tampico-10-850x500.jpeg' srcset='' sizes='auto' alt=''><\/a><figcaption><\/figcaption><\/div><\/div>\n","protected":false},"excerpt":{"rendered":"<p>El Gobernador, Francisco Garc\u00eda Cabeza de Vaca, genera encuentros de vinculaci\u00f3n laboral, para que a trav\u00e9s de la oferta y la demanda, los buscadores de\u2026<\/p>\n","protected":false},"author":63,"featured_media":2339,"comment_status":"closed","ping_status":"closed","sticky":false,"template":"","format":"standard","meta":{"footnotes":""},"categories":[1],"tags":[],"class_list":["post-2337","post","type-post","status-publish","format-standard","has-post-thumbnail","hentry","category-prensa"],"publishpress_future_action":{"enabled":false,"date":"2026-05-08 16:13:14","action":"change-status","newStatus":"draft","terms":[],"taxonomy":"category"},"_links":{"self":[{"href":"https:\/\/www.tamaulipas.gob.mx\/trabajo\/wp-json\/wp\/v2\/posts\/2337"}],"collection":[{"href":"https:\/\/www.tamaulipas.gob.mx\/trabajo\/wp-json\/wp\/v2\/posts"}],"about":[{"href":"https:\/\/www.tamaulipas.gob.mx\/trabajo\/wp-json\/wp\/v2\/types\/post"}],"author":[{"embeddable":true,"href":"https:\/\/www.tamaulipas.gob.mx\/trabajo\/wp-json\/wp\/v2\/users\/63"}],"replies":[{"embeddable":true,"href":"https:\/\/www.tamaulipas.gob.mx\/trabajo\/wp-json\/wp\/v2\/comments?post=2337"}],"version-history":[{"count":1,"href":"https:\/\/www.tamaulipas.gob.mx\/trabajo\/wp-json\/wp\/v2\/posts\/2337\/revisions"}],"predecessor-version":[{"id":2348,"href":"https:\/\/www.tamaulipas.gob.mx\/trabajo\/wp-json\/wp\/v2\/posts\/2337\/revisions\/2348"}],"wp:featuredmedia":[{"embeddable":true,"href":"https:\/\/www.tamaulipas.gob.mx\/trabajo\/wp-json\/wp\/v2\/media\/2339"}],"wp:attachment":[{"href":"https:\/\/www.tamaulipas.gob.mx\/trabajo\/wp-json\/wp\/v2\/media?parent=2337"}],"wp:term":[{"taxonomy":"category","embeddable":true,"href":"https:\/\/www.tamaulipas.gob.mx\/trabajo\/wp-json\/wp\/v2\/categories?post=2337"},{"taxonomy":"post_tag","embeddable":true,"href":"https:\/\/www.tamaulipas.gob.mx\/trabajo\/wp-json\/wp\/v2\/tags?post=2337"}],"curies":[{"name":"wp","href":"https:\/\/api.w.org\/{rel}","templated":true}]}}