{"id":2329,"date":"2022-08-15T22:00:46","date_gmt":"2022-08-16T03:00:46","guid":{"rendered":"https:\/\/www.tamaulipas.gob.mx\/trabajo\/?p=2329"},"modified":"2022-08-16T12:19:59","modified_gmt":"2022-08-16T17:19:59","slug":"arranca-en-tamaulipas-la-feria-nacional-de-empleo-para-la-inclusion-laboral-de-la-juventud-2022","status":"publish","type":"post","link":"https:\/\/www.tamaulipas.gob.mx\/trabajo\/2022\/08\/arranca-en-tamaulipas-la-feria-nacional-de-empleo-para-la-inclusion-laboral-de-la-juventud-2022\/","title":{"rendered":"Arranca en Tamaulipas la Feria Nacional de Empleo para la Inclusi\u00f3n Laboral de la Juventud 2022"},"content":{"rendered":"<p><em><strong>El Gobernador, Francisco Garc\u00eda Cabeza de Vaca, sigue fortaleciendo la vinculaci\u00f3n con las empresas, y ofrecer as\u00ed las vacantes disponibles para todos los perfiles.<\/strong><\/em><\/p>\n<p style=\"text-align: right;\">ST-010-2022<\/p>\n<p>Agosto 15 del 2022<\/p>\n<p style=\"text-align: justify;\">Ciudad Victoria, Tamaulipas.- En el marco de la celebraci\u00f3n por el D\u00eda Internacional de la Juventud, el Gobierno de Tamaulipas, a trav\u00e9s de la Secretar\u00eda del Trabajo, dar\u00e1 arranque a la Feria Nacional de Empleo para la Inclusi\u00f3n Laboral de la Juventud 2022.<\/p>\n<p style=\"text-align: justify;\">Del 16 al 25 de agosto, el Servicio Nacional de Empleo Tamaulipas, realizar\u00e1 5 actividades de manera presencial, en las que participar\u00e1n m\u00e1s de 163 empresas y se ofertar\u00e1n m\u00e1s de mil 932 vacantes de trabajo.<\/p>\n<p style=\"text-align: justify;\">Tamaulipas se suma a las acciones que ser\u00e1n desarrolladas en las 32 entidades federativas, buscando brindar oportunidades de trabajo a las y los j\u00f3venes, que les ayuden a generar y garantizar seguridad y bienestar.<\/p>\n<p style=\"text-align: justify;\">Miguel \u00c1ngel Villarreal Ongay, Secretario del Trabajo, explic\u00f3 que el Gobernador, Francisco Garc\u00eda Cabeza de Vaca, sigue fortaleciendo los v\u00ednculos con las empresas, para ofrecer empleos que contengan las prestaciones de ley, disponibles para todos los perfiles.<\/p>\n<p style=\"text-align: justify;\">\u201cLos j\u00f3venes buscan empleo y est\u00e1n dispuestos a trabajar de manera decidida, por lo tanto es prioridad del gobierno atender a quienes pretenden alcanzar el \u00e9xito laboral\u201d, dijo.<\/p>\n<p style=\"text-align: justify;\">Las ferias se desarrollar\u00e1n en los municipios de Matamoros, Reynosa, Tampico-Altamira-Madero, Nuevo Laredo y Ciudad Victoria, los interesados pueden ingresar y registrarse en la p\u00e1gina <a href=\"http:\/\/ferias.empleo.gob.mx\">ferias.empleo.gob.mx<\/a>, para facilitar su acceso al evento y conocer la oferta de trabajo.<\/p>\n<p style=\"text-align: justify;\">En lo que va de la administraci\u00f3n, se han desarrollado 60 ferias de empleo en diversas modalidades, han participado m\u00e1s de 3 mil 294 empresas, ofertando m\u00e1s de 49 mil 461 vacantes, beneficiando a m\u00e1s de 24 mil 404 personas.<\/p>\n<p style=\"text-align: justify;\">Las Ferias de Empleo siguen siendo un medio de vinculaci\u00f3n directo entre empleadores y buscadores de trabajo; servicio que se ofrece gratuito, para generar oportunidades, como vivienda digna, educaci\u00f3n y salud.<\/p>\n<p>&nbsp;<\/p>\n<p style=\"text-align: center;\">###<\/p>\n<p>&nbsp;<\/p>\n<div class='owl-gallery'><div class='item'><a href='https:\/\/www.tamaulipas.gob.mx\/trabajo\/wp-content\/uploads\/sites\/11\/2022\/08\/boletin_feria_nac-1.jpeg' rel='galeria'><img src='https:\/\/www.tamaulipas.gob.mx\/trabajo\/wp-content\/uploads\/sites\/11\/2022\/08\/boletin_feria_nac-1-850x500.jpeg' srcset='' sizes='auto' alt=''><\/a><figcaption><\/figcaption><\/div><div class='item'><a href='https:\/\/www.tamaulipas.gob.mx\/trabajo\/wp-content\/uploads\/sites\/11\/2022\/08\/boletin_feria_nac-2.jpeg' rel='galeria'><img src='https:\/\/www.tamaulipas.gob.mx\/trabajo\/wp-content\/uploads\/sites\/11\/2022\/08\/boletin_feria_nac-2-850x500.jpeg' srcset='' sizes='auto' alt=''><\/a><figcaption><\/figcaption><\/div><div class='item'><a href='https:\/\/www.tamaulipas.gob.mx\/trabajo\/wp-content\/uploads\/sites\/11\/2022\/08\/boletin_feria_nac-3.jpeg' rel='galeria'><img src='https:\/\/www.tamaulipas.gob.mx\/trabajo\/wp-content\/uploads\/sites\/11\/2022\/08\/boletin_feria_nac-3-850x500.jpeg' srcset='' sizes='auto' alt=''><\/a><figcaption><\/figcaption><\/div><div class='item'><a href='https:\/\/www.tamaulipas.gob.mx\/trabajo\/wp-content\/uploads\/sites\/11\/2022\/08\/boletin_feria_nac-4.jpeg' rel='galeria'><img src='https:\/\/www.tamaulipas.gob.mx\/trabajo\/wp-content\/uploads\/sites\/11\/2022\/08\/boletin_feria_nac-4-850x500.jpeg' srcset='' sizes='auto' alt=''><\/a><figcaption><\/figcaption><\/div><div class='item'><a href='https:\/\/www.tamaulipas.gob.mx\/trabajo\/wp-content\/uploads\/sites\/11\/2022\/08\/boletin_feria_nac-5.jpeg' rel='galeria'><img src='https:\/\/www.tamaulipas.gob.mx\/trabajo\/wp-content\/uploads\/sites\/11\/2022\/08\/boletin_feria_nac-5-850x500.jpeg' srcset='' sizes='auto' alt=''><\/a><figcaption><\/figcaption><\/div><\/div>\n","protected":false},"excerpt":{"rendered":"<p>El Gobernador, Francisco Garc\u00eda Cabeza de Vaca, sigue fortaleciendo la vinculaci\u00f3n con las empresas, y ofrecer as\u00ed las vacantes disponibles para todos los perfiles. ST-010-2022\u2026<\/p>\n","protected":false},"author":63,"featured_media":2334,"comment_status":"closed","ping_status":"closed","sticky":false,"template":"","format":"standard","meta":{"footnotes":""},"categories":[1],"tags":[],"class_list":["post-2329","post","type-post","status-publish","format-standard","has-post-thumbnail","hentry","category-prensa"],"publishpress_future_action":{"enabled":false,"date":"2026-05-08 16:13:05","action":"change-status","newStatus":"draft","terms":[],"taxonomy":"category"},"_links":{"self":[{"href":"https:\/\/www.tamaulipas.gob.mx\/trabajo\/wp-json\/wp\/v2\/posts\/2329"}],"collection":[{"href":"https:\/\/www.tamaulipas.gob.mx\/trabajo\/wp-json\/wp\/v2\/posts"}],"about":[{"href":"https:\/\/www.tamaulipas.gob.mx\/trabajo\/wp-json\/wp\/v2\/types\/post"}],"author":[{"embeddable":true,"href":"https:\/\/www.tamaulipas.gob.mx\/trabajo\/wp-json\/wp\/v2\/users\/63"}],"replies":[{"embeddable":true,"href":"https:\/\/www.tamaulipas.gob.mx\/trabajo\/wp-json\/wp\/v2\/comments?post=2329"}],"version-history":[{"count":1,"href":"https:\/\/www.tamaulipas.gob.mx\/trabajo\/wp-json\/wp\/v2\/posts\/2329\/revisions"}],"predecessor-version":[{"id":2335,"href":"https:\/\/www.tamaulipas.gob.mx\/trabajo\/wp-json\/wp\/v2\/posts\/2329\/revisions\/2335"}],"wp:featuredmedia":[{"embeddable":true,"href":"https:\/\/www.tamaulipas.gob.mx\/trabajo\/wp-json\/wp\/v2\/media\/2334"}],"wp:attachment":[{"href":"https:\/\/www.tamaulipas.gob.mx\/trabajo\/wp-json\/wp\/v2\/media?parent=2329"}],"wp:term":[{"taxonomy":"category","embeddable":true,"href":"https:\/\/www.tamaulipas.gob.mx\/trabajo\/wp-json\/wp\/v2\/categories?post=2329"},{"taxonomy":"post_tag","embeddable":true,"href":"https:\/\/www.tamaulipas.gob.mx\/trabajo\/wp-json\/wp\/v2\/tags?post=2329"}],"curies":[{"name":"wp","href":"https:\/\/api.w.org\/{rel}","templated":true}]}}