{"id":2321,"date":"2022-07-20T22:00:33","date_gmt":"2022-07-21T03:00:33","guid":{"rendered":"https:\/\/www.tamaulipas.gob.mx\/trabajo\/?p=2321"},"modified":"2022-08-02T11:09:13","modified_gmt":"2022-08-02T16:09:13","slug":"impulsa-tamaulipas-mecanismo-de-vinculacion-laboral-y-oferta-mas-de-6-mil-vacantes-durante-segundo-trimestre-del-2022","status":"publish","type":"post","link":"https:\/\/www.tamaulipas.gob.mx\/trabajo\/2022\/07\/impulsa-tamaulipas-mecanismo-de-vinculacion-laboral-y-oferta-mas-de-6-mil-vacantes-durante-segundo-trimestre-del-2022\/","title":{"rendered":"Impulsa Tamaulipas mecanismo de Vinculaci\u00f3n Laboral y oferta m\u00e1s de 6 mil vacantes durante segundo trimestre del 2022"},"content":{"rendered":"<p><em><strong>El Gobernador, Francisco Garc\u00eda Cabeza de Vaca, contribuye junto con las empresas y comercios, a trazar rutas y mantener el crecimiento econ\u00f3mico del estado.<\/strong><\/em><\/p>\n<p style=\"text-align: right;\">ST-009-2022<\/p>\n<p>Julio 20 del 2022<\/p>\n<p style=\"text-align: justify;\">Ciudad, Victoria, Tamaulipas.- A trav\u00e9s del servicio de vinculaci\u00f3n laboral, el Gobierno de Tamaulipas, genera oportunidades de trabajo formal, para garantizar a sus habitantes seguridad social y vivienda digna, dijo el Secretario del Trabajo, Miguel \u00c1ngel Villarreal Ongay.<\/p>\n<p style=\"text-align: justify;\">De acuerdo al funcionario, en lo que va del 2022, a trav\u00e9s del Servicio Nacional de Empleo Tamaulipas, se han puesto a disposici\u00f3n de los tamaulipecos, m\u00e1s de 6 mil 950 vacantes nuevas y permanentes, lo que ha propiciado las condiciones de bienestar para todos.<\/p>\n<p style=\"text-align: justify;\">\u201cEn Tamaulipas hay oferta de trabajo formal generado por el sector productivo, y con las pol\u00edticas p\u00fablicas, el Gobernador, Francisco Garc\u00eda Cabeza de Vaca, contribuye junto con las empresas y comercios, a trazar rutas y mantener el crecimiento econ\u00f3mico del estado\u201d, dijo.<\/p>\n<p style=\"text-align: justify;\">Derivado al Programa de Apoyo al Empleo (PAE), las personas cuentan con Bolsa de Trabajo y la oferta de vacantes en el extranjero, Ferias de Empleo, Talleres para Buscadores de Empleo (TBE) y la Red de Vinculaci\u00f3n Laboral, en los que se ofrece orientaci\u00f3n y asesor\u00eda ocupacional as\u00ed como informaci\u00f3n para una colocaci\u00f3n eficaz y adecuada.<\/p>\n<p style=\"text-align: justify;\">El encargado de la pol\u00edtica laboral, expres\u00f3 que el mandatario sigue impulsando los mecanismos de vinculaci\u00f3n laboral y el trabajo conjunto con el sector empresarial, para elevar la calidad de vida de los trabajadores.<\/p>\n<p style=\"text-align: justify;\">Invit\u00f3 a los tamaulipecos a que se acerquen a las unidades regionales del SNETam y aprovechen los servicios gratuitos que en ellos se ofrecen.<\/p>\n<p>&nbsp;<\/p>\n<p style=\"text-align: center;\">###<\/p>\n<p>&nbsp;<\/p>\n<div class='owl-gallery'><div class='item'><a href='https:\/\/www.tamaulipas.gob.mx\/trabajo\/wp-content\/uploads\/sites\/11\/2022\/08\/boletin-6milvacantes-1.jpeg' rel='galeria'><img src='https:\/\/www.tamaulipas.gob.mx\/trabajo\/wp-content\/uploads\/sites\/11\/2022\/08\/boletin-6milvacantes-1-850x500.jpeg' srcset='' sizes='auto' alt=''><\/a><figcaption><\/figcaption><\/div><div class='item'><a href='https:\/\/www.tamaulipas.gob.mx\/trabajo\/wp-content\/uploads\/sites\/11\/2022\/08\/boletin-6milvacantes-2.jpeg' rel='galeria'><img src='https:\/\/www.tamaulipas.gob.mx\/trabajo\/wp-content\/uploads\/sites\/11\/2022\/08\/boletin-6milvacantes-2-850x500.jpeg' srcset='' sizes='auto' alt=''><\/a><figcaption><\/figcaption><\/div><div class='item'><a href='https:\/\/www.tamaulipas.gob.mx\/trabajo\/wp-content\/uploads\/sites\/11\/2022\/08\/boletin-6milvacantes-3.jpeg' rel='galeria'><img src='https:\/\/www.tamaulipas.gob.mx\/trabajo\/wp-content\/uploads\/sites\/11\/2022\/08\/boletin-6milvacantes-3-850x500.jpeg' srcset='' sizes='auto' alt=''><\/a><figcaption><\/figcaption><\/div><div class='item'><a href='https:\/\/www.tamaulipas.gob.mx\/trabajo\/wp-content\/uploads\/sites\/11\/2022\/08\/boletin-6milvacantes-4.jpeg' rel='galeria'><img src='https:\/\/www.tamaulipas.gob.mx\/trabajo\/wp-content\/uploads\/sites\/11\/2022\/08\/boletin-6milvacantes-4-850x500.jpeg' srcset='' sizes='auto' alt=''><\/a><figcaption><\/figcaption><\/div><div class='item'><a href='https:\/\/www.tamaulipas.gob.mx\/trabajo\/wp-content\/uploads\/sites\/11\/2022\/08\/boletin-6milvacantes-5.jpeg' rel='galeria'><img src='https:\/\/www.tamaulipas.gob.mx\/trabajo\/wp-content\/uploads\/sites\/11\/2022\/08\/boletin-6milvacantes-5-850x500.jpeg' srcset='' sizes='auto' alt=''><\/a><figcaption><\/figcaption><\/div><\/div>\n","protected":false},"excerpt":{"rendered":"<p>El Gobernador, Francisco Garc\u00eda Cabeza de Vaca, contribuye junto con las empresas y comercios, a trazar rutas y mantener el crecimiento econ\u00f3mico del estado. ST-009-2022\u2026<\/p>\n","protected":false},"author":63,"featured_media":2325,"comment_status":"closed","ping_status":"closed","sticky":false,"template":"","format":"standard","meta":{"footnotes":""},"categories":[1],"tags":[],"class_list":["post-2321","post","type-post","status-publish","format-standard","has-post-thumbnail","hentry","category-prensa"],"publishpress_future_action":{"enabled":false,"date":"2026-05-08 16:14:36","action":"change-status","newStatus":"draft","terms":[],"taxonomy":"category"},"_links":{"self":[{"href":"https:\/\/www.tamaulipas.gob.mx\/trabajo\/wp-json\/wp\/v2\/posts\/2321"}],"collection":[{"href":"https:\/\/www.tamaulipas.gob.mx\/trabajo\/wp-json\/wp\/v2\/posts"}],"about":[{"href":"https:\/\/www.tamaulipas.gob.mx\/trabajo\/wp-json\/wp\/v2\/types\/post"}],"author":[{"embeddable":true,"href":"https:\/\/www.tamaulipas.gob.mx\/trabajo\/wp-json\/wp\/v2\/users\/63"}],"replies":[{"embeddable":true,"href":"https:\/\/www.tamaulipas.gob.mx\/trabajo\/wp-json\/wp\/v2\/comments?post=2321"}],"version-history":[{"count":1,"href":"https:\/\/www.tamaulipas.gob.mx\/trabajo\/wp-json\/wp\/v2\/posts\/2321\/revisions"}],"predecessor-version":[{"id":2327,"href":"https:\/\/www.tamaulipas.gob.mx\/trabajo\/wp-json\/wp\/v2\/posts\/2321\/revisions\/2327"}],"wp:featuredmedia":[{"embeddable":true,"href":"https:\/\/www.tamaulipas.gob.mx\/trabajo\/wp-json\/wp\/v2\/media\/2325"}],"wp:attachment":[{"href":"https:\/\/www.tamaulipas.gob.mx\/trabajo\/wp-json\/wp\/v2\/media?parent=2321"}],"wp:term":[{"taxonomy":"category","embeddable":true,"href":"https:\/\/www.tamaulipas.gob.mx\/trabajo\/wp-json\/wp\/v2\/categories?post=2321"},{"taxonomy":"post_tag","embeddable":true,"href":"https:\/\/www.tamaulipas.gob.mx\/trabajo\/wp-json\/wp\/v2\/tags?post=2321"}],"curies":[{"name":"wp","href":"https:\/\/api.w.org\/{rel}","templated":true}]}}