{"id":2310,"date":"2022-07-01T22:00:34","date_gmt":"2022-07-02T03:00:34","guid":{"rendered":"https:\/\/www.tamaulipas.gob.mx\/trabajo\/?p=2310"},"modified":"2022-07-05T15:42:28","modified_gmt":"2022-07-05T20:42:28","slug":"452-tamaulipecos-laboran-en-eua-canada-y-alemania-fueron-favorecidos-con-el-programa-de-movilidad-laboral","status":"publish","type":"post","link":"https:\/\/www.tamaulipas.gob.mx\/trabajo\/2022\/07\/452-tamaulipecos-laboran-en-eua-canada-y-alemania-fueron-favorecidos-con-el-programa-de-movilidad-laboral\/","title":{"rendered":"452 tamaulipecos laboran en EUA, Canad\u00e1 y Alemania, fueron favorecidos con el programa de Movilidad Laboral"},"content":{"rendered":"<p><em><strong>\u201cEl Gobernador, Francisco Garc\u00eda Cabeza de Vaca, ha generado ambientes para favorecer y mejorar el bienestar social y econ\u00f3mico de las personas y sus familias\u201d.<\/strong><\/em><\/p>\n<p style=\"text-align: right;\">ST-008-2022<\/p>\n<p style=\"text-align: left;\">Julio 01 del 2022<\/p>\n<p style=\"text-align: justify;\">Ciudad, Victoria, Tamaulipas.- Veintisiete trabajadores dedicados a la actividad acu\u00edcola, se suman a la lista de personas contratadas para laborar en Quebec, Canad\u00e1, para el proceso de crust\u00e1ceos y moluscos.<\/p>\n<p style=\"text-align: justify;\">El Gobierno de Tamaulipas, a trav\u00e9s del Servicio Nacional de Empleo, les facilit\u00f3 los tr\u00e1mites para su vinculaci\u00f3n y contrataci\u00f3n, luego de que siete empresas solicitaron sus servicios.<\/p>\n<p style=\"text-align: justify;\">Son trabajadores originarios de Matamoros, Tampico y Altamira, con disponibilidad de migrar de manera temporal al extranjero, para cubrir contratos de 4 a 9 meses.<\/p>\n<p style=\"text-align: justify;\">Miguel \u00c1ngel Villarreal Ongay, Secretario del Trabajo, dijo que los buscadores de empleo, adscritos al programa Mecanismo de Movilidad Laboral, han obtenido un trabajo seguro, ordenado y legal, en pa\u00edses de Estados Unidos, Canad\u00e1 y Alemania.<\/p>\n<p style=\"text-align: justify;\">\u201cEl Gobernador, Francisco Garc\u00eda Cabeza de Vaca, ha generado ambientes para favorecer y mejorar el bienestar social y econ\u00f3mico de las personas y sus familias\u201d, explic\u00f3.<\/p>\n<p style=\"text-align: justify;\">En lo que va de la administraci\u00f3n, m\u00e1s de 452 personas han migrado de manera temporal a otros pa\u00edses, ocupando vacantes como cocineros, soldadores, tapiceros, conductores de veh\u00edculo pesado, operadores de l\u00ednea, ingenier\u00eda mec\u00e1nica o enfermer\u00eda.<\/p>\n<p style=\"text-align: justify;\">En el caso de la vacante para enfermer\u00eda, recientemente fueron seleccionados: 2 trabajadores de Nuevo Laredo, 2 de Tampico y 1 de Ciudad Victoria, quienes est\u00e1n en el proceso de aprobaci\u00f3n del curso del idioma alem\u00e1n, y se sumar\u00e1n a los 7 que ya laboran en Alemania.<\/p>\n<p style=\"text-align: justify;\">Dentro de la Movilidad Laboral, se espera para el mes de septiembre, la re-contrataci\u00f3n de 12 trabajadores de San Carlos, El Mante, Reynosa, Jaumave, Tula y San Fernando, para trabajar en la cosecha de tomate, en Naples, Florida, Estados Unidos.<\/p>\n<h3 style=\"text-align: center;\"><\/h3>\n<p style=\"text-align: center;\">###<\/p>\n<div class='owl-gallery'><div class='item'><a href='https:\/\/www.tamaulipas.gob.mx\/trabajo\/wp-content\/uploads\/sites\/11\/2022\/07\/boletin_mov_laboral-1.jpeg' rel='galeria'><img src='https:\/\/www.tamaulipas.gob.mx\/trabajo\/wp-content\/uploads\/sites\/11\/2022\/07\/boletin_mov_laboral-1-850x500.jpeg' srcset='' sizes='auto' alt=''><\/a><figcaption><\/figcaption><\/div><div class='item'><a href='https:\/\/www.tamaulipas.gob.mx\/trabajo\/wp-content\/uploads\/sites\/11\/2022\/07\/boletin_mov_laboral-2.jpeg' rel='galeria'><img src='https:\/\/www.tamaulipas.gob.mx\/trabajo\/wp-content\/uploads\/sites\/11\/2022\/07\/boletin_mov_laboral-2-850x500.jpeg' srcset='' sizes='auto' alt=''><\/a><figcaption><\/figcaption><\/div><div class='item'><a href='https:\/\/www.tamaulipas.gob.mx\/trabajo\/wp-content\/uploads\/sites\/11\/2022\/07\/boletin_mov_laboral-3.jpeg' rel='galeria'><img src='https:\/\/www.tamaulipas.gob.mx\/trabajo\/wp-content\/uploads\/sites\/11\/2022\/07\/boletin_mov_laboral-3-850x500.jpeg' srcset='' sizes='auto' alt=''><\/a><figcaption><\/figcaption><\/div><div class='item'><a href='https:\/\/www.tamaulipas.gob.mx\/trabajo\/wp-content\/uploads\/sites\/11\/2022\/07\/boletin_mov_laboral-4.jpeg' rel='galeria'><img src='https:\/\/www.tamaulipas.gob.mx\/trabajo\/wp-content\/uploads\/sites\/11\/2022\/07\/boletin_mov_laboral-4-850x500.jpeg' srcset='' sizes='auto' alt=''><\/a><figcaption><\/figcaption><\/div><div class='item'><a href='https:\/\/www.tamaulipas.gob.mx\/trabajo\/wp-content\/uploads\/sites\/11\/2022\/07\/boletin_mov_laboral-5.jpeg' rel='galeria'><img src='https:\/\/www.tamaulipas.gob.mx\/trabajo\/wp-content\/uploads\/sites\/11\/2022\/07\/boletin_mov_laboral-5-850x500.jpeg' srcset='' sizes='auto' alt=''><\/a><figcaption><\/figcaption><\/div><div class='item'><a href='https:\/\/www.tamaulipas.gob.mx\/trabajo\/wp-content\/uploads\/sites\/11\/2022\/07\/boletin_mov_laboral-6.jpeg' rel='galeria'><img src='https:\/\/www.tamaulipas.gob.mx\/trabajo\/wp-content\/uploads\/sites\/11\/2022\/07\/boletin_mov_laboral-6-850x500.jpeg' srcset='' sizes='auto' alt=''><\/a><figcaption><\/figcaption><\/div><div class='item'><a href='https:\/\/www.tamaulipas.gob.mx\/trabajo\/wp-content\/uploads\/sites\/11\/2022\/07\/boletin_mov_laboral-7.jpeg' rel='galeria'><img src='https:\/\/www.tamaulipas.gob.mx\/trabajo\/wp-content\/uploads\/sites\/11\/2022\/07\/boletin_mov_laboral-7-850x500.jpeg' srcset='' sizes='auto' alt=''><\/a><figcaption><\/figcaption><\/div><\/div>\n","protected":false},"excerpt":{"rendered":"<p>\u201cEl Gobernador, Francisco Garc\u00eda Cabeza de Vaca, ha generado ambientes para favorecer y mejorar el bienestar social y econ\u00f3mico de las personas y sus familias\u201d.\u2026<\/p>\n","protected":false},"author":63,"featured_media":2313,"comment_status":"closed","ping_status":"closed","sticky":false,"template":"","format":"standard","meta":{"footnotes":""},"categories":[1],"tags":[],"class_list":["post-2310","post","type-post","status-publish","format-standard","has-post-thumbnail","hentry","category-prensa"],"publishpress_future_action":{"enabled":false,"date":"2026-05-08 16:13:49","action":"change-status","newStatus":"draft","terms":[],"taxonomy":"category"},"_links":{"self":[{"href":"https:\/\/www.tamaulipas.gob.mx\/trabajo\/wp-json\/wp\/v2\/posts\/2310"}],"collection":[{"href":"https:\/\/www.tamaulipas.gob.mx\/trabajo\/wp-json\/wp\/v2\/posts"}],"about":[{"href":"https:\/\/www.tamaulipas.gob.mx\/trabajo\/wp-json\/wp\/v2\/types\/post"}],"author":[{"embeddable":true,"href":"https:\/\/www.tamaulipas.gob.mx\/trabajo\/wp-json\/wp\/v2\/users\/63"}],"replies":[{"embeddable":true,"href":"https:\/\/www.tamaulipas.gob.mx\/trabajo\/wp-json\/wp\/v2\/comments?post=2310"}],"version-history":[{"count":2,"href":"https:\/\/www.tamaulipas.gob.mx\/trabajo\/wp-json\/wp\/v2\/posts\/2310\/revisions"}],"predecessor-version":[{"id":2319,"href":"https:\/\/www.tamaulipas.gob.mx\/trabajo\/wp-json\/wp\/v2\/posts\/2310\/revisions\/2319"}],"wp:featuredmedia":[{"embeddable":true,"href":"https:\/\/www.tamaulipas.gob.mx\/trabajo\/wp-json\/wp\/v2\/media\/2313"}],"wp:attachment":[{"href":"https:\/\/www.tamaulipas.gob.mx\/trabajo\/wp-json\/wp\/v2\/media?parent=2310"}],"wp:term":[{"taxonomy":"category","embeddable":true,"href":"https:\/\/www.tamaulipas.gob.mx\/trabajo\/wp-json\/wp\/v2\/categories?post=2310"},{"taxonomy":"post_tag","embeddable":true,"href":"https:\/\/www.tamaulipas.gob.mx\/trabajo\/wp-json\/wp\/v2\/tags?post=2310"}],"curies":[{"name":"wp","href":"https:\/\/api.w.org\/{rel}","templated":true}]}}