{"id":2296,"date":"2022-06-08T22:00:52","date_gmt":"2022-06-09T03:00:52","guid":{"rendered":"https:\/\/www.tamaulipas.gob.mx\/trabajo\/?p=2296"},"modified":"2022-06-10T10:58:57","modified_gmt":"2022-06-10T15:58:57","slug":"tamaulipas-alista-apertura-del-centro-de-conciliacion-laboral-mantiene-abierta-convocatoria-para-eleccion-de-conciliadores","status":"publish","type":"post","link":"https:\/\/www.tamaulipas.gob.mx\/trabajo\/2022\/06\/tamaulipas-alista-apertura-del-centro-de-conciliacion-laboral-mantiene-abierta-convocatoria-para-eleccion-de-conciliadores\/","title":{"rendered":"Tamaulipas alista apertura del Centro de Conciliaci\u00f3n Laboral, mantiene abierta convocatoria para elecci\u00f3n de conciliadores"},"content":{"rendered":"<p><em><strong>\u201cEl Gobernador, Francisco Garc\u00eda Cabeza de Vaca, permite la participaci\u00f3n de las y los tamaulipecos, para seguir salvaguardando los derechos laborales de los trabajadores as\u00ed como de los empleadores\u201d.<\/strong><\/em><\/p>\n<p style=\"text-align: right;\">ST-007-2022<\/p>\n<p>Junio 08 del 2022<\/p>\n<p style=\"text-align: justify;\">Ciudad Victoria, Tamaulipas.- La Secretar\u00eda del Trabajo mantiene abierta la convocatoria para la elecci\u00f3n de conciliadores que habr\u00e1n de formar parte del Centro de Conciliaci\u00f3n Laboral del Estado de Tamaulipas (CCLTAM).<\/p>\n<p style=\"text-align: justify;\">El pasado 30 de mayo, fue publicada la oferta de 20 plazas disponibles para los Centros de Conciliaci\u00f3n contemplados en los municipios de Reynosa, Matamoros, Nuevo Laredo, Ciudad Victoria, El Mante y Tampico, que habr\u00e1n de iniciar operaciones durante el mes de septiembre.<\/p>\n<p style=\"text-align: justify;\">El Centro busca a personas id\u00f3neas que den resoluci\u00f3n a los asuntos laborales, tal como lo establece el Nuevo Modelo de Justicia Laboral.<\/p>\n<p style=\"text-align: justify;\">Tamaulipas forma parte de la tercera y \u00faltima etapa para la implementaci\u00f3n de la Reforma Laboral, y con la puesta en funcionamiento del Centro de Conciliaci\u00f3n, se pretende generar la cultura de la conciliaci\u00f3n y una resoluci\u00f3n efectiva a los conflictos.<\/p>\n<p style=\"text-align: justify;\">Miguel \u00c1ngel Villarreal Ongay, Secretario del Trabajo, dijo que el Organismo P\u00fablico Descentralizado (OPD), trabajar\u00e1 junto con los Tribunales Laborales, pertenecientes al Poder Judicial del Estado o Federaci\u00f3n.<\/p>\n<p style=\"text-align: justify;\">\u201cCon la implementaci\u00f3n de las nuevas pol\u00edticas laborales, enfocadas a la igualdad de oportunidades y libres de discriminaci\u00f3n, el Gobernador, Francisco Garc\u00eda Cabeza de Vaca, permite la participaci\u00f3n de las y los tamaulipecos, para seguir salvaguardando los derechos laborales de los trabajadores as\u00ed como de los empleadores\u201d, dijo.<\/p>\n<p style=\"text-align: justify;\">El proceso de registro de las y los interesados, deber\u00e1 ser mediante el env\u00edo de documentaci\u00f3n: curr\u00edculum vitae, documento que acredite el grado acad\u00e9mico y experiencia laboral, carta protesta de decir verdad, acta de nacimiento, t\u00edtulo, c\u00e9dula profesional y comprobante de domicilio, al correo: aspirantes.ccl@tam.gob.mx.<\/p>\n<p style=\"text-align: justify;\">La selecci\u00f3n o reclutamiento de los candidatos a ocupar el puesto estar\u00e1 a cargo de un comit\u00e9 que deber\u00e1 contemplar los principios de igualdad, imparcialidad, equidad, transparencia y legalidad, valoraci\u00f3n de competencias y aplicaci\u00f3n de instrumentos t\u00e9cnicos.<\/p>\n<p style=\"text-align: justify;\">El Centro de Conciliaci\u00f3n Laboral de Tamaulipas, contar\u00e1 con profesionistas, certificados quienes desempe\u00f1en funciones encaminadas a vigilar el respeto a los derechos sindicales y los intereses colectivos de los trabajadores a trav\u00e9s de procesos libres y democr\u00e1ticos.<\/p>\n<p>&nbsp;<\/p>\n<p style=\"text-align: center;\">###<\/p>\n<p>&nbsp;<\/p>\n<div class='owl-gallery'><div class='item'><a href='https:\/\/www.tamaulipas.gob.mx\/trabajo\/wp-content\/uploads\/sites\/11\/2022\/06\/boletin-007-ccltam-1.jpeg' rel='galeria'><img src='https:\/\/www.tamaulipas.gob.mx\/trabajo\/wp-content\/uploads\/sites\/11\/2022\/06\/boletin-007-ccltam-1-850x500.jpeg' srcset='' sizes='auto' alt=''><\/a><figcaption><\/figcaption><\/div><div class='item'><a href='https:\/\/www.tamaulipas.gob.mx\/trabajo\/wp-content\/uploads\/sites\/11\/2022\/06\/boletin-007-ccltam-2.jpeg' rel='galeria'><img src='https:\/\/www.tamaulipas.gob.mx\/trabajo\/wp-content\/uploads\/sites\/11\/2022\/06\/boletin-007-ccltam-2-850x500.jpeg' srcset='' sizes='auto' alt=''><\/a><figcaption><\/figcaption><\/div><div class='item'><a href='https:\/\/www.tamaulipas.gob.mx\/trabajo\/wp-content\/uploads\/sites\/11\/2022\/06\/boletin-007-ccltam-3.jpeg' rel='galeria'><img src='https:\/\/www.tamaulipas.gob.mx\/trabajo\/wp-content\/uploads\/sites\/11\/2022\/06\/boletin-007-ccltam-3-850x500.jpeg' srcset='' sizes='auto' alt=''><\/a><figcaption><\/figcaption><\/div><div class='item'><a href='https:\/\/www.tamaulipas.gob.mx\/trabajo\/wp-content\/uploads\/sites\/11\/2022\/06\/boletin-007-ccltam-4.jpeg' rel='galeria'><img src='https:\/\/www.tamaulipas.gob.mx\/trabajo\/wp-content\/uploads\/sites\/11\/2022\/06\/boletin-007-ccltam-4-850x500.jpeg' srcset='' sizes='auto' alt=''><\/a><figcaption><\/figcaption><\/div><\/div>\n","protected":false},"excerpt":{"rendered":"<p>\u201cEl Gobernador, Francisco Garc\u00eda Cabeza de Vaca, permite la participaci\u00f3n de las y los tamaulipecos, para seguir salvaguardando los derechos laborales de los trabajadores as\u00ed\u2026<\/p>\n","protected":false},"author":63,"featured_media":2299,"comment_status":"closed","ping_status":"closed","sticky":false,"template":"","format":"standard","meta":{"footnotes":""},"categories":[1],"tags":[],"class_list":["post-2296","post","type-post","status-publish","format-standard","has-post-thumbnail","hentry","category-prensa"],"publishpress_future_action":{"enabled":false,"date":"2026-05-08 16:13:00","action":"change-status","newStatus":"draft","terms":[],"taxonomy":"category"},"_links":{"self":[{"href":"https:\/\/www.tamaulipas.gob.mx\/trabajo\/wp-json\/wp\/v2\/posts\/2296"}],"collection":[{"href":"https:\/\/www.tamaulipas.gob.mx\/trabajo\/wp-json\/wp\/v2\/posts"}],"about":[{"href":"https:\/\/www.tamaulipas.gob.mx\/trabajo\/wp-json\/wp\/v2\/types\/post"}],"author":[{"embeddable":true,"href":"https:\/\/www.tamaulipas.gob.mx\/trabajo\/wp-json\/wp\/v2\/users\/63"}],"replies":[{"embeddable":true,"href":"https:\/\/www.tamaulipas.gob.mx\/trabajo\/wp-json\/wp\/v2\/comments?post=2296"}],"version-history":[{"count":1,"href":"https:\/\/www.tamaulipas.gob.mx\/trabajo\/wp-json\/wp\/v2\/posts\/2296\/revisions"}],"predecessor-version":[{"id":2301,"href":"https:\/\/www.tamaulipas.gob.mx\/trabajo\/wp-json\/wp\/v2\/posts\/2296\/revisions\/2301"}],"wp:featuredmedia":[{"embeddable":true,"href":"https:\/\/www.tamaulipas.gob.mx\/trabajo\/wp-json\/wp\/v2\/media\/2299"}],"wp:attachment":[{"href":"https:\/\/www.tamaulipas.gob.mx\/trabajo\/wp-json\/wp\/v2\/media?parent=2296"}],"wp:term":[{"taxonomy":"category","embeddable":true,"href":"https:\/\/www.tamaulipas.gob.mx\/trabajo\/wp-json\/wp\/v2\/categories?post=2296"},{"taxonomy":"post_tag","embeddable":true,"href":"https:\/\/www.tamaulipas.gob.mx\/trabajo\/wp-json\/wp\/v2\/tags?post=2296"}],"curies":[{"name":"wp","href":"https:\/\/api.w.org\/{rel}","templated":true}]}}