{"id":225,"date":"2017-08-30T16:56:27","date_gmt":"2017-08-30T21:56:27","guid":{"rendered":"http:\/\/www.tamaulipas.gob.mx\/trabajo\/?p=225"},"modified":"2018-05-08T12:02:40","modified_gmt":"2018-05-08T17:02:40","slug":"arranca-la-segunda-etapa-de-las-ferias-de-empleo-en-tamaulipas","status":"publish","type":"post","link":"https:\/\/www.tamaulipas.gob.mx\/trabajo\/2017\/08\/arranca-la-segunda-etapa-de-las-ferias-de-empleo-en-tamaulipas\/","title":{"rendered":"Arranca la Segunda Etapa de las Ferias de Empleo en Tamaulipas"},"content":{"rendered":"<p>Ciudad Victoria, Tamaulipas.- Para generar m\u00e1s empleo en Tamaulipas, el Gobernador del Estado Francisco Garc\u00eda Cabeza de Vaca, dar\u00e1 arranque este 31 de agosto, a la Segunda Etapa de las Ferias de Empleo.<\/p>\n<p>Durante la ocasi\u00f3n, participar\u00e1n m\u00e1s de 457 empresas, quienes est\u00e9n ofertando m\u00e1s de 5 mil 525 vacantes, en los municipios de Reynosa, Matamoros, Nuevo Laredo, Victoria, Tampico, El Mante y Gonz\u00e1lez Tamaulipas.<\/p>\n<p>La Segunda Etapa contempla una Feria Nacional de Empleo y Servicios para J\u00f3venes, una Feria de Empelo para Personas con Capacidades Diferentes y Adultos Mayores y la Primera Feria Regional de Empleo de Movilidad Laboral Agr\u00edcola, as\u00ed como cinco ferias m\u00e1s.<\/p>\n<p>Mar\u00eda Estela Chavira Mart\u00ednez, Secretaria del Trabajo en la entidad, asegur\u00f3 que \u201ces una instrucci\u00f3n del gobernador, redoblar esfuerzos para abatir el desempleo, por lo que se trabaja facilitando y acercando a la poblaci\u00f3n las vacantes que ofertan las empresas\u201d.<\/p>\n<p>En la segunda ronda, se tendr\u00e1 disponible una diversidad de empleos en la industria, comercio, servicios y sector agr\u00edcola, la intenci\u00f3n dijo la funcionaria, es que a trav\u00e9s del trabajo se genere un ingreso econ\u00f3mico, estabilidad y armon\u00eda en el hogar.<\/p>\n<p>\u201cEn Reynosa arrancamos con la segunda ronda de ferias, se nos ha encomendado trabajar de manera inclusiva, para generar un salario mejor remunerado\u201d.<\/p>\n<p>A la fecha, se han efectuado en Tamaulipas siete Ferias Nacionales de Empleo, en ellas se logr\u00f3 la participaci\u00f3n de 409 empresas y la ofertar de 7 mil 526 vacantes, se atendieron a 4 mil 058 personas, mil 550 fueron mujeres y 2 mil 508 hombres, se logr\u00f3 una colocaci\u00f3n de mil 686 personas, 613 mujeres y mil 073 hombres.<\/p>\n<p>Chavira Mart\u00ednez dijo, que la meta para este 2017, es rebasar los 30 mil nuevos empleos formales en la entidad.<\/p>\n","protected":false},"excerpt":{"rendered":"<p>Ciudad Victoria, Tamaulipas.- Para generar m\u00e1s empleo en Tamaulipas, el Gobernador del Estado Francisco Garc\u00eda Cabeza de Vaca, dar\u00e1 arranque este 31 de agosto, a\u2026<\/p>\n","protected":false},"author":63,"featured_media":226,"comment_status":"closed","ping_status":"closed","sticky":false,"template":"","format":"standard","meta":{"footnotes":""},"categories":[1],"tags":[],"class_list":["post-225","post","type-post","status-publish","format-standard","has-post-thumbnail","hentry","category-prensa"],"publishpress_future_action":{"enabled":false,"date":"2026-05-08 03:34:29","action":"change-status","newStatus":"draft","terms":[],"taxonomy":"category"},"_links":{"self":[{"href":"https:\/\/www.tamaulipas.gob.mx\/trabajo\/wp-json\/wp\/v2\/posts\/225"}],"collection":[{"href":"https:\/\/www.tamaulipas.gob.mx\/trabajo\/wp-json\/wp\/v2\/posts"}],"about":[{"href":"https:\/\/www.tamaulipas.gob.mx\/trabajo\/wp-json\/wp\/v2\/types\/post"}],"author":[{"embeddable":true,"href":"https:\/\/www.tamaulipas.gob.mx\/trabajo\/wp-json\/wp\/v2\/users\/63"}],"replies":[{"embeddable":true,"href":"https:\/\/www.tamaulipas.gob.mx\/trabajo\/wp-json\/wp\/v2\/comments?post=225"}],"version-history":[{"count":1,"href":"https:\/\/www.tamaulipas.gob.mx\/trabajo\/wp-json\/wp\/v2\/posts\/225\/revisions"}],"predecessor-version":[{"id":227,"href":"https:\/\/www.tamaulipas.gob.mx\/trabajo\/wp-json\/wp\/v2\/posts\/225\/revisions\/227"}],"wp:featuredmedia":[{"embeddable":true,"href":"https:\/\/www.tamaulipas.gob.mx\/trabajo\/wp-json\/wp\/v2\/media\/226"}],"wp:attachment":[{"href":"https:\/\/www.tamaulipas.gob.mx\/trabajo\/wp-json\/wp\/v2\/media?parent=225"}],"wp:term":[{"taxonomy":"category","embeddable":true,"href":"https:\/\/www.tamaulipas.gob.mx\/trabajo\/wp-json\/wp\/v2\/categories?post=225"},{"taxonomy":"post_tag","embeddable":true,"href":"https:\/\/www.tamaulipas.gob.mx\/trabajo\/wp-json\/wp\/v2\/tags?post=225"}],"curies":[{"name":"wp","href":"https:\/\/api.w.org\/{rel}","templated":true}]}}