{"id":2242,"date":"2022-02-03T12:30:38","date_gmt":"2022-02-03T18:30:38","guid":{"rendered":"https:\/\/www.tamaulipas.gob.mx\/trabajo\/?p=2242"},"modified":"2022-02-03T15:26:12","modified_gmt":"2022-02-03T21:26:12","slug":"supervisa-secretario-del-trabajo-puntos-de-salida-del-programa-vacunacion-transfronteriza","status":"publish","type":"post","link":"https:\/\/www.tamaulipas.gob.mx\/trabajo\/2022\/02\/supervisa-secretario-del-trabajo-puntos-de-salida-del-programa-vacunacion-transfronteriza\/","title":{"rendered":"Supervisa Secretario del Trabajo puntos de salida del Programa Vacunaci\u00f3n Transfronteriza"},"content":{"rendered":"<p><em><strong>Con la segunda etapa de la Vacunaci\u00f3n Transfronteriza, se pretende proveer de 350 mil dosis a las y los tamaulipecos, a fin de disminuir los contagios de la enfermedad.\u00a0<\/strong><\/em><\/p>\n<p style=\"text-align: right;\">ST-006-2022<\/p>\n<p>Febrero 03 del 2022<\/p>\n<p style=\"text-align: justify;\">R\u00edo Bravo, Tamaulipas.- El Secretario del Trabajo, Miguel \u00c1ngel Villarreal Ongay, supervis\u00f3 las acciones del Programa de Vacunaci\u00f3n Transfronteriza, desarrolladas en el municipio de R\u00edo Bravo.<\/p>\n<p style=\"text-align: justify;\">En el Centro de Bienestar y Paz, dio salida a los autobuses que trasladaron a cientos de beneficiarios a Donna, Texas, para la aplicaci\u00f3n de la prueba de ant\u00edgenos Covid-19 y de la vacuna Pfizer.<\/p>\n<p style=\"text-align: justify;\">\u201cLa aplicaci\u00f3n de las vacunas debe de ser una prioridad para todas y todos, solo as\u00ed podremos hacerle frente a esta cuarta ola de contagios\u201d, dijo.<\/p>\n<p style=\"text-align: justify;\">El funcionario record\u00f3 que con la segunda etapa de la Vacunaci\u00f3n Transfronteriza, se pretende proveer de 350 mil dosis a las y los tamaulipecos, a fin de disminuir los contagios de la enfermedad.<\/p>\n<p style=\"text-align: justify;\">Villarreal Ongay, reconoci\u00f3 la disponibilidad y confianza de los asistentes as\u00ed como el trabajo de enfermeras, enfermeros, choferes de transporte y personal involucrado, y los motiv\u00f3 a seguir siendo responsables con su salud y la salud de todos, y a no descuidar las medidas sanitarias en casa o centros de trabajo.<\/p>\n<p>&nbsp;<\/p>\n<p style=\"text-align: center;\">###<\/p>\n<div class='owl-gallery'><div class='item'><a href='https:\/\/www.tamaulipas.gob.mx\/trabajo\/wp-content\/uploads\/sites\/11\/2022\/02\/boletin-vacunacion-transfronter-1.jpeg' rel='galeria'><img src='https:\/\/www.tamaulipas.gob.mx\/trabajo\/wp-content\/uploads\/sites\/11\/2022\/02\/boletin-vacunacion-transfronter-1-850x500.jpeg' srcset='' sizes='auto' alt=''><\/a><figcaption><\/figcaption><\/div><div class='item'><a href='https:\/\/www.tamaulipas.gob.mx\/trabajo\/wp-content\/uploads\/sites\/11\/2022\/02\/boletin-vacunacion-transfronter-2.jpeg' rel='galeria'><img src='https:\/\/www.tamaulipas.gob.mx\/trabajo\/wp-content\/uploads\/sites\/11\/2022\/02\/boletin-vacunacion-transfronter-2-850x500.jpeg' srcset='' sizes='auto' alt=''><\/a><figcaption><\/figcaption><\/div><div class='item'><a href='https:\/\/www.tamaulipas.gob.mx\/trabajo\/wp-content\/uploads\/sites\/11\/2022\/02\/boletin-vacunacion-transfronter-3.jpeg' rel='galeria'><img src='https:\/\/www.tamaulipas.gob.mx\/trabajo\/wp-content\/uploads\/sites\/11\/2022\/02\/boletin-vacunacion-transfronter-3-850x500.jpeg' srcset='' sizes='auto' alt=''><\/a><figcaption><\/figcaption><\/div><div class='item'><a href='https:\/\/www.tamaulipas.gob.mx\/trabajo\/wp-content\/uploads\/sites\/11\/2022\/02\/boletin-vacunacion-transfronter-4.jpeg' rel='galeria'><img src='https:\/\/www.tamaulipas.gob.mx\/trabajo\/wp-content\/uploads\/sites\/11\/2022\/02\/boletin-vacunacion-transfronter-4-850x500.jpeg' srcset='' sizes='auto' alt=''><\/a><figcaption><\/figcaption><\/div><div class='item'><a href='https:\/\/www.tamaulipas.gob.mx\/trabajo\/wp-content\/uploads\/sites\/11\/2022\/02\/boletin-vacunacion-transfronter-5.jpeg' rel='galeria'><img src='https:\/\/www.tamaulipas.gob.mx\/trabajo\/wp-content\/uploads\/sites\/11\/2022\/02\/boletin-vacunacion-transfronter-5-850x500.jpeg' srcset='' sizes='auto' alt=''><\/a><figcaption><\/figcaption><\/div><div class='item'><a href='https:\/\/www.tamaulipas.gob.mx\/trabajo\/wp-content\/uploads\/sites\/11\/2022\/02\/boletin-vacunacion-transfronter-6.jpeg' rel='galeria'><img src='https:\/\/www.tamaulipas.gob.mx\/trabajo\/wp-content\/uploads\/sites\/11\/2022\/02\/boletin-vacunacion-transfronter-6-850x500.jpeg' srcset='' sizes='auto' alt=''><\/a><figcaption><\/figcaption><\/div><\/div>\n","protected":false},"excerpt":{"rendered":"<p>Con la segunda etapa de la Vacunaci\u00f3n Transfronteriza, se pretende proveer de 350 mil dosis a las y los tamaulipecos, a fin de disminuir los\u2026<\/p>\n","protected":false},"author":63,"featured_media":2246,"comment_status":"closed","ping_status":"closed","sticky":false,"template":"","format":"standard","meta":{"footnotes":""},"categories":[1],"tags":[],"class_list":["post-2242","post","type-post","status-publish","format-standard","has-post-thumbnail","hentry","category-prensa"],"publishpress_future_action":{"enabled":false,"date":"2026-05-08 15:58:11","action":"change-status","newStatus":"draft","terms":[],"taxonomy":"category"},"_links":{"self":[{"href":"https:\/\/www.tamaulipas.gob.mx\/trabajo\/wp-json\/wp\/v2\/posts\/2242"}],"collection":[{"href":"https:\/\/www.tamaulipas.gob.mx\/trabajo\/wp-json\/wp\/v2\/posts"}],"about":[{"href":"https:\/\/www.tamaulipas.gob.mx\/trabajo\/wp-json\/wp\/v2\/types\/post"}],"author":[{"embeddable":true,"href":"https:\/\/www.tamaulipas.gob.mx\/trabajo\/wp-json\/wp\/v2\/users\/63"}],"replies":[{"embeddable":true,"href":"https:\/\/www.tamaulipas.gob.mx\/trabajo\/wp-json\/wp\/v2\/comments?post=2242"}],"version-history":[{"count":1,"href":"https:\/\/www.tamaulipas.gob.mx\/trabajo\/wp-json\/wp\/v2\/posts\/2242\/revisions"}],"predecessor-version":[{"id":2249,"href":"https:\/\/www.tamaulipas.gob.mx\/trabajo\/wp-json\/wp\/v2\/posts\/2242\/revisions\/2249"}],"wp:featuredmedia":[{"embeddable":true,"href":"https:\/\/www.tamaulipas.gob.mx\/trabajo\/wp-json\/wp\/v2\/media\/2246"}],"wp:attachment":[{"href":"https:\/\/www.tamaulipas.gob.mx\/trabajo\/wp-json\/wp\/v2\/media?parent=2242"}],"wp:term":[{"taxonomy":"category","embeddable":true,"href":"https:\/\/www.tamaulipas.gob.mx\/trabajo\/wp-json\/wp\/v2\/categories?post=2242"},{"taxonomy":"post_tag","embeddable":true,"href":"https:\/\/www.tamaulipas.gob.mx\/trabajo\/wp-json\/wp\/v2\/tags?post=2242"}],"curies":[{"name":"wp","href":"https:\/\/api.w.org\/{rel}","templated":true}]}}