{"id":2233,"date":"2022-01-26T22:00:47","date_gmt":"2022-01-27T04:00:47","guid":{"rendered":"https:\/\/www.tamaulipas.gob.mx\/trabajo\/?p=2233"},"modified":"2022-01-27T12:22:33","modified_gmt":"2022-01-27T18:22:33","slug":"con-mano-de-obra-calificada-trabajadores-contribuyen-con-el-crecimiento-economico-del-pais-y-tamaulipas","status":"publish","type":"post","link":"https:\/\/www.tamaulipas.gob.mx\/trabajo\/2022\/01\/con-mano-de-obra-calificada-trabajadores-contribuyen-con-el-crecimiento-economico-del-pais-y-tamaulipas\/","title":{"rendered":"Con mano de obra calificada trabajadores contribuyen con el crecimiento econ\u00f3mico del pa\u00eds y Tamaulipas"},"content":{"rendered":"<p><em><strong>La zona sur del estado, tiene una gran demanda de personas con experiencia en maquinarias, equipos o herramientas, y mediante el SNETam, se est\u00e1n facilitando la contrataci\u00f3n de personal.<\/strong><\/em><\/p>\n<p style=\"text-align: right;\">ST-005-2022<\/p>\n<p>Enero 26 del 2022<\/p>\n<p style=\"text-align: justify;\">Tampico, Tamaulipas.- El Gobierno de Tamaulipas, a trav\u00e9s de la Secretar\u00eda del Trabajo, contribuye con el sector empresarial en apoyo a la generaci\u00f3n de empleos, y promueve para los buscadores de trabajo mejores oportunidades y condiciones de vida.<\/p>\n<p style=\"text-align: justify;\">En coordinaci\u00f3n con el Servicio Nacional de Empleo Tamaulipas, se trabaja con la empresa Techint, en el proceso de vinculaci\u00f3n, reclutamiento y selecci\u00f3n de candidatos que cuenten con el perfil requerido para la obra metalmec\u00e1nica.<\/p>\n<p style=\"text-align: justify;\">Miguel \u00c1ngel Villarreal Ongay, encargado de la dependencia laboral, dijo que actualmente la zona sur del estado, tiene una gran demanda de personas con experiencia en maquinarias, equipos o herramientas, y mediante el SNETam, se est\u00e1 facilitando la contrataci\u00f3n de personal.<\/p>\n<p style=\"text-align: justify;\">\u201cEl Gobernador, Francisco Garc\u00eda Cabeza de Vaca, nos solicit\u00f3 brindar todo el apoyo a quienes requieren de nuestros servicios, en estos momentos en Altamira y Tampico, se busca personal para laborar en la Refiner\u00eda de Dos Bocas, en Para\u00edso, Tabasco\u201d, explic\u00f3.<\/p>\n<p style=\"text-align: justify;\">Por medio del SNETam, se busca la incorporaci\u00f3n de por lo menos 3 mil personas, a quienes se les est\u00e1 garantizando un trabajo formal, y las prestaciones establecidas por la Ley Federal del Trabajo.<\/p>\n<p style=\"text-align: justify;\">Villarreal Ongay se\u00f1al\u00f3, que la entidad cuenta con trabajadores con talento, que demuestran su nivel de calidad y compromiso en sus trabajos, y favorecen positivamente en el crecimiento econ\u00f3mico del pa\u00eds y de Tamaulipas.<\/p>\n<p style=\"text-align: justify;\">Explic\u00f3 que con las pol\u00edticas laborales implementadas por el mandatario, los tamaulipecos pueden acceder a empleos remunerados no solo en M\u00e9xico, sino tambi\u00e9n en Estados Unidos, Canad\u00e1 y Alemania.<\/p>\n<p>&nbsp;<\/p>\n<p style=\"text-align: center;\">###<\/p>\n<div class='owl-gallery'><div class='item'><a href='https:\/\/www.tamaulipas.gob.mx\/trabajo\/wp-content\/uploads\/sites\/11\/2022\/01\/reclutamiento_dosbocas-1.jpeg' rel='galeria'><img src='https:\/\/www.tamaulipas.gob.mx\/trabajo\/wp-content\/uploads\/sites\/11\/2022\/01\/reclutamiento_dosbocas-1-850x500.jpeg' srcset='' sizes='auto' alt=''><\/a><figcaption><\/figcaption><\/div><div class='item'><a href='https:\/\/www.tamaulipas.gob.mx\/trabajo\/wp-content\/uploads\/sites\/11\/2022\/01\/reclutamiento_dosbocas-2.jpeg' rel='galeria'><img src='https:\/\/www.tamaulipas.gob.mx\/trabajo\/wp-content\/uploads\/sites\/11\/2022\/01\/reclutamiento_dosbocas-2-850x500.jpeg' srcset='' sizes='auto' alt=''><\/a><figcaption><\/figcaption><\/div><div class='item'><a href='https:\/\/www.tamaulipas.gob.mx\/trabajo\/wp-content\/uploads\/sites\/11\/2022\/01\/reclutamiento_dosbocas-3.jpeg' rel='galeria'><img src='https:\/\/www.tamaulipas.gob.mx\/trabajo\/wp-content\/uploads\/sites\/11\/2022\/01\/reclutamiento_dosbocas-3-850x500.jpeg' srcset='' sizes='auto' alt=''><\/a><figcaption><\/figcaption><\/div><div class='item'><a href='https:\/\/www.tamaulipas.gob.mx\/trabajo\/wp-content\/uploads\/sites\/11\/2022\/01\/reclutamiento_dosbocas-4.jpeg' rel='galeria'><img src='https:\/\/www.tamaulipas.gob.mx\/trabajo\/wp-content\/uploads\/sites\/11\/2022\/01\/reclutamiento_dosbocas-4-850x500.jpeg' srcset='' sizes='auto' alt=''><\/a><figcaption><\/figcaption><\/div><div class='item'><a href='https:\/\/www.tamaulipas.gob.mx\/trabajo\/wp-content\/uploads\/sites\/11\/2022\/01\/reclutamiento_dosbocas-5.jpeg' rel='galeria'><img src='https:\/\/www.tamaulipas.gob.mx\/trabajo\/wp-content\/uploads\/sites\/11\/2022\/01\/reclutamiento_dosbocas-5-850x500.jpeg' srcset='' sizes='auto' alt=''><\/a><figcaption><\/figcaption><\/div><div class='item'><a href='https:\/\/www.tamaulipas.gob.mx\/trabajo\/wp-content\/uploads\/sites\/11\/2022\/01\/reclutamiento_dosbocas-6.jpeg' rel='galeria'><img src='https:\/\/www.tamaulipas.gob.mx\/trabajo\/wp-content\/uploads\/sites\/11\/2022\/01\/reclutamiento_dosbocas-6-850x500.jpeg' srcset='' sizes='auto' alt=''><\/a><figcaption><\/figcaption><\/div><div class='item'><a href='https:\/\/www.tamaulipas.gob.mx\/trabajo\/wp-content\/uploads\/sites\/11\/2022\/01\/reclutamiento_dosbocas-7.jpeg' rel='galeria'><img src='https:\/\/www.tamaulipas.gob.mx\/trabajo\/wp-content\/uploads\/sites\/11\/2022\/01\/reclutamiento_dosbocas-7-850x500.jpeg' srcset='' sizes='auto' alt=''><\/a><figcaption><\/figcaption><\/div><\/div>\n","protected":false},"excerpt":{"rendered":"<p>La zona sur del estado, tiene una gran demanda de personas con experiencia en maquinarias, equipos o herramientas, y mediante el SNETam, se est\u00e1n facilitando\u2026<\/p>\n","protected":false},"author":63,"featured_media":2234,"comment_status":"closed","ping_status":"closed","sticky":false,"template":"","format":"standard","meta":{"footnotes":""},"categories":[1],"tags":[],"class_list":["post-2233","post","type-post","status-publish","format-standard","has-post-thumbnail","hentry","category-prensa"],"publishpress_future_action":{"enabled":false,"date":"2026-05-08 16:13:01","action":"change-status","newStatus":"draft","terms":[],"taxonomy":"category"},"_links":{"self":[{"href":"https:\/\/www.tamaulipas.gob.mx\/trabajo\/wp-json\/wp\/v2\/posts\/2233"}],"collection":[{"href":"https:\/\/www.tamaulipas.gob.mx\/trabajo\/wp-json\/wp\/v2\/posts"}],"about":[{"href":"https:\/\/www.tamaulipas.gob.mx\/trabajo\/wp-json\/wp\/v2\/types\/post"}],"author":[{"embeddable":true,"href":"https:\/\/www.tamaulipas.gob.mx\/trabajo\/wp-json\/wp\/v2\/users\/63"}],"replies":[{"embeddable":true,"href":"https:\/\/www.tamaulipas.gob.mx\/trabajo\/wp-json\/wp\/v2\/comments?post=2233"}],"version-history":[{"count":1,"href":"https:\/\/www.tamaulipas.gob.mx\/trabajo\/wp-json\/wp\/v2\/posts\/2233\/revisions"}],"predecessor-version":[{"id":2241,"href":"https:\/\/www.tamaulipas.gob.mx\/trabajo\/wp-json\/wp\/v2\/posts\/2233\/revisions\/2241"}],"wp:featuredmedia":[{"embeddable":true,"href":"https:\/\/www.tamaulipas.gob.mx\/trabajo\/wp-json\/wp\/v2\/media\/2234"}],"wp:attachment":[{"href":"https:\/\/www.tamaulipas.gob.mx\/trabajo\/wp-json\/wp\/v2\/media?parent=2233"}],"wp:term":[{"taxonomy":"category","embeddable":true,"href":"https:\/\/www.tamaulipas.gob.mx\/trabajo\/wp-json\/wp\/v2\/categories?post=2233"},{"taxonomy":"post_tag","embeddable":true,"href":"https:\/\/www.tamaulipas.gob.mx\/trabajo\/wp-json\/wp\/v2\/tags?post=2233"}],"curies":[{"name":"wp","href":"https:\/\/api.w.org\/{rel}","templated":true}]}}