{"id":2227,"date":"2022-01-19T15:52:17","date_gmt":"2022-01-19T21:52:17","guid":{"rendered":"https:\/\/www.tamaulipas.gob.mx\/trabajo\/?p=2227"},"modified":"2022-01-19T15:53:10","modified_gmt":"2022-01-19T21:53:10","slug":"comunicado-de-la-secretaria-del-trabajo-5","status":"publish","type":"post","link":"https:\/\/www.tamaulipas.gob.mx\/trabajo\/2022\/01\/comunicado-de-la-secretaria-del-trabajo-5\/","title":{"rendered":"Comunicado de la Secretar\u00eda del Trabajo"},"content":{"rendered":"<p><em><strong>Las medidas, han sido establecidas para garantizar el seguimiento de los procesos jur\u00eddicos y preservar la salud de trabajadores y usuarios.<\/strong><\/em><\/p>\n<p style=\"text-align: right;\">ST-004-2022<\/p>\n<p>Enero 19 del 2022<\/p>\n<p style=\"text-align: justify;\">Ciudad Victoria, Tamaulipas.- La Secretar\u00eda del Trabajo, comunica que el Pleno de la Junta Local de Conciliaci\u00f3n y Arbitraje con residencia en Ciudad Victoria, estableci\u00f3 en virtud de la contingencia sanitaria por Covid-19, medidas preventivas para las Juntas Especiales N\u00famero Cuatro y Cinco con residencia en la Ciudad de Reynosa, y la Junta Especial N\u00famero Seis de Matamoros.<\/p>\n<p style=\"text-align: justify;\">Del 17 al 31 de enero del presente a\u00f1o, se suspender\u00e1n labores a usuarios, abogados y p\u00fablico en general, reanudando actividades el 1 de febrero, por lo que solo se recibir\u00e1n convenios laborales dentro y fuera de juicio y ser\u00e1n celebrados por los representantes, procurando la concentraci\u00f3n de personas.<\/p>\n<p style=\"text-align: justify;\">Dentro de la diligencias, no correr\u00e1n los t\u00e9rminos legales en los procedimientos laborales de car\u00e1cter individual.<\/p>\n<p style=\"text-align: justify;\">Las medidas establecidas tienen como fin, garantizar el seguimiento de los procesos jur\u00eddicos, preservar la salud, evitar los juicios, fomentar el acuerdo entre las partes y garantizar los derechos a los trabajadores, as\u00ed como brindar seguridad jur\u00eddica a patrones.<\/p>\n<p style=\"text-align: justify;\">Mediante Acuerdo del Pleno, se establecer\u00e1 en el momento oportuno, la normalizaci\u00f3n de las actividades en cada una de las Juntas.<\/p>\n<p style=\"text-align: center;\">###<\/p>\n<p>&nbsp;<\/p>\n","protected":false},"excerpt":{"rendered":"<p>Las medidas, han sido establecidas para garantizar el seguimiento de los procesos jur\u00eddicos y preservar la salud de trabajadores y usuarios. ST-004-2022 Enero 19 del\u2026<\/p>\n","protected":false},"author":63,"featured_media":2228,"comment_status":"closed","ping_status":"closed","sticky":false,"template":"","format":"standard","meta":{"footnotes":""},"categories":[1],"tags":[],"class_list":["post-2227","post","type-post","status-publish","format-standard","has-post-thumbnail","hentry","category-prensa"],"publishpress_future_action":{"enabled":false,"date":"2026-05-08 15:58:11","action":"change-status","newStatus":"draft","terms":[],"taxonomy":"category"},"_links":{"self":[{"href":"https:\/\/www.tamaulipas.gob.mx\/trabajo\/wp-json\/wp\/v2\/posts\/2227"}],"collection":[{"href":"https:\/\/www.tamaulipas.gob.mx\/trabajo\/wp-json\/wp\/v2\/posts"}],"about":[{"href":"https:\/\/www.tamaulipas.gob.mx\/trabajo\/wp-json\/wp\/v2\/types\/post"}],"author":[{"embeddable":true,"href":"https:\/\/www.tamaulipas.gob.mx\/trabajo\/wp-json\/wp\/v2\/users\/63"}],"replies":[{"embeddable":true,"href":"https:\/\/www.tamaulipas.gob.mx\/trabajo\/wp-json\/wp\/v2\/comments?post=2227"}],"version-history":[{"count":2,"href":"https:\/\/www.tamaulipas.gob.mx\/trabajo\/wp-json\/wp\/v2\/posts\/2227\/revisions"}],"predecessor-version":[{"id":2230,"href":"https:\/\/www.tamaulipas.gob.mx\/trabajo\/wp-json\/wp\/v2\/posts\/2227\/revisions\/2230"}],"wp:featuredmedia":[{"embeddable":true,"href":"https:\/\/www.tamaulipas.gob.mx\/trabajo\/wp-json\/wp\/v2\/media\/2228"}],"wp:attachment":[{"href":"https:\/\/www.tamaulipas.gob.mx\/trabajo\/wp-json\/wp\/v2\/media?parent=2227"}],"wp:term":[{"taxonomy":"category","embeddable":true,"href":"https:\/\/www.tamaulipas.gob.mx\/trabajo\/wp-json\/wp\/v2\/categories?post=2227"},{"taxonomy":"post_tag","embeddable":true,"href":"https:\/\/www.tamaulipas.gob.mx\/trabajo\/wp-json\/wp\/v2\/tags?post=2227"}],"curies":[{"name":"wp","href":"https:\/\/api.w.org\/{rel}","templated":true}]}}