{"id":2217,"date":"2022-01-18T22:00:30","date_gmt":"2022-01-19T04:00:30","guid":{"rendered":"https:\/\/www.tamaulipas.gob.mx\/trabajo\/?p=2217"},"modified":"2022-01-19T13:50:19","modified_gmt":"2022-01-19T19:50:19","slug":"promueve-gobtam-empleo-formal-y-servicios-de-vinculacion-atencion-y-capacitacion-laboral-para-garantizar-el-bienestar-de-los-tamaulipecos","status":"publish","type":"post","link":"https:\/\/www.tamaulipas.gob.mx\/trabajo\/2022\/01\/promueve-gobtam-empleo-formal-y-servicios-de-vinculacion-atencion-y-capacitacion-laboral-para-garantizar-el-bienestar-de-los-tamaulipecos\/","title":{"rendered":"Promueve GobTam empleo formal y servicios de vinculaci\u00f3n, atenci\u00f3n y capacitaci\u00f3n laboral, para garantizar el bienestar de los tamaulipecos"},"content":{"rendered":"<p><em><strong>El Gobernador, Francisco Garc\u00eda Cabeza de Vaca, contin\u00faa implementando estrategias para generar y mantener el empleo formal.<\/strong><\/em><\/p>\n<p style=\"text-align: right;\">ST-003-2022<\/p>\n<p>Enero 18 del 2022<\/p>\n<p style=\"text-align: justify;\">Ciudad, Victoria.- Tamaulipas. M\u00e1s de 48 mil 751 personas se vieron beneficiadas durante el 2021, con los servicios de vinculaci\u00f3n laboral, atenci\u00f3n y capacitaci\u00f3n para la empleabilidad, correspondiente al Programa de Apoyo al Empleo (PAE), operado por el Gobierno de Tamaulipas.<\/p>\n<p style=\"text-align: justify;\">La Secretar\u00eda del Trabajo, en coordinaci\u00f3n con el Servicio Nacional de Empleo Tamaulipas, garantiz\u00f3 para los buscadores de empleo, una fuente de ingresos, para generar y satisfacer sus necesidades personales o familiares.<\/p>\n<p style=\"text-align: justify;\">De acuerdo al titular de la dependencia, Miguel \u00c1ngel Villarreal Ongay, a pesar de la contingencia sanitaria por Covid-19, el Gobernador, Francisco Garc\u00eda Cabeza de Vaca, contin\u00faa implementando estrategias para generar y mantener el empleo formal.<\/p>\n<p style=\"text-align: justify;\">\u201cBrindamos apoyo integral a las personas en su proceso de b\u00fasqueda de empleo, y llevamos a cabo de forma permanente, estado y sector empresarial, las acciones necesarias para permitir una vinculaci\u00f3n e inserci\u00f3n r\u00e1pida al mercado laboral, para seguir reactivando la econom\u00eda\u201d, dijo.<\/p>\n<p style=\"text-align: justify;\">En el mismo periodo, se concert\u00f3 la colocaci\u00f3n de 3 mil 868 personas a un empleo, mediante la Bolsa de Trabajo, Portal de Empleo, Ferias de Empleo, PTAT, Movilidad Externa e Interna y Abriendo Espacios.<\/p>\n<p style=\"text-align: justify;\">As\u00ed mismo se logr\u00f3 brindar atenci\u00f3n complementaria a 3 mil 873 personas mediante el Servicio Telef\u00f3nico, Talleres para Buscadores de Empleo y los Centros de Intermediaci\u00f3n Laboral.<\/p>\n<p style=\"text-align: justify;\">Se brindaron Apoyos de Capacitaci\u00f3n para la Empleabilidad, a 124 personas, mediante 7 cursos: materias de maquila y costura industrial, formaci\u00f3n de operadores de quinta rueda, manufactura en la industria electrodom\u00e9stica y automotriz, en la Modalidad Empresas, Micro y Peque\u00f1as Empresas, Medianas y Grandes Empresas y Capacitaci\u00f3n para el Autoempleo.<\/p>\n<p style=\"text-align: justify;\">Villarreal Ongay, refiri\u00f3 que el SNE Tamaulipas cuenta con siete unidades regionales, en las que se ofrecen servicios gratuitos en materia laboral, a los que pueden acceder todos los tamaulipecos que requieren vincularse a un puesto de trabajo con todas las prestaciones de ley.<\/p>\n<p style=\"text-align: center;\">###<\/p>\n<div class='owl-gallery'><div class='item'><a href='https:\/\/www.tamaulipas.gob.mx\/trabajo\/wp-content\/uploads\/sites\/11\/2022\/01\/boletin_resultados_pae2021-1.jpeg' rel='galeria'><img src='https:\/\/www.tamaulipas.gob.mx\/trabajo\/wp-content\/uploads\/sites\/11\/2022\/01\/boletin_resultados_pae2021-1-850x500.jpeg' srcset='' sizes='auto' alt=''><\/a><figcaption><\/figcaption><\/div><div class='item'><a href='https:\/\/www.tamaulipas.gob.mx\/trabajo\/wp-content\/uploads\/sites\/11\/2022\/01\/boletin_resultados_pae2021-2.jpeg' rel='galeria'><img src='https:\/\/www.tamaulipas.gob.mx\/trabajo\/wp-content\/uploads\/sites\/11\/2022\/01\/boletin_resultados_pae2021-2-850x500.jpeg' srcset='' sizes='auto' alt=''><\/a><figcaption><\/figcaption><\/div><div class='item'><a href='https:\/\/www.tamaulipas.gob.mx\/trabajo\/wp-content\/uploads\/sites\/11\/2022\/01\/boletin_resultados_pae2021-3.jpeg' rel='galeria'><img src='https:\/\/www.tamaulipas.gob.mx\/trabajo\/wp-content\/uploads\/sites\/11\/2022\/01\/boletin_resultados_pae2021-3-850x500.jpeg' srcset='' sizes='auto' alt=''><\/a><figcaption><\/figcaption><\/div><div class='item'><a href='https:\/\/www.tamaulipas.gob.mx\/trabajo\/wp-content\/uploads\/sites\/11\/2022\/01\/boletin_resultados_pae2021-4.jpeg' rel='galeria'><img src='https:\/\/www.tamaulipas.gob.mx\/trabajo\/wp-content\/uploads\/sites\/11\/2022\/01\/boletin_resultados_pae2021-4-850x500.jpeg' srcset='' sizes='auto' alt=''><\/a><figcaption><\/figcaption><\/div><div class='item'><a href='https:\/\/www.tamaulipas.gob.mx\/trabajo\/wp-content\/uploads\/sites\/11\/2022\/01\/boletin_resultados_pae2021-5.jpeg' rel='galeria'><img src='https:\/\/www.tamaulipas.gob.mx\/trabajo\/wp-content\/uploads\/sites\/11\/2022\/01\/boletin_resultados_pae2021-5-850x500.jpeg' srcset='' sizes='auto' alt=''><\/a><figcaption><\/figcaption><\/div><div class='item'><a href='https:\/\/www.tamaulipas.gob.mx\/trabajo\/wp-content\/uploads\/sites\/11\/2022\/01\/boletin_resultados_pae2021-6.jpeg' rel='galeria'><img src='https:\/\/www.tamaulipas.gob.mx\/trabajo\/wp-content\/uploads\/sites\/11\/2022\/01\/boletin_resultados_pae2021-6-850x500.jpeg' srcset='' sizes='auto' alt=''><\/a><figcaption><\/figcaption><\/div><div class='item'><a href='https:\/\/www.tamaulipas.gob.mx\/trabajo\/wp-content\/uploads\/sites\/11\/2022\/01\/boletin_resultados_pae2021-7.jpeg' rel='galeria'><img src='https:\/\/www.tamaulipas.gob.mx\/trabajo\/wp-content\/uploads\/sites\/11\/2022\/01\/boletin_resultados_pae2021-7-850x500.jpeg' srcset='' sizes='auto' alt=''><\/a><figcaption><\/figcaption><\/div><div class='item'><a href='https:\/\/www.tamaulipas.gob.mx\/trabajo\/wp-content\/uploads\/sites\/11\/2022\/01\/boletin_resultados_pae2021-8.jpeg' rel='galeria'><img src='https:\/\/www.tamaulipas.gob.mx\/trabajo\/wp-content\/uploads\/sites\/11\/2022\/01\/boletin_resultados_pae2021-8-850x500.jpeg' srcset='' sizes='auto' alt=''><\/a><figcaption><\/figcaption><\/div><\/div>\n","protected":false},"excerpt":{"rendered":"<p>El Gobernador, Francisco Garc\u00eda Cabeza de Vaca, contin\u00faa implementando estrategias para generar y mantener el empleo formal. ST-003-2022 Enero 18 del 2022 Ciudad, Victoria.- Tamaulipas.\u2026<\/p>\n","protected":false},"author":63,"featured_media":2223,"comment_status":"closed","ping_status":"closed","sticky":false,"template":"","format":"standard","meta":{"footnotes":""},"categories":[1],"tags":[],"class_list":["post-2217","post","type-post","status-publish","format-standard","has-post-thumbnail","hentry","category-prensa"],"publishpress_future_action":{"enabled":false,"date":"2026-05-08 16:14:37","action":"change-status","newStatus":"draft","terms":[],"taxonomy":"category"},"_links":{"self":[{"href":"https:\/\/www.tamaulipas.gob.mx\/trabajo\/wp-json\/wp\/v2\/posts\/2217"}],"collection":[{"href":"https:\/\/www.tamaulipas.gob.mx\/trabajo\/wp-json\/wp\/v2\/posts"}],"about":[{"href":"https:\/\/www.tamaulipas.gob.mx\/trabajo\/wp-json\/wp\/v2\/types\/post"}],"author":[{"embeddable":true,"href":"https:\/\/www.tamaulipas.gob.mx\/trabajo\/wp-json\/wp\/v2\/users\/63"}],"replies":[{"embeddable":true,"href":"https:\/\/www.tamaulipas.gob.mx\/trabajo\/wp-json\/wp\/v2\/comments?post=2217"}],"version-history":[{"count":1,"href":"https:\/\/www.tamaulipas.gob.mx\/trabajo\/wp-json\/wp\/v2\/posts\/2217\/revisions"}],"predecessor-version":[{"id":2226,"href":"https:\/\/www.tamaulipas.gob.mx\/trabajo\/wp-json\/wp\/v2\/posts\/2217\/revisions\/2226"}],"wp:featuredmedia":[{"embeddable":true,"href":"https:\/\/www.tamaulipas.gob.mx\/trabajo\/wp-json\/wp\/v2\/media\/2223"}],"wp:attachment":[{"href":"https:\/\/www.tamaulipas.gob.mx\/trabajo\/wp-json\/wp\/v2\/media?parent=2217"}],"wp:term":[{"taxonomy":"category","embeddable":true,"href":"https:\/\/www.tamaulipas.gob.mx\/trabajo\/wp-json\/wp\/v2\/categories?post=2217"},{"taxonomy":"post_tag","embeddable":true,"href":"https:\/\/www.tamaulipas.gob.mx\/trabajo\/wp-json\/wp\/v2\/tags?post=2217"}],"curies":[{"name":"wp","href":"https:\/\/api.w.org\/{rel}","templated":true}]}}