{"id":2201,"date":"2022-01-04T22:00:40","date_gmt":"2022-01-05T04:00:40","guid":{"rendered":"https:\/\/www.tamaulipas.gob.mx\/trabajo\/?p=2201"},"modified":"2022-01-05T12:35:02","modified_gmt":"2022-01-05T18:35:02","slug":"gobtam-gestiona-mas-de-38-millones-de-pesos-a-favor-de-los-trabajadores-a-traves-de-la-pgdt","status":"publish","type":"post","link":"https:\/\/www.tamaulipas.gob.mx\/trabajo\/2022\/01\/gobtam-gestiona-mas-de-38-millones-de-pesos-a-favor-de-los-trabajadores-a-traves-de-la-pgdt\/","title":{"rendered":"GobTam gestiona m\u00e1s de 38 millones de pesos a favor de los trabajadores a trav\u00e9s de la PGDT"},"content":{"rendered":"<p><em><strong>El Gobernador, Francisco Garc\u00eda Cabeza de Vaca, es respetuoso de la Ley Federal del Trabajo, por lo que solicit\u00f3 seguir velando y defendiendo los derechos de las personas que requieran los servicios en materia laboral.<\/strong><\/em><\/p>\n<p style=\"text-align: right;\">ST-001-2022<\/p>\n<p>Enero 04 del 2022<\/p>\n<p style=\"text-align: justify;\">Ciudad Victoria, Tamaulipas.- M\u00e1s de 38 millones de pesos fueron gestionados en el 2021 por el Gobierno de Tamaulipas, en beneficio de los trabajadores que solicitaron a trav\u00e9s de la Procuradur\u00eda General de la Defensa del Trabajo, formalizar sus prestaciones tras finalizar sus relaciones con sus patrones.<\/p>\n<p style=\"text-align: justify;\">La Secretar\u00eda del Trabajo, durante doce meses, puso a disposici\u00f3n los servicios gratuitos, en los que logr\u00f3 brindar 683 asesor\u00edas, atender 500 demandas y celebrar mil 184 convenios a favor de los trabajadores.<\/p>\n<p style=\"text-align: justify;\">Miguel \u00c1ngel Villarreal Ongay, encargado de la pol\u00edtica laboral, dijo que el Gobernador, Francisco Garc\u00eda Cabeza de Vaca, es respetuoso de la Ley Federal del Trabajo, por lo que solicit\u00f3 seguir velando y defendiendo los derechos de las personas que requieran los servicios en materia laboral.<\/p>\n<p style=\"text-align: justify;\">\u201cEn la procuradur\u00eda contamos con abogados que asesoran y representan jur\u00eddicamente a los trabajadores en sus conflictos, despidos injustificados, o alguna prestaci\u00f3n laboral que no haya sido solventada correctamente por el patr\u00f3n\u201d, apunt\u00f3.<\/p>\n<p style=\"text-align: justify;\">Dio a conocer que en Ciudad Victoria, se resolvieron convenios por m\u00e1s $7, 949,780 pesos, en el municipio de Tampico por m\u00e1s de $2, 237,979 pesos entregados a la clase obrera, en Gonz\u00e1lez por m\u00e1s de $2, 025,551 pesos, y en Matamoros por m\u00e1s de $465, 449 pesos.<\/p>\n<p style=\"text-align: justify;\">Explic\u00f3 que en las 9 procuradur\u00edas ubicadas en los principales municipios de la entidad, fueron atendidas 3 mil 980 personas, de las cuales 2 mil 267 fueron hombres y mil 713 mujeres, y se celebraron mil 874 pl\u00e1ticas conciliatorias.<\/p>\n<p style=\"text-align: justify;\">El funcionario pidi\u00f3 a los trabajadores que requieran ayuda, ya sea por despido injustificado, reclamo por retiro voluntario, pago de prestaciones, reparto de utilidades o aguinaldo, entre otras, acercarse a la Procuradur\u00eda de la Defensa del Trabajo para ser atendidos y dar soluci\u00f3n a sus inconvenientes, y puso a disposici\u00f3n la l\u00ednea telef\u00f3nica (834) 318-1037.<\/p>\n<p style=\"text-align: center;\">###<\/p>\n<div class='owl-gallery'><div class='item'><a href='https:\/\/www.tamaulipas.gob.mx\/trabajo\/wp-content\/uploads\/sites\/11\/2022\/01\/boletin_montosentregados_pgdt-1.jpeg' rel='galeria'><img src='https:\/\/www.tamaulipas.gob.mx\/trabajo\/wp-content\/uploads\/sites\/11\/2022\/01\/boletin_montosentregados_pgdt-1-850x500.jpeg' srcset='' sizes='auto' alt=''><\/a><figcaption><\/figcaption><\/div><div class='item'><a href='https:\/\/www.tamaulipas.gob.mx\/trabajo\/wp-content\/uploads\/sites\/11\/2022\/01\/boletin_montosentregados_pgdt-2.jpeg' rel='galeria'><img src='https:\/\/www.tamaulipas.gob.mx\/trabajo\/wp-content\/uploads\/sites\/11\/2022\/01\/boletin_montosentregados_pgdt-2-850x500.jpeg' srcset='' sizes='auto' alt=''><\/a><figcaption><\/figcaption><\/div><div class='item'><a href='https:\/\/www.tamaulipas.gob.mx\/trabajo\/wp-content\/uploads\/sites\/11\/2022\/01\/boletin_montosentregados_pgdt-3.jpeg' rel='galeria'><img src='https:\/\/www.tamaulipas.gob.mx\/trabajo\/wp-content\/uploads\/sites\/11\/2022\/01\/boletin_montosentregados_pgdt-3-850x500.jpeg' srcset='' sizes='auto' alt=''><\/a><figcaption><\/figcaption><\/div><div class='item'><a href='https:\/\/www.tamaulipas.gob.mx\/trabajo\/wp-content\/uploads\/sites\/11\/2022\/01\/boletin_montosentregados_pgdt-4.jpeg' rel='galeria'><img src='https:\/\/www.tamaulipas.gob.mx\/trabajo\/wp-content\/uploads\/sites\/11\/2022\/01\/boletin_montosentregados_pgdt-4-850x500.jpeg' srcset='' sizes='auto' alt=''><\/a><figcaption><\/figcaption><\/div><div class='item'><a href='https:\/\/www.tamaulipas.gob.mx\/trabajo\/wp-content\/uploads\/sites\/11\/2022\/01\/boletin_montosentregados_pgdt-5.jpeg' rel='galeria'><img src='https:\/\/www.tamaulipas.gob.mx\/trabajo\/wp-content\/uploads\/sites\/11\/2022\/01\/boletin_montosentregados_pgdt-5-850x500.jpeg' srcset='' sizes='auto' alt=''><\/a><figcaption><\/figcaption><\/div><div class='item'><a href='https:\/\/www.tamaulipas.gob.mx\/trabajo\/wp-content\/uploads\/sites\/11\/2022\/01\/boletin_montosentregados_pgdt-6.jpeg' rel='galeria'><img src='https:\/\/www.tamaulipas.gob.mx\/trabajo\/wp-content\/uploads\/sites\/11\/2022\/01\/boletin_montosentregados_pgdt-6-850x500.jpeg' srcset='' sizes='auto' alt=''><\/a><figcaption><\/figcaption><\/div><\/div>\n","protected":false},"excerpt":{"rendered":"<p>El Gobernador, Francisco Garc\u00eda Cabeza de Vaca, es respetuoso de la Ley Federal del Trabajo, por lo que solicit\u00f3 seguir velando y defendiendo los derechos\u2026<\/p>\n","protected":false},"author":63,"featured_media":2204,"comment_status":"closed","ping_status":"closed","sticky":false,"template":"","format":"standard","meta":{"footnotes":""},"categories":[1],"tags":[],"class_list":["post-2201","post","type-post","status-publish","format-standard","has-post-thumbnail","hentry","category-prensa"],"publishpress_future_action":{"enabled":false,"date":"2026-05-08 15:17:02","action":"change-status","newStatus":"draft","terms":[],"taxonomy":"category"},"_links":{"self":[{"href":"https:\/\/www.tamaulipas.gob.mx\/trabajo\/wp-json\/wp\/v2\/posts\/2201"}],"collection":[{"href":"https:\/\/www.tamaulipas.gob.mx\/trabajo\/wp-json\/wp\/v2\/posts"}],"about":[{"href":"https:\/\/www.tamaulipas.gob.mx\/trabajo\/wp-json\/wp\/v2\/types\/post"}],"author":[{"embeddable":true,"href":"https:\/\/www.tamaulipas.gob.mx\/trabajo\/wp-json\/wp\/v2\/users\/63"}],"replies":[{"embeddable":true,"href":"https:\/\/www.tamaulipas.gob.mx\/trabajo\/wp-json\/wp\/v2\/comments?post=2201"}],"version-history":[{"count":1,"href":"https:\/\/www.tamaulipas.gob.mx\/trabajo\/wp-json\/wp\/v2\/posts\/2201\/revisions"}],"predecessor-version":[{"id":2208,"href":"https:\/\/www.tamaulipas.gob.mx\/trabajo\/wp-json\/wp\/v2\/posts\/2201\/revisions\/2208"}],"wp:featuredmedia":[{"embeddable":true,"href":"https:\/\/www.tamaulipas.gob.mx\/trabajo\/wp-json\/wp\/v2\/media\/2204"}],"wp:attachment":[{"href":"https:\/\/www.tamaulipas.gob.mx\/trabajo\/wp-json\/wp\/v2\/media?parent=2201"}],"wp:term":[{"taxonomy":"category","embeddable":true,"href":"https:\/\/www.tamaulipas.gob.mx\/trabajo\/wp-json\/wp\/v2\/categories?post=2201"},{"taxonomy":"post_tag","embeddable":true,"href":"https:\/\/www.tamaulipas.gob.mx\/trabajo\/wp-json\/wp\/v2\/tags?post=2201"}],"curies":[{"name":"wp","href":"https:\/\/api.w.org\/{rel}","templated":true}]}}