{"id":220,"date":"2017-08-24T19:20:32","date_gmt":"2017-08-25T00:20:32","guid":{"rendered":"http:\/\/www.tamaulipas.gob.mx\/trabajo\/?p=220"},"modified":"2018-05-08T12:02:42","modified_gmt":"2018-05-08T17:02:42","slug":"firman-convenio-de-colaboracion-secretaria-del-trabajo-uat","status":"publish","type":"post","link":"https:\/\/www.tamaulipas.gob.mx\/trabajo\/2017\/08\/firman-convenio-de-colaboracion-secretaria-del-trabajo-uat\/","title":{"rendered":"FIRMAN CONVENIO DE COLABORACI\u00d3N SECRETAR\u00cdA DEL TRABAJO-UAT"},"content":{"rendered":"<p>Ciudad Victoria,Tamaulipas.-Mar\u00eda Estela Chavira Mart\u00ednez, Secretaria del Trabajo del Gobierno del Estado, y el Rector de la Universidad Aut\u00f3noma de Tamaulipas Enrique Etienne P\u00e9rez del Rio, firmaron un Convenio de Colaboraci\u00f3n, para reforzar y ampliar la relaci\u00f3n interinstitucional, y con ello fomentar y registrar la empleabilidad entre sus egresados mediante los mecanismos de vinculaci\u00f3n con los que cuenta el Servicio Nacional de Empleo Tamaulipas<\/p>\n<p>El objetivo es sumar<span class=\"text_exposed_show\">\u00a0esfuerzos, aterrizar programas, proyectos y estrategias en el marco de sus competencias, fomentar la interacci\u00f3n con el sector p\u00fablico, social y privado, reforzar la igualdad de condiciones y garantizar el cumplimiento de los derechos humanos, as\u00ed tambi\u00e9n proporcionar oportunidades de trabajo y desarrollo de actividades en un ambiente libre de violencia.<\/span><\/p>\n<div class=\"text_exposed_show\">\n<p>Entre los mecanismos de vinculaci\u00f3n que ofrece el Servicio Nacional De Empleo, destacan la Bolsa de Trabajo, Servicio Nacional de Empleo por Tel\u00e9fono, peri\u00f3dico \u201cOfertas de Empleo\u201d, Talleres para Buscadores de Empleo y Observatorio Laboral entre otros.<\/p>\n<p>En la firma estuvieron presentes el Secretario de Extensi\u00f3n y Vinculaci\u00f3n de la UAT, Bernab\u00e9 Nakashima Corona; el Director de Vinculaci\u00f3n y Movilidad de la UAT, Marco Moreno Castellanos; el Subsecretario de Empleo y Previsi\u00f3n Social, Ra\u00fal Manzur Manzur; el Director de Planeaci\u00f3n, Evaluaci\u00f3n y Estad\u00edstica de la Secretaria del Trabajo, Eduardo Longoria Chapa; el Director Jur\u00eddico de la Secretaria del Trabajo, Ricardo Javier Arreola Mart\u00ednez y el Asesor de la Secretar\u00eda del Trabajo, Mart\u00edn Israel D\u00edaz Gaona entre otros.<\/p>\n<\/div>\n","protected":false},"excerpt":{"rendered":"<p>Ciudad Victoria,Tamaulipas.-Mar\u00eda Estela Chavira Mart\u00ednez, Secretaria del Trabajo del Gobierno del Estado, y el Rector de la Universidad Aut\u00f3noma de Tamaulipas Enrique Etienne P\u00e9rez del\u2026<\/p>\n","protected":false},"author":63,"featured_media":221,"comment_status":"closed","ping_status":"closed","sticky":false,"template":"","format":"standard","meta":{"footnotes":""},"categories":[1],"tags":[],"class_list":["post-220","post","type-post","status-publish","format-standard","has-post-thumbnail","hentry","category-prensa"],"publishpress_future_action":{"enabled":false,"date":"2026-05-08 03:34:15","action":"change-status","newStatus":"draft","terms":[],"taxonomy":"category"},"_links":{"self":[{"href":"https:\/\/www.tamaulipas.gob.mx\/trabajo\/wp-json\/wp\/v2\/posts\/220"}],"collection":[{"href":"https:\/\/www.tamaulipas.gob.mx\/trabajo\/wp-json\/wp\/v2\/posts"}],"about":[{"href":"https:\/\/www.tamaulipas.gob.mx\/trabajo\/wp-json\/wp\/v2\/types\/post"}],"author":[{"embeddable":true,"href":"https:\/\/www.tamaulipas.gob.mx\/trabajo\/wp-json\/wp\/v2\/users\/63"}],"replies":[{"embeddable":true,"href":"https:\/\/www.tamaulipas.gob.mx\/trabajo\/wp-json\/wp\/v2\/comments?post=220"}],"version-history":[{"count":1,"href":"https:\/\/www.tamaulipas.gob.mx\/trabajo\/wp-json\/wp\/v2\/posts\/220\/revisions"}],"predecessor-version":[{"id":222,"href":"https:\/\/www.tamaulipas.gob.mx\/trabajo\/wp-json\/wp\/v2\/posts\/220\/revisions\/222"}],"wp:featuredmedia":[{"embeddable":true,"href":"https:\/\/www.tamaulipas.gob.mx\/trabajo\/wp-json\/wp\/v2\/media\/221"}],"wp:attachment":[{"href":"https:\/\/www.tamaulipas.gob.mx\/trabajo\/wp-json\/wp\/v2\/media?parent=220"}],"wp:term":[{"taxonomy":"category","embeddable":true,"href":"https:\/\/www.tamaulipas.gob.mx\/trabajo\/wp-json\/wp\/v2\/categories?post=220"},{"taxonomy":"post_tag","embeddable":true,"href":"https:\/\/www.tamaulipas.gob.mx\/trabajo\/wp-json\/wp\/v2\/tags?post=220"}],"curies":[{"name":"wp","href":"https:\/\/api.w.org\/{rel}","templated":true}]}}