{"id":2167,"date":"2021-12-02T22:00:28","date_gmt":"2021-12-03T04:00:28","guid":{"rendered":"https:\/\/www.tamaulipas.gob.mx\/trabajo\/?p=2167"},"modified":"2021-12-03T10:19:25","modified_gmt":"2021-12-03T16:19:25","slug":"en-tamaulipas-las-personas-con-discapacidad-y-adultos-mayores-tienen-acceso-a-un-trabajo-digno-y-formal","status":"publish","type":"post","link":"https:\/\/www.tamaulipas.gob.mx\/trabajo\/2021\/12\/en-tamaulipas-las-personas-con-discapacidad-y-adultos-mayores-tienen-acceso-a-un-trabajo-digno-y-formal\/","title":{"rendered":"En Tamaulipas las personas con discapacidad y adultos mayores tienen acceso a un trabajo digno y formal"},"content":{"rendered":"<p><em><strong>El Gobernador, Francisco Garc\u00eda Cabeza de Vaca, est\u00e1 comprometido con los grupos en situaci\u00f3n vulnerable, y ha instruido poner al alcance de todos, los instrumentos que les permitan una vida de igualdad y libre de discriminaci\u00f3n.<\/strong><\/em><\/p>\n<p style=\"text-align: right;\">ST-035-2021<\/p>\n<p>Diciembre 2 del 2021<\/p>\n<p style=\"text-align: justify;\">Ciudad Victoria, Tamaulipas.- Desde el Gobierno de Tamaulipas, se promueve los derechos y el bienestar de las personas con discapacidad y adultos mayores, reintegr\u00e1ndolos a trav\u00e9s de una fuente de empleo, a la vida social y econ\u00f3mica del estado, argument\u00f3 el Secretario del Trabajo, Miguel \u00c1ngel Villarreal Ongay, en el marco del D\u00eda Internacional de las Personas con Discapacidad.<\/p>\n<p style=\"text-align: justify;\">Mediante el programa de vinculaci\u00f3n laboral,\u00a0\u201cAbriendo Espacios\u201d, que opera el Servicio Nacional de Empleo Tamaulipas, se siguen dise\u00f1ando estrategias y creando conciencia entre el sector empresarial, sobre la necesidad de centros de trabajo incluyentes.<\/p>\n<p style=\"text-align: justify;\">El funcionario dijo que el Gobernador, Francisco Garc\u00eda Cabeza de Vaca, est\u00e1 comprometido con los grupos en situaci\u00f3n vulnerable, y ha instruido poner al alcance de todos, los instrumentos que les permitan una vida de igualdad y libre de discriminaci\u00f3n.<\/p>\n<p style=\"text-align: justify;\">\u201cDentro del programa \u201cAbriendo Espacios\u201d se cuenta con la Red de Vinculaci\u00f3n laboral, en la que se llevan a cabo acciones conjuntas entre instituciones, organismos p\u00fablicos, privados, y de gobierno, para atender a quienes enfrentan inconvenientes para lograr su inserci\u00f3n a una oportunidad laboral\u201d, se\u00f1al\u00f3.<\/p>\n<p style=\"text-align: justify;\">En lo que va del 2021, el SNE Tamaulipas ha atendido y orientado de manera gratuita a mil 211 hombres y 441 mujeres, en su mayor\u00eda adultos mayores, logrando colocar a 256 personas en un trabajo formal, remunerado y con las prestaciones de ley.<\/p>\n<p style=\"text-align: justify;\">Alejandra Canales Gonz\u00e1lez, gerente de recursos humanos en la empresa BulPack, ubicada en Ciudad Victoria, dijo que la compa\u00f1\u00eda cuenta con pol\u00edticas con las que se favorece la inclusi\u00f3n de personas vulnerables.<\/p>\n<p style=\"text-align: justify;\">\u201cTodos tenemos diferencias, esto hace que un equipo de trabajo y una empresa se enriquezcan, es el motivo por el que empleamos a personas con discapacidad\u201d.<\/p>\n<p style=\"text-align: justify;\">Villarreal Ongay, indic\u00f3 que el ejecutivo, sigue edificando los cimientos para que en Tamaulipas, todas y todos tengan acceso a un empleo digno y decente, as\u00ed como el pleno respeto a sus derechos humanos y laborales.<\/p>\n<p>&nbsp;<\/p>\n<p style=\"text-align: center;\">###<\/p>\n<div class='owl-gallery'><div class='item'><a href='https:\/\/www.tamaulipas.gob.mx\/trabajo\/wp-content\/uploads\/sites\/11\/2021\/12\/boletin_abriendo_espacios-1.jpeg' rel='galeria'><img src='https:\/\/www.tamaulipas.gob.mx\/trabajo\/wp-content\/uploads\/sites\/11\/2021\/12\/boletin_abriendo_espacios-1-850x500.jpeg' srcset='' sizes='auto' alt=''><\/a><figcaption><\/figcaption><\/div><div class='item'><a href='https:\/\/www.tamaulipas.gob.mx\/trabajo\/wp-content\/uploads\/sites\/11\/2021\/12\/boletin_abriendo_espacios-2.jpeg' rel='galeria'><img src='https:\/\/www.tamaulipas.gob.mx\/trabajo\/wp-content\/uploads\/sites\/11\/2021\/12\/boletin_abriendo_espacios-2-850x500.jpeg' srcset='' sizes='auto' alt=''><\/a><figcaption><\/figcaption><\/div><div class='item'><a href='https:\/\/www.tamaulipas.gob.mx\/trabajo\/wp-content\/uploads\/sites\/11\/2021\/12\/boletin_abriendo_espacios-3.jpeg' rel='galeria'><img src='https:\/\/www.tamaulipas.gob.mx\/trabajo\/wp-content\/uploads\/sites\/11\/2021\/12\/boletin_abriendo_espacios-3-850x500.jpeg' srcset='' sizes='auto' alt=''><\/a><figcaption><\/figcaption><\/div><div class='item'><a href='https:\/\/www.tamaulipas.gob.mx\/trabajo\/wp-content\/uploads\/sites\/11\/2021\/12\/boletin_abriendo_espacios-4.jpeg' rel='galeria'><img src='https:\/\/www.tamaulipas.gob.mx\/trabajo\/wp-content\/uploads\/sites\/11\/2021\/12\/boletin_abriendo_espacios-4-850x500.jpeg' srcset='' sizes='auto' alt=''><\/a><figcaption><\/figcaption><\/div><div class='item'><a href='https:\/\/www.tamaulipas.gob.mx\/trabajo\/wp-content\/uploads\/sites\/11\/2021\/12\/boletin_abriendo_espacios-5.jpeg' rel='galeria'><img src='https:\/\/www.tamaulipas.gob.mx\/trabajo\/wp-content\/uploads\/sites\/11\/2021\/12\/boletin_abriendo_espacios-5-850x500.jpeg' srcset='' sizes='auto' alt=''><\/a><figcaption><\/figcaption><\/div><\/div>\n","protected":false},"excerpt":{"rendered":"<p>El Gobernador, Francisco Garc\u00eda Cabeza de Vaca, est\u00e1 comprometido con los grupos en situaci\u00f3n vulnerable, y ha instruido poner al alcance de todos, los instrumentos\u2026<\/p>\n","protected":false},"author":63,"featured_media":2170,"comment_status":"closed","ping_status":"closed","sticky":false,"template":"","format":"standard","meta":{"footnotes":""},"categories":[1],"tags":[],"class_list":["post-2167","post","type-post","status-publish","format-standard","has-post-thumbnail","hentry","category-prensa"],"publishpress_future_action":{"enabled":false,"date":"2026-05-08 15:19:03","action":"change-status","newStatus":"draft","terms":[],"taxonomy":"category"},"_links":{"self":[{"href":"https:\/\/www.tamaulipas.gob.mx\/trabajo\/wp-json\/wp\/v2\/posts\/2167"}],"collection":[{"href":"https:\/\/www.tamaulipas.gob.mx\/trabajo\/wp-json\/wp\/v2\/posts"}],"about":[{"href":"https:\/\/www.tamaulipas.gob.mx\/trabajo\/wp-json\/wp\/v2\/types\/post"}],"author":[{"embeddable":true,"href":"https:\/\/www.tamaulipas.gob.mx\/trabajo\/wp-json\/wp\/v2\/users\/63"}],"replies":[{"embeddable":true,"href":"https:\/\/www.tamaulipas.gob.mx\/trabajo\/wp-json\/wp\/v2\/comments?post=2167"}],"version-history":[{"count":1,"href":"https:\/\/www.tamaulipas.gob.mx\/trabajo\/wp-json\/wp\/v2\/posts\/2167\/revisions"}],"predecessor-version":[{"id":2173,"href":"https:\/\/www.tamaulipas.gob.mx\/trabajo\/wp-json\/wp\/v2\/posts\/2167\/revisions\/2173"}],"wp:featuredmedia":[{"embeddable":true,"href":"https:\/\/www.tamaulipas.gob.mx\/trabajo\/wp-json\/wp\/v2\/media\/2170"}],"wp:attachment":[{"href":"https:\/\/www.tamaulipas.gob.mx\/trabajo\/wp-json\/wp\/v2\/media?parent=2167"}],"wp:term":[{"taxonomy":"category","embeddable":true,"href":"https:\/\/www.tamaulipas.gob.mx\/trabajo\/wp-json\/wp\/v2\/categories?post=2167"},{"taxonomy":"post_tag","embeddable":true,"href":"https:\/\/www.tamaulipas.gob.mx\/trabajo\/wp-json\/wp\/v2\/tags?post=2167"}],"curies":[{"name":"wp","href":"https:\/\/api.w.org\/{rel}","templated":true}]}}