{"id":2159,"date":"2021-11-30T22:00:29","date_gmt":"2021-12-01T04:00:29","guid":{"rendered":"https:\/\/www.tamaulipas.gob.mx\/trabajo\/?p=2159"},"modified":"2021-12-01T10:49:17","modified_gmt":"2021-12-01T16:49:17","slug":"tamaulipas-cumple-con-la-implementacion-de-la-reforma-laboral-y-avanza-en-la-instalacion-del-centro-de-conciliacion-laboral","status":"publish","type":"post","link":"https:\/\/www.tamaulipas.gob.mx\/trabajo\/2021\/11\/tamaulipas-cumple-con-la-implementacion-de-la-reforma-laboral-y-avanza-en-la-instalacion-del-centro-de-conciliacion-laboral\/","title":{"rendered":"Tamaulipas cumple con la implementaci\u00f3n de la Reforma Laboral y avanza en la instalaci\u00f3n del Centro de Conciliaci\u00f3n Laboral"},"content":{"rendered":"<p><em><strong>El Gobernador, Francisco Garc\u00eda Cabeza de Vaca, instruy\u00f3 mantener un trabajo coordinado entre todas y todos los integrantes, para que la implementaci\u00f3n de la nueva Reforma Laboral, se cumpla en Tamaulipas, en tiempo y forma.<\/strong><\/em><\/p>\n<p style=\"text-align: right;\">ST-034-2021<\/p>\n<p>Noviembre 30 del 2021<\/p>\n<p style=\"text-align: justify;\">Cd Victoria, Tamaulipas.- El Secretario del Trabajo, Miguel \u00c1ngel Villarreal Ongay, junto con los integrantes de la Junta de Gobierno, encargados de la implementaci\u00f3n del Centro de Conciliaci\u00f3n Laboral del Estado de Tamaulipas, llevaron a cabo la discusi\u00f3n y aprobaci\u00f3n de los lineamientos para el reclutamiento de quienes ser\u00e1n los nuevos conciliadores.<\/p>\n<p style=\"text-align: justify;\">Dentro de las etapas, se busca establecer las normas que regulen el proceso de registro, evaluaci\u00f3n, valoraci\u00f3n acad\u00e9mica, experiencia laboral, entrevista y examen, para emitir los dict\u00e1menes y selecci\u00f3n del personal.<\/p>\n<p style=\"text-align: justify;\">Tamaulipas junto con los estados de Sonora, Chihuahua, Coahuila, Nuevo Le\u00f3n, Sinaloa, Nayarit, Jalisco, Michoac\u00e1n, Ciudad de M\u00e9xico y Yucat\u00e1n, conforman la tercera etapa para la implementaci\u00f3n del nuevo Sistema de Justicia Laboral.<\/p>\n<p style=\"text-align: justify;\">De acuerdo al funcionario, el Gobernador, Francisco Garc\u00eda Cabeza de Vaca, instruy\u00f3 mantener un trabajo coordinado entre todas y todos los integrantes, para que la implementaci\u00f3n de la nueva Reforma Laboral, se cumpla en Tamaulipas, en tiempo y forma.<\/p>\n<p style=\"text-align: justify;\">\u201cSe pretende seleccionar a 20 conciliadores que inicien con esta nueva mec\u00e1nica de conciliaci\u00f3n en el estado, el 1 de mayo entra en funciones el Centro de Conciliaci\u00f3n Laboral, y su actividad fundamental ser\u00e1 conciliar los conflictos entre trabajadores y patrones\u201d, dijo.<\/p>\n<p style=\"text-align: justify;\">Explic\u00f3 que el Centro de Conciliaci\u00f3n Laboral del Estado de Tamaulipas, ser\u00e1 un organismo p\u00fablico descentralizado, y trabajar\u00e1 de la mano con los Tribunales Laborales, pertenecientes al Poder Judicial del Estado o Federaci\u00f3n.<\/p>\n<p style=\"text-align: justify;\">Tamaulipas contar\u00e1 con 6 centros de atenci\u00f3n, uno en la capital del estado, Ciudad Victoria, as\u00ed como en los municipios de Matamoros, Reynosa, Nuevo Laredo, Tampico y El Mante, donde se tienen avances preparatorios para la implementaci\u00f3n de la reforma constitucional.<\/p>\n<p style=\"text-align: justify;\">El Secretario del Trabajo, confirm\u00f3 que las Juntas de Conciliaci\u00f3n y Arbitraje, no desaparecer\u00e1n por completo, hasta no concluir con los expedientes en tr\u00e1mite y rezagos, por lo que se contemplan jornadas de conciliaci\u00f3n y acciones de atenci\u00f3n, que den soluci\u00f3n a las demandas de los patrones y trabajadores.<\/p>\n<p style=\"text-align: justify;\">Argument\u00f3 que dichos cambios, generar\u00e1n una transformaci\u00f3n y fortalecer\u00e1n la cultura de la conciliaci\u00f3n, en la que se siga garantizando una justicia neutral e imparcial, traducida en soluciones, convenios y entendimientos.<\/p>\n<p style=\"text-align: justify;\">Recalc\u00f3 que el compromiso del gobernador, por construir ambientes laborales de tranquilidad y paz social, se cumple mejorando las condiciones de los trabajadores,\u00a0 y respetando la voluntad de sindicatos y patrones.<\/p>\n<p>&nbsp;<\/p>\n<p style=\"text-align: center;\">###<\/p>\n<p>&nbsp;<\/p>\n<div class='owl-gallery'><div class='item'><a href='https:\/\/www.tamaulipas.gob.mx\/trabajo\/wp-content\/uploads\/sites\/11\/2021\/12\/boletin_centrosdeconclab-1.jpeg' rel='galeria'><img src='https:\/\/www.tamaulipas.gob.mx\/trabajo\/wp-content\/uploads\/sites\/11\/2021\/12\/boletin_centrosdeconclab-1-850x500.jpeg' srcset='' sizes='auto' alt=''><\/a><figcaption><\/figcaption><\/div><div class='item'><a href='https:\/\/www.tamaulipas.gob.mx\/trabajo\/wp-content\/uploads\/sites\/11\/2021\/12\/boletin_centrosdeconclab-2.jpeg' rel='galeria'><img src='https:\/\/www.tamaulipas.gob.mx\/trabajo\/wp-content\/uploads\/sites\/11\/2021\/12\/boletin_centrosdeconclab-2-850x500.jpeg' srcset='' sizes='auto' alt=''><\/a><figcaption><\/figcaption><\/div><div class='item'><a href='https:\/\/www.tamaulipas.gob.mx\/trabajo\/wp-content\/uploads\/sites\/11\/2021\/12\/boletin_centrosdeconclab-3.jpeg' rel='galeria'><img src='https:\/\/www.tamaulipas.gob.mx\/trabajo\/wp-content\/uploads\/sites\/11\/2021\/12\/boletin_centrosdeconclab-3-850x500.jpeg' srcset='' sizes='auto' alt=''><\/a><figcaption><\/figcaption><\/div><div class='item'><a href='https:\/\/www.tamaulipas.gob.mx\/trabajo\/wp-content\/uploads\/sites\/11\/2021\/12\/boletin_centrosdeconclab-4.jpeg' rel='galeria'><img src='https:\/\/www.tamaulipas.gob.mx\/trabajo\/wp-content\/uploads\/sites\/11\/2021\/12\/boletin_centrosdeconclab-4-850x500.jpeg' srcset='' sizes='auto' alt=''><\/a><figcaption><\/figcaption><\/div><div class='item'><a href='https:\/\/www.tamaulipas.gob.mx\/trabajo\/wp-content\/uploads\/sites\/11\/2021\/12\/boletin_centrosdeconclab-5.jpeg' rel='galeria'><img src='https:\/\/www.tamaulipas.gob.mx\/trabajo\/wp-content\/uploads\/sites\/11\/2021\/12\/boletin_centrosdeconclab-5-850x500.jpeg' srcset='' sizes='auto' alt=''><\/a><figcaption><\/figcaption><\/div><div class='item'><a href='https:\/\/www.tamaulipas.gob.mx\/trabajo\/wp-content\/uploads\/sites\/11\/2021\/12\/boletin_centrosdeconclab-6.jpeg' rel='galeria'><img src='https:\/\/www.tamaulipas.gob.mx\/trabajo\/wp-content\/uploads\/sites\/11\/2021\/12\/boletin_centrosdeconclab-6-850x500.jpeg' srcset='' sizes='auto' alt=''><\/a><figcaption><\/figcaption><\/div><\/div>\n","protected":false},"excerpt":{"rendered":"<p>El Gobernador, Francisco Garc\u00eda Cabeza de Vaca, instruy\u00f3 mantener un trabajo coordinado entre todas y todos los integrantes, para que la implementaci\u00f3n de la nueva\u2026<\/p>\n","protected":false},"author":63,"featured_media":2163,"comment_status":"closed","ping_status":"closed","sticky":false,"template":"","format":"standard","meta":{"footnotes":""},"categories":[1],"tags":[],"class_list":["post-2159","post","type-post","status-publish","format-standard","has-post-thumbnail","hentry","category-prensa"],"publishpress_future_action":{"enabled":false,"date":"2026-05-08 15:15:47","action":"change-status","newStatus":"draft","terms":[],"taxonomy":"category"},"_links":{"self":[{"href":"https:\/\/www.tamaulipas.gob.mx\/trabajo\/wp-json\/wp\/v2\/posts\/2159"}],"collection":[{"href":"https:\/\/www.tamaulipas.gob.mx\/trabajo\/wp-json\/wp\/v2\/posts"}],"about":[{"href":"https:\/\/www.tamaulipas.gob.mx\/trabajo\/wp-json\/wp\/v2\/types\/post"}],"author":[{"embeddable":true,"href":"https:\/\/www.tamaulipas.gob.mx\/trabajo\/wp-json\/wp\/v2\/users\/63"}],"replies":[{"embeddable":true,"href":"https:\/\/www.tamaulipas.gob.mx\/trabajo\/wp-json\/wp\/v2\/comments?post=2159"}],"version-history":[{"count":1,"href":"https:\/\/www.tamaulipas.gob.mx\/trabajo\/wp-json\/wp\/v2\/posts\/2159\/revisions"}],"predecessor-version":[{"id":2166,"href":"https:\/\/www.tamaulipas.gob.mx\/trabajo\/wp-json\/wp\/v2\/posts\/2159\/revisions\/2166"}],"wp:featuredmedia":[{"embeddable":true,"href":"https:\/\/www.tamaulipas.gob.mx\/trabajo\/wp-json\/wp\/v2\/media\/2163"}],"wp:attachment":[{"href":"https:\/\/www.tamaulipas.gob.mx\/trabajo\/wp-json\/wp\/v2\/media?parent=2159"}],"wp:term":[{"taxonomy":"category","embeddable":true,"href":"https:\/\/www.tamaulipas.gob.mx\/trabajo\/wp-json\/wp\/v2\/categories?post=2159"},{"taxonomy":"post_tag","embeddable":true,"href":"https:\/\/www.tamaulipas.gob.mx\/trabajo\/wp-json\/wp\/v2\/tags?post=2159"}],"curies":[{"name":"wp","href":"https:\/\/api.w.org\/{rel}","templated":true}]}}