{"id":2148,"date":"2021-11-26T22:00:48","date_gmt":"2021-11-27T04:00:48","guid":{"rendered":"https:\/\/www.tamaulipas.gob.mx\/trabajo\/?p=2148"},"modified":"2021-11-29T10:59:31","modified_gmt":"2021-11-29T16:59:31","slug":"publican-convocatoria-empleatam-2021-para-ofrecer-cursos-de-capacitacion-y-bienes-en-propiedad","status":"publish","type":"post","link":"https:\/\/www.tamaulipas.gob.mx\/trabajo\/2021\/11\/publican-convocatoria-empleatam-2021-para-ofrecer-cursos-de-capacitacion-y-bienes-en-propiedad\/","title":{"rendered":"Publican convocatoria \u201cEmpleaTam 2021\u201d para ofrecer cursos de capacitaci\u00f3n y bienes en propiedad"},"content":{"rendered":"<p><em><strong>Con EmpleaTam, se pretenden brindar cursos en la modalidad de capacitaci\u00f3n para el autoempleo y pr\u00e1ctica, as\u00ed como la entrega de bienes para quienes proyectan implementar, o ya tienen un negocio propio.<\/strong><\/em><\/p>\n<p style=\"text-align: right;\">ST-033-2021<\/p>\n<p>Noviembre 26 del 2021<\/p>\n<p>Cd Victoria, Tamaulipas.- El Gobierno de Tamaulipas, a trav\u00e9s de la Secretar\u00eda del Trabajo, public\u00f3 la convocatoria \u201cEmpleaTam2021\u201d, a fin de atender a la poblaci\u00f3n que busca, requiere, tiene inter\u00e9s de un empleo o de realizar una actividad productiva.<\/p>\n<p>Mediante los subprogramas: \u201cEmpleaTam Capacita\u201d y \u201cEmpleaTam Equipa\u201d, operados por el Servicio Nacional de Empleo Tamaulipas, se pretenden brindar cursos en la modalidad de capacitaci\u00f3n para el autoempleo y pr\u00e1ctica, as\u00ed como la entrega de bienes para quienes proyectan implementar, o ya tienen un negocio propio.<\/p>\n<p>De acuerdo a las Reglas de Operaci\u00f3n, antes de concluir el 2021, se tienen programados seis cursos, relacionados con la reposter\u00eda, elaboraci\u00f3n y decoraci\u00f3n de pasteles, manualidades navide\u00f1as, panader\u00eda, cultora de belleza, corte y confecci\u00f3n y auxiliar administrativo.<\/p>\n<p>Los cursos tienen una duraci\u00f3n de 20 a 24 d\u00edas, y se contempla un recurso estatal para el pago de instructores y la entrega de una beca por 2 mil 834 pesos, m\u00e1s 300 pesos para material, a 124 beneficiarios.<\/p>\n<p>Para el 2022, se tiene programado la entrega de equipo en especie por parte del SNETam, hasta por 25 mil pesos, a quienes requieran de instrumentos de trabajo para echar andar su negocio o ya tienen alguno.<\/p>\n<p>El equipo se entrega al propietario por 12 meses en custodia y posteriormente en propiedad, la intenci\u00f3n es que las personas, en particular aquellos grupos vulnerables, perfeccionen o fortalezcan sus habilidades, adquieran y logren concertar un empleo o vacante formal y tengan mejores condiciones de vida.<\/p>\n<p>La convocatoria, que tambi\u00e9n est\u00e1 dirigida a empleadores que requieren cubrir sus necesidades de personal, estar\u00e1 vigente durante todo el a\u00f1o, la informaci\u00f3n podr\u00e1 consultarse en la p\u00e1gina: <a href=\"http:\/\/www.tamaulipas.gob.mx\/trabajo\/marco-normativo\/empleatam\/\">www.tamaulipas.gob.mx\/trabajo\/marco-normativo\/empleatam\/<\/a>, los interesados pueden presentarse en las unidades regionales del SNETam o llamar al tel\u00e9fono 834 107 8409.<\/p>\n<p>&nbsp;<\/p>\n<p style=\"text-align: center;\">###<\/p>\n<div class='owl-gallery'><div class='item'><a href='https:\/\/www.tamaulipas.gob.mx\/trabajo\/wp-content\/uploads\/sites\/11\/2021\/11\/boletin_convocatoria-1.jpeg' rel='galeria'><img src='https:\/\/www.tamaulipas.gob.mx\/trabajo\/wp-content\/uploads\/sites\/11\/2021\/11\/boletin_convocatoria-1-850x500.jpeg' srcset='' sizes='auto' alt=''><\/a><figcaption><\/figcaption><\/div><div class='item'><a href='https:\/\/www.tamaulipas.gob.mx\/trabajo\/wp-content\/uploads\/sites\/11\/2021\/11\/boletin_convocatoria-2.jpeg' rel='galeria'><img src='https:\/\/www.tamaulipas.gob.mx\/trabajo\/wp-content\/uploads\/sites\/11\/2021\/11\/boletin_convocatoria-2-850x500.jpeg' srcset='' sizes='auto' alt=''><\/a><figcaption><\/figcaption><\/div><div class='item'><a href='https:\/\/www.tamaulipas.gob.mx\/trabajo\/wp-content\/uploads\/sites\/11\/2021\/11\/boletin_convocatoria-3.jpeg' rel='galeria'><img src='https:\/\/www.tamaulipas.gob.mx\/trabajo\/wp-content\/uploads\/sites\/11\/2021\/11\/boletin_convocatoria-3-850x500.jpeg' srcset='' sizes='auto' alt=''><\/a><figcaption><\/figcaption><\/div><div class='item'><a href='https:\/\/www.tamaulipas.gob.mx\/trabajo\/wp-content\/uploads\/sites\/11\/2021\/11\/boletin_convocatoria-4.jpeg' rel='galeria'><img src='https:\/\/www.tamaulipas.gob.mx\/trabajo\/wp-content\/uploads\/sites\/11\/2021\/11\/boletin_convocatoria-4-850x500.jpeg' srcset='' sizes='auto' alt=''><\/a><figcaption><\/figcaption><\/div><div class='item'><a href='https:\/\/www.tamaulipas.gob.mx\/trabajo\/wp-content\/uploads\/sites\/11\/2021\/11\/boletin_convocatoria-5.jpeg' rel='galeria'><img src='https:\/\/www.tamaulipas.gob.mx\/trabajo\/wp-content\/uploads\/sites\/11\/2021\/11\/boletin_convocatoria-5-800x500.jpeg' srcset='' sizes='auto' alt=''><\/a><figcaption><\/figcaption><\/div><div class='item'><a href='https:\/\/www.tamaulipas.gob.mx\/trabajo\/wp-content\/uploads\/sites\/11\/2021\/11\/boletin_convocatoria-6.jpeg' rel='galeria'><img src='https:\/\/www.tamaulipas.gob.mx\/trabajo\/wp-content\/uploads\/sites\/11\/2021\/11\/boletin_convocatoria-6-850x500.jpeg' srcset='' sizes='auto' alt=''><\/a><figcaption><\/figcaption><\/div><div class='item'><a href='https:\/\/www.tamaulipas.gob.mx\/trabajo\/wp-content\/uploads\/sites\/11\/2021\/11\/boletin_convocatoria-7.jpeg' rel='galeria'><img src='https:\/\/www.tamaulipas.gob.mx\/trabajo\/wp-content\/uploads\/sites\/11\/2021\/11\/boletin_convocatoria-7-850x500.jpeg' srcset='' sizes='auto' alt=''><\/a><figcaption><\/figcaption><\/div><div class='item'><a href='https:\/\/www.tamaulipas.gob.mx\/trabajo\/wp-content\/uploads\/sites\/11\/2021\/11\/boletin_convocatoria-8.jpeg' rel='galeria'><img src='https:\/\/www.tamaulipas.gob.mx\/trabajo\/wp-content\/uploads\/sites\/11\/2021\/11\/boletin_convocatoria-8-850x500.jpeg' srcset='' sizes='auto' alt=''><\/a><figcaption><\/figcaption><\/div><\/div>\n","protected":false},"excerpt":{"rendered":"<p>Con EmpleaTam, se pretenden brindar cursos en la modalidad de capacitaci\u00f3n para el autoempleo y pr\u00e1ctica, as\u00ed como la entrega de bienes para quienes proyectan\u2026<\/p>\n","protected":false},"author":63,"featured_media":2155,"comment_status":"closed","ping_status":"closed","sticky":false,"template":"","format":"standard","meta":{"footnotes":""},"categories":[1],"tags":[],"class_list":["post-2148","post","type-post","status-publish","format-standard","has-post-thumbnail","hentry","category-prensa"],"publishpress_future_action":{"enabled":false,"date":"2026-05-08 15:25:25","action":"change-status","newStatus":"draft","terms":[],"taxonomy":"category"},"_links":{"self":[{"href":"https:\/\/www.tamaulipas.gob.mx\/trabajo\/wp-json\/wp\/v2\/posts\/2148"}],"collection":[{"href":"https:\/\/www.tamaulipas.gob.mx\/trabajo\/wp-json\/wp\/v2\/posts"}],"about":[{"href":"https:\/\/www.tamaulipas.gob.mx\/trabajo\/wp-json\/wp\/v2\/types\/post"}],"author":[{"embeddable":true,"href":"https:\/\/www.tamaulipas.gob.mx\/trabajo\/wp-json\/wp\/v2\/users\/63"}],"replies":[{"embeddable":true,"href":"https:\/\/www.tamaulipas.gob.mx\/trabajo\/wp-json\/wp\/v2\/comments?post=2148"}],"version-history":[{"count":1,"href":"https:\/\/www.tamaulipas.gob.mx\/trabajo\/wp-json\/wp\/v2\/posts\/2148\/revisions"}],"predecessor-version":[{"id":2157,"href":"https:\/\/www.tamaulipas.gob.mx\/trabajo\/wp-json\/wp\/v2\/posts\/2148\/revisions\/2157"}],"wp:featuredmedia":[{"embeddable":true,"href":"https:\/\/www.tamaulipas.gob.mx\/trabajo\/wp-json\/wp\/v2\/media\/2155"}],"wp:attachment":[{"href":"https:\/\/www.tamaulipas.gob.mx\/trabajo\/wp-json\/wp\/v2\/media?parent=2148"}],"wp:term":[{"taxonomy":"category","embeddable":true,"href":"https:\/\/www.tamaulipas.gob.mx\/trabajo\/wp-json\/wp\/v2\/categories?post=2148"},{"taxonomy":"post_tag","embeddable":true,"href":"https:\/\/www.tamaulipas.gob.mx\/trabajo\/wp-json\/wp\/v2\/tags?post=2148"}],"curies":[{"name":"wp","href":"https:\/\/api.w.org\/{rel}","templated":true}]}}