{"id":2119,"date":"2021-11-10T22:00:47","date_gmt":"2021-11-11T04:00:47","guid":{"rendered":"https:\/\/www.tamaulipas.gob.mx\/trabajo\/?p=2119"},"modified":"2021-11-12T10:54:39","modified_gmt":"2021-11-12T16:54:39","slug":"inauguran-primer-festival-del-trabajo-valle-hermoso-2021-para-reactivar-economia-local-y-regional","status":"publish","type":"post","link":"https:\/\/www.tamaulipas.gob.mx\/trabajo\/2021\/11\/inauguran-primer-festival-del-trabajo-valle-hermoso-2021-para-reactivar-economia-local-y-regional\/","title":{"rendered":"Inauguran Primer Festival del Trabajo Valle Hermoso 2021 para reactivar econom\u00eda local y regional"},"content":{"rendered":"<p><em><strong>El Gobernador, Francisco Garc\u00eda Cabeza de Vaca, se preocupa por generar estrategias para mejorar la calidad de vida de los trabajadores y del sector productivo, por un trabajo digno, saludable y seguro.<\/strong><\/em><\/p>\n<p style=\"text-align: right;\">ST-031-2021<\/p>\n<p>Noviembre 10 del 2021<\/p>\n<p style=\"text-align: justify;\">Valle Hermoso, Tamaulipas.- Con la asistencia de m\u00e1s de 35 empresas, organismos empresariales y gubernamentales, el Gobierno de Tamaulipas, inaugur\u00f3 el Primer Festival del Trabajo, Valle Hermoso 2021, para reactivar la econom\u00eda del municipio y la regi\u00f3n.<\/p>\n<p style=\"text-align: justify;\">El evento, organizado por la Secretar\u00eda del Trabajo, en coordinaci\u00f3n con la Direcci\u00f3n de Inspecci\u00f3n y Previsi\u00f3n Social, y el Servicio Nacional de Empleo Tamaulipas, tuvo como sede el Gimnasio Municipal, para ofrecer a los asistentes, la promoci\u00f3n de servicios, productos, asesor\u00eda, conferencias y bolsa de trabajo.<\/p>\n<p style=\"text-align: justify;\">En representaci\u00f3n del Secretario del Trabajo, Miguel \u00c1ngel Villarreal Ongay, el Director de Inspecci\u00f3n y Previsi\u00f3n Social, Alejandro Castrej\u00f3n Calder\u00f3n, dijo que trabajando en equipo organismos, empresas y gobierno, se logra el bienestar de las familias de Tamaulipas.<\/p>\n<p style=\"text-align: justify;\">\u201cEl Gobernador, Francisco Garc\u00eda Cabeza de Vaca, se preocupa por generar estrategias para mejorar la calidad de vida de los trabajadores y del sector productivo, por un trabajo digno, saludable y seguro\u201d, explic\u00f3.<\/p>\n<p style=\"text-align: justify;\">M\u00e1s de 800 vacantes de empleo, fueron ofertadas por las empresas, en particular para el sector industrial, y se brindaron servicios como el pago de predial, agua, tr\u00e1mites fiscales, educativos, cr\u00e9ditos y conferencias de prevenci\u00f3n a la salud.<\/p>\n<p style=\"text-align: justify;\">El alcalde de Valle Hermoso, Alberto Enrique Alan\u00eds Villarreal, asegur\u00f3 que su administraci\u00f3n est\u00e1 en la disposici\u00f3n de impulsar proyectos, y de crear programas de oportunidades laborales para que los ciudadanos encuentren un trabajo digo y formal.<\/p>\n<p style=\"text-align: justify;\">En el Festival se impartieron conferencias: \u00abUso de extintores\u00bb, por parte de la Direcci\u00f3n de Protecci\u00f3n Civil y Bomberos, y \u00abPrevenci\u00f3n de Enfermedades y Accidentes\u00bb, por la Unidad M\u00e9dica Familiar 18 del IMSS\u00bb.<\/p>\n<p style=\"text-align: justify;\">De acuerdo a los organizadores, el Festival del Trabajo, fortalece la base para que los empresarios impulsen la econom\u00eda local y regional, y se estrechen los lazos con quienes forman la base trabajadora de la ciudad.<\/p>\n<p>&nbsp;<\/p>\n<p style=\"text-align: center;\">###<\/p>\n<div class='owl-gallery'><div class='item'><a href='https:\/\/www.tamaulipas.gob.mx\/trabajo\/wp-content\/uploads\/sites\/11\/2021\/11\/boletin-festival-del-trabajo-1.jpeg' rel='galeria'><img src='https:\/\/www.tamaulipas.gob.mx\/trabajo\/wp-content\/uploads\/sites\/11\/2021\/11\/boletin-festival-del-trabajo-1-850x500.jpeg' srcset='' sizes='auto' alt=''><\/a><figcaption><\/figcaption><\/div><div class='item'><a href='https:\/\/www.tamaulipas.gob.mx\/trabajo\/wp-content\/uploads\/sites\/11\/2021\/11\/boletin-festival-del-trabajo-2.jpeg' rel='galeria'><img src='https:\/\/www.tamaulipas.gob.mx\/trabajo\/wp-content\/uploads\/sites\/11\/2021\/11\/boletin-festival-del-trabajo-2-850x500.jpeg' srcset='' sizes='auto' alt=''><\/a><figcaption><\/figcaption><\/div><div class='item'><a href='https:\/\/www.tamaulipas.gob.mx\/trabajo\/wp-content\/uploads\/sites\/11\/2021\/11\/boletin-festival-del-trabajo-3.jpeg' rel='galeria'><img src='https:\/\/www.tamaulipas.gob.mx\/trabajo\/wp-content\/uploads\/sites\/11\/2021\/11\/boletin-festival-del-trabajo-3-850x500.jpeg' srcset='' sizes='auto' alt=''><\/a><figcaption><\/figcaption><\/div><div class='item'><a href='https:\/\/www.tamaulipas.gob.mx\/trabajo\/wp-content\/uploads\/sites\/11\/2021\/11\/boletin-festival-del-trabajo-4.jpeg' rel='galeria'><img src='https:\/\/www.tamaulipas.gob.mx\/trabajo\/wp-content\/uploads\/sites\/11\/2021\/11\/boletin-festival-del-trabajo-4-850x500.jpeg' srcset='' sizes='auto' alt=''><\/a><figcaption><\/figcaption><\/div><div class='item'><a href='https:\/\/www.tamaulipas.gob.mx\/trabajo\/wp-content\/uploads\/sites\/11\/2021\/11\/boletin-festival-del-trabajo-5.jpeg' rel='galeria'><img src='https:\/\/www.tamaulipas.gob.mx\/trabajo\/wp-content\/uploads\/sites\/11\/2021\/11\/boletin-festival-del-trabajo-5-850x500.jpeg' srcset='' sizes='auto' alt=''><\/a><figcaption><\/figcaption><\/div><div class='item'><a href='https:\/\/www.tamaulipas.gob.mx\/trabajo\/wp-content\/uploads\/sites\/11\/2021\/11\/boletin-festival-del-trabajo-6.jpeg' rel='galeria'><img src='https:\/\/www.tamaulipas.gob.mx\/trabajo\/wp-content\/uploads\/sites\/11\/2021\/11\/boletin-festival-del-trabajo-6-850x500.jpeg' srcset='' sizes='auto' alt=''><\/a><figcaption><\/figcaption><\/div><div class='item'><a href='https:\/\/www.tamaulipas.gob.mx\/trabajo\/wp-content\/uploads\/sites\/11\/2021\/11\/boletin-festival-del-trabajo-7.jpeg' rel='galeria'><img src='https:\/\/www.tamaulipas.gob.mx\/trabajo\/wp-content\/uploads\/sites\/11\/2021\/11\/boletin-festival-del-trabajo-7-850x500.jpeg' srcset='' sizes='auto' alt=''><\/a><figcaption><\/figcaption><\/div><\/div>\n","protected":false},"excerpt":{"rendered":"<p>El Gobernador, Francisco Garc\u00eda Cabeza de Vaca, se preocupa por generar estrategias para mejorar la calidad de vida de los trabajadores y del sector productivo,\u2026<\/p>\n","protected":false},"author":63,"featured_media":2121,"comment_status":"closed","ping_status":"closed","sticky":false,"template":"","format":"standard","meta":{"footnotes":""},"categories":[1],"tags":[],"class_list":["post-2119","post","type-post","status-publish","format-standard","has-post-thumbnail","hentry","category-prensa"],"publishpress_future_action":{"enabled":false,"date":"2026-05-08 15:17:10","action":"change-status","newStatus":"draft","terms":[],"taxonomy":"category"},"_links":{"self":[{"href":"https:\/\/www.tamaulipas.gob.mx\/trabajo\/wp-json\/wp\/v2\/posts\/2119"}],"collection":[{"href":"https:\/\/www.tamaulipas.gob.mx\/trabajo\/wp-json\/wp\/v2\/posts"}],"about":[{"href":"https:\/\/www.tamaulipas.gob.mx\/trabajo\/wp-json\/wp\/v2\/types\/post"}],"author":[{"embeddable":true,"href":"https:\/\/www.tamaulipas.gob.mx\/trabajo\/wp-json\/wp\/v2\/users\/63"}],"replies":[{"embeddable":true,"href":"https:\/\/www.tamaulipas.gob.mx\/trabajo\/wp-json\/wp\/v2\/comments?post=2119"}],"version-history":[{"count":1,"href":"https:\/\/www.tamaulipas.gob.mx\/trabajo\/wp-json\/wp\/v2\/posts\/2119\/revisions"}],"predecessor-version":[{"id":2127,"href":"https:\/\/www.tamaulipas.gob.mx\/trabajo\/wp-json\/wp\/v2\/posts\/2119\/revisions\/2127"}],"wp:featuredmedia":[{"embeddable":true,"href":"https:\/\/www.tamaulipas.gob.mx\/trabajo\/wp-json\/wp\/v2\/media\/2121"}],"wp:attachment":[{"href":"https:\/\/www.tamaulipas.gob.mx\/trabajo\/wp-json\/wp\/v2\/media?parent=2119"}],"wp:term":[{"taxonomy":"category","embeddable":true,"href":"https:\/\/www.tamaulipas.gob.mx\/trabajo\/wp-json\/wp\/v2\/categories?post=2119"},{"taxonomy":"post_tag","embeddable":true,"href":"https:\/\/www.tamaulipas.gob.mx\/trabajo\/wp-json\/wp\/v2\/tags?post=2119"}],"curies":[{"name":"wp","href":"https:\/\/api.w.org\/{rel}","templated":true}]}}