{"id":2109,"date":"2021-11-08T22:00:33","date_gmt":"2021-11-09T04:00:33","guid":{"rendered":"https:\/\/www.tamaulipas.gob.mx\/trabajo\/?p=2109"},"modified":"2021-11-09T11:04:05","modified_gmt":"2021-11-09T17:04:05","slug":"tamaulipas-promueve-la-mano-de-obra-calificada-con-el-envio-de-mas-trabajadores-al-extranjero","status":"publish","type":"post","link":"https:\/\/www.tamaulipas.gob.mx\/trabajo\/2021\/11\/tamaulipas-promueve-la-mano-de-obra-calificada-con-el-envio-de-mas-trabajadores-al-extranjero\/","title":{"rendered":"Tamaulipas promueve la mano de obra calificada, con el envi\u00f3 de m\u00e1s trabajadores al extranjero"},"content":{"rendered":"<p><em><strong>El Gobernador Francisco Garc\u00eda Cabeza de Vaca, impulsa el trabajo legal y ordenado, con las prestaciones de ley, que garantiza el respeto de los derechos humanos y laborales de los trabajadores.<\/strong><\/em><\/p>\n<p style=\"text-align: right;\">ST-030-2021<\/p>\n<p>Noviembre 8 del 2021<\/p>\n<p style=\"text-align: justify;\">Cd Victoria, Tamaulipas.- El Gobierno de Tamaulipas, promueve empleos dignos, remunerados y seguros fuera de M\u00e9xico, para que trabajadores eleven su calidad de vida, dijo el Secretario del Trabajo, Miguel \u00c1ngel Villarreal Ongay, al anunciar la selecci\u00f3n de 25 trabajadores tamaulipecos para laborar en empresas procesadoras de mariscos en Canad\u00e1.<\/p>\n<p style=\"text-align: justify;\">Mediante el Subprograma, Mecanismo de Movilidad Laboral, M\u00e9xico-Canad\u00e1, operado por el Servicio Nacional de Empleo Tamaulipas, se integr\u00f3 la documentaci\u00f3n de los buscadores de empleo, quienes expresaron su intenci\u00f3n y disponibilidad de migrar al extranjero de manera temporal.<\/p>\n<p style=\"text-align: justify;\">El titular de la dependencia laboral, dijo que el Gobernador, Francisco Garc\u00eda Cabeza de Vaca, impulsa el trabajo legal y ordenado, con las prestaciones de ley, que garantiza el respeto de los derechos humanos y laborales de los trabajadores.<\/p>\n<p style=\"text-align: justify;\">\u201c25 personas se suman a los 468 que ya laboran en Estados Unidos, Canad\u00e1 y Alemania, se trata de trabajadores que tienen experiencia en el proceso de pescados y moluscos, y que radican en los municipios de Matamoros, Altamira y Tampico\u201d, indic\u00f3.<\/p>\n<p style=\"text-align: justify;\">Los trabajadores ser\u00e1n contratados por las empresas: La Renaissance, Unipeche, Royal Green, Leviere-Leviere, UMEK, Les Crustaces de Gaspe Ltee, ubicadas en la provincia de Quebec, Canad\u00e1, para laborar por un periodo de 3 a 9 meses.<\/p>\n<p style=\"text-align: justify;\">Dos de los trabajadores, expresaron que se trata de su primera experiencia en el extranjero, ambos dijeron sentirse contentos y sorprendidos por haber sido seleccionados, y consideraron que se trata de una buena oferta de trabajo que les ayudar\u00e1 a cambiar su estatus social y familiar.<\/p>\n<p style=\"text-align: justify;\">\u201cNunca he salido de M\u00e9xico, me siento emocionada, tengo 3 hijos, vivo en una casita de madera y quiero brindarle a mi familia una mejor vida\u201d, dijo Erika Vianey Vargas.<\/p>\n<p style=\"text-align: justify;\">Samuel Morales D\u00edaz, quien labora en una procesadora de camar\u00f3n en Tampico, anim\u00f3 a las personas a superarse, buscar las oportunidades y tener la esperanza de un mejor trabajo, \u201cmi familia se alegr\u00f3, y todos me apoyan.<\/p>\n<p style=\"text-align: justify;\">De acuerdo al funcionario, los empleadores se interesaron en la calidad de mano de obra de los tamaulipecos, y ahora solo resta que la embajada canadiense, emita el tr\u00e1mite de su Visa H2A, que les permita iniciar sus labores en marzo del 2022.<\/p>\n<p style=\"text-align: justify;\">Villarreal Ongay record\u00f3, que el Gobierno de Tamaulipas, est\u00e1 atento a las necesidades de los empleadores extranjeros, para que a trav\u00e9s del SNETam, se reclute y se siga brindando atenci\u00f3n personal y gratuita, a quienes requieren de un trabajo fuera de su lugar de origen.<\/p>\n<p style=\"text-align: center;\">###<\/p>\n<div class='owl-gallery'><div class='item'><a href='https:\/\/www.tamaulipas.gob.mx\/trabajo\/wp-content\/uploads\/sites\/11\/2021\/11\/boletin_25_trabajadores-1.jpeg' rel='galeria'><img src='https:\/\/www.tamaulipas.gob.mx\/trabajo\/wp-content\/uploads\/sites\/11\/2021\/11\/boletin_25_trabajadores-1-850x500.jpeg' srcset='' sizes='auto' alt=''><\/a><figcaption><\/figcaption><\/div><div class='item'><a href='https:\/\/www.tamaulipas.gob.mx\/trabajo\/wp-content\/uploads\/sites\/11\/2021\/11\/boletin_25_trabajadores-2.jpeg' rel='galeria'><img src='https:\/\/www.tamaulipas.gob.mx\/trabajo\/wp-content\/uploads\/sites\/11\/2021\/11\/boletin_25_trabajadores-2-850x500.jpeg' srcset='' sizes='auto' alt=''><\/a><figcaption><\/figcaption><\/div><div class='item'><a href='https:\/\/www.tamaulipas.gob.mx\/trabajo\/wp-content\/uploads\/sites\/11\/2021\/11\/boletin_25_trabajadores-3.jpeg' rel='galeria'><img src='https:\/\/www.tamaulipas.gob.mx\/trabajo\/wp-content\/uploads\/sites\/11\/2021\/11\/boletin_25_trabajadores-3-850x500.jpeg' srcset='' sizes='auto' alt=''><\/a><figcaption><\/figcaption><\/div><div class='item'><a href='https:\/\/www.tamaulipas.gob.mx\/trabajo\/wp-content\/uploads\/sites\/11\/2021\/11\/boletin_25_trabajadores-4.jpeg' rel='galeria'><img src='https:\/\/www.tamaulipas.gob.mx\/trabajo\/wp-content\/uploads\/sites\/11\/2021\/11\/boletin_25_trabajadores-4-850x500.jpeg' srcset='' sizes='auto' alt=''><\/a><figcaption><\/figcaption><\/div><div class='item'><a href='https:\/\/www.tamaulipas.gob.mx\/trabajo\/wp-content\/uploads\/sites\/11\/2021\/11\/boletin_25_trabajadores-5.jpeg' rel='galeria'><img src='https:\/\/www.tamaulipas.gob.mx\/trabajo\/wp-content\/uploads\/sites\/11\/2021\/11\/boletin_25_trabajadores-5-850x500.jpeg' srcset='' sizes='auto' alt=''><\/a><figcaption><\/figcaption><\/div><div class='item'><a href='https:\/\/www.tamaulipas.gob.mx\/trabajo\/wp-content\/uploads\/sites\/11\/2021\/11\/boletin_25_trabajadores-6.jpeg' rel='galeria'><img src='https:\/\/www.tamaulipas.gob.mx\/trabajo\/wp-content\/uploads\/sites\/11\/2021\/11\/boletin_25_trabajadores-6-850x500.jpeg' srcset='' sizes='auto' alt=''><\/a><figcaption><\/figcaption><\/div><div class='item'><a href='https:\/\/www.tamaulipas.gob.mx\/trabajo\/wp-content\/uploads\/sites\/11\/2021\/11\/boletin_25_trabajadores-7.jpeg' rel='galeria'><img src='https:\/\/www.tamaulipas.gob.mx\/trabajo\/wp-content\/uploads\/sites\/11\/2021\/11\/boletin_25_trabajadores-7-850x500.jpeg' srcset='' sizes='auto' alt=''><\/a><figcaption><\/figcaption><\/div><\/div>\n","protected":false},"excerpt":{"rendered":"<p>El Gobernador Francisco Garc\u00eda Cabeza de Vaca, impulsa el trabajo legal y ordenado, con las prestaciones de ley, que garantiza el respeto de los derechos\u2026<\/p>\n","protected":false},"author":63,"featured_media":2115,"comment_status":"closed","ping_status":"closed","sticky":false,"template":"","format":"standard","meta":{"footnotes":""},"categories":[1],"tags":[],"class_list":["post-2109","post","type-post","status-publish","format-standard","has-post-thumbnail","hentry","category-prensa"],"publishpress_future_action":{"enabled":false,"date":"2026-05-08 15:14:35","action":"change-status","newStatus":"draft","terms":[],"taxonomy":"category"},"_links":{"self":[{"href":"https:\/\/www.tamaulipas.gob.mx\/trabajo\/wp-json\/wp\/v2\/posts\/2109"}],"collection":[{"href":"https:\/\/www.tamaulipas.gob.mx\/trabajo\/wp-json\/wp\/v2\/posts"}],"about":[{"href":"https:\/\/www.tamaulipas.gob.mx\/trabajo\/wp-json\/wp\/v2\/types\/post"}],"author":[{"embeddable":true,"href":"https:\/\/www.tamaulipas.gob.mx\/trabajo\/wp-json\/wp\/v2\/users\/63"}],"replies":[{"embeddable":true,"href":"https:\/\/www.tamaulipas.gob.mx\/trabajo\/wp-json\/wp\/v2\/comments?post=2109"}],"version-history":[{"count":2,"href":"https:\/\/www.tamaulipas.gob.mx\/trabajo\/wp-json\/wp\/v2\/posts\/2109\/revisions"}],"predecessor-version":[{"id":2118,"href":"https:\/\/www.tamaulipas.gob.mx\/trabajo\/wp-json\/wp\/v2\/posts\/2109\/revisions\/2118"}],"wp:featuredmedia":[{"embeddable":true,"href":"https:\/\/www.tamaulipas.gob.mx\/trabajo\/wp-json\/wp\/v2\/media\/2115"}],"wp:attachment":[{"href":"https:\/\/www.tamaulipas.gob.mx\/trabajo\/wp-json\/wp\/v2\/media?parent=2109"}],"wp:term":[{"taxonomy":"category","embeddable":true,"href":"https:\/\/www.tamaulipas.gob.mx\/trabajo\/wp-json\/wp\/v2\/categories?post=2109"},{"taxonomy":"post_tag","embeddable":true,"href":"https:\/\/www.tamaulipas.gob.mx\/trabajo\/wp-json\/wp\/v2\/tags?post=2109"}],"curies":[{"name":"wp","href":"https:\/\/api.w.org\/{rel}","templated":true}]}}