{"id":2096,"date":"2021-10-22T22:00:51","date_gmt":"2021-10-23T03:00:51","guid":{"rendered":"https:\/\/www.tamaulipas.gob.mx\/trabajo\/?p=2096"},"modified":"2021-10-25T13:03:13","modified_gmt":"2021-10-25T18:03:13","slug":"inauguran-feria-de-empleo-en-tampico-para-reactivar-economia-de-tamaulipas-y-mexico","status":"publish","type":"post","link":"https:\/\/www.tamaulipas.gob.mx\/trabajo\/2021\/10\/inauguran-feria-de-empleo-en-tampico-para-reactivar-economia-de-tamaulipas-y-mexico\/","title":{"rendered":"Inauguran Feria de Empleo en Tampico para reactivar econom\u00eda de Tamaulipas y M\u00e9xico"},"content":{"rendered":"<p><em><strong>Tamaulipas se sum\u00f3 a las 32 entidades federativas, coadyuvando e impulsando la generaci\u00f3n de empleos, para dar respuesta a la demanda laboral.<\/strong><\/em><\/p>\n<p style=\"text-align: right;\">ST-029-2021<\/p>\n<p style=\"text-align: justify;\">Octubre 22 del 2021<\/p>\n<p style=\"text-align: justify;\">Tampico, Tamaulipas.- Con la presencia de m\u00e1s de 60 empresas y la oferta de m\u00e1s de mil 790 vacantes de trabajo, el Gobierno de Tamaulipas, inaugur\u00f3 la Feria de Empleo para la Reactivaci\u00f3n Econ\u00f3mica, sector Servicios y Comercio, Tampico, Madero y Altamira 2021.<\/p>\n<p style=\"text-align: justify;\">El evento, desarrollado por la Secretar\u00eda del Trabajo, en coordinaci\u00f3n con el Servicio Nacional de Empleo Tamaulipas, concentr\u00f3 a cientos de personas buscadoras de empleo, en las instalaciones del Auditorio Municipal de Tampico, donde se ofrecieron oportunidades laborales para profesionales, t\u00e9cnicos y operativos<\/p>\n<p style=\"text-align: justify;\">Alexandro Perales Huerta, Director General del SNETam, en representaci\u00f3n del Secretario del Trabajo, Miguel \u00c1ngel Villarreal Ongay, reconoci\u00f3 el esfuerzo y compromiso de los empresarios, por generar empleo y bienestar para las familias.<\/p>\n<p style=\"text-align: justify;\">\u201cSe han generado m\u00e1s de 33 mil empleos en la entidad, 20 mil de ellos tan solo en el \u00faltimo trimestre del a\u00f1o, dentro de la administraci\u00f3n encabezada por el Gobernador, Francisco Garc\u00eda Cabeza de Vaca\u201c, dijo.<\/p>\n<p style=\"text-align: justify;\">Se trat\u00f3 de la primera Feria de Empleo presencial, bajo la plataforma de intermediaci\u00f3n laboral, luego de m\u00e1s de un a\u00f1o que fueron suspendidos los eventos masivos, derivado a la pandemia por la Covid-19.<\/p>\n<p style=\"text-align: justify;\">De las vacantes contempladas, 666 plazas fueron ofrecidas directamente por los empleadores y mil 126 por la Bolsa de Trabajo del SNETam, con sueldos que van desde los 25 mil, hasta los 5 mil 958 pesos.<\/p>\n<p style=\"text-align: justify;\">Chucho Nader, alcalde de Tampico, resalt\u00f3 que, derivado a los apoyos que hizo el mandatario, y el esfuerzo de los empresarios para evitar el cierre de establecimientos, se sigue teniendo en la zona conurbada la oferta, los espacios y lugares para que m\u00e1s tampique\u00f1os gocen de un trabajo, con las prestaciones de ley.<\/p>\n<p style=\"text-align: justify;\">Por su parte, Magdalena Peraza Guerra, encargada de la Oficina de Representaci\u00f3n Regional Zona Sur de la Oficina del Gobernador, explic\u00f3 que la Feria representa el inicio de una nueva reactivaci\u00f3n econ\u00f3mica, que ayudar\u00e1 a las familias a tener el sustento y lo necesario para sus vidas.<\/p>\n<p style=\"text-align: justify;\">Con la Feria de Empleo para la Reactivaci\u00f3n Econ\u00f3mica, el Estado de Tamaulipas se sum\u00f3 a las 32 entidades federativas, coadyuvando e impulsando la generaci\u00f3n de empleos, para dar respuesta a la demanda laboral tanto de adultos mayores, mujeres en situaci\u00f3n de vulnerabilidad, con discapacidad, j\u00f3venes sin experiencia, personas preliberadas o pertenecientes a una comunidad, con dificultades para obtener un empleo, de manera previa, se desarrollaron 8 Talleres Virtuales para Buscadores de Empleo, 2 de los cuales estuvieron dirigidos a los municipios de Tampico y Altamira, como actividad complementaria para fortalecer el perfil laboral de los buscadores de empleo interesados en el evento.<\/p>\n<p style=\"text-align: justify;\">Cabe destacar que en la Feria de Empleo, estuvieron presentes, diputados de la zona conurbada; Marcelino \u00c1vila Mendoza, representante de la STPS en Tampico, y Lucien David Pedagua Lastra, Director de Vinculaci\u00f3n e Informaci\u00f3n Ocupacional, del SNE Federal.<\/p>\n<p style=\"text-align: center;\">###<\/p>\n<p>&nbsp;<\/p>\n<div class='owl-gallery'><div class='item'><a href='https:\/\/www.tamaulipas.gob.mx\/trabajo\/wp-content\/uploads\/sites\/11\/2021\/10\/boletin_feriatampico_01.jpeg' rel='galeria'><img src='https:\/\/www.tamaulipas.gob.mx\/trabajo\/wp-content\/uploads\/sites\/11\/2021\/10\/boletin_feriatampico_01-850x500.jpeg' srcset='' sizes='auto' alt=''><\/a><figcaption><\/figcaption><\/div><div class='item'><a href='https:\/\/www.tamaulipas.gob.mx\/trabajo\/wp-content\/uploads\/sites\/11\/2021\/10\/boletin_feriatampico_02.jpeg' rel='galeria'><img src='https:\/\/www.tamaulipas.gob.mx\/trabajo\/wp-content\/uploads\/sites\/11\/2021\/10\/boletin_feriatampico_02-850x500.jpeg' srcset='' sizes='auto' alt=''><\/a><figcaption><\/figcaption><\/div><div class='item'><a href='https:\/\/www.tamaulipas.gob.mx\/trabajo\/wp-content\/uploads\/sites\/11\/2021\/10\/boletin_feriatampico_03.jpeg' rel='galeria'><img src='https:\/\/www.tamaulipas.gob.mx\/trabajo\/wp-content\/uploads\/sites\/11\/2021\/10\/boletin_feriatampico_03-850x500.jpeg' srcset='' sizes='auto' alt=''><\/a><figcaption><\/figcaption><\/div><div class='item'><a href='https:\/\/www.tamaulipas.gob.mx\/trabajo\/wp-content\/uploads\/sites\/11\/2021\/10\/boletin_feriatampico_04.jpeg' rel='galeria'><img src='https:\/\/www.tamaulipas.gob.mx\/trabajo\/wp-content\/uploads\/sites\/11\/2021\/10\/boletin_feriatampico_04-850x500.jpeg' srcset='' sizes='auto' alt=''><\/a><figcaption><\/figcaption><\/div><div class='item'><a href='https:\/\/www.tamaulipas.gob.mx\/trabajo\/wp-content\/uploads\/sites\/11\/2021\/10\/boletin_feriatampico_05.jpeg' rel='galeria'><img src='https:\/\/www.tamaulipas.gob.mx\/trabajo\/wp-content\/uploads\/sites\/11\/2021\/10\/boletin_feriatampico_05-850x500.jpeg' srcset='' sizes='auto' alt=''><\/a><figcaption><\/figcaption><\/div><div class='item'><a href='https:\/\/www.tamaulipas.gob.mx\/trabajo\/wp-content\/uploads\/sites\/11\/2021\/10\/boletin_feriatampico_06.jpeg' rel='galeria'><img src='https:\/\/www.tamaulipas.gob.mx\/trabajo\/wp-content\/uploads\/sites\/11\/2021\/10\/boletin_feriatampico_06-850x500.jpeg' srcset='' sizes='auto' alt=''><\/a><figcaption><\/figcaption><\/div><div class='item'><a href='https:\/\/www.tamaulipas.gob.mx\/trabajo\/wp-content\/uploads\/sites\/11\/2021\/10\/boletin_feriatampico_07.jpeg' rel='galeria'><img src='https:\/\/www.tamaulipas.gob.mx\/trabajo\/wp-content\/uploads\/sites\/11\/2021\/10\/boletin_feriatampico_07-850x500.jpeg' srcset='' sizes='auto' alt=''><\/a><figcaption><\/figcaption><\/div><\/div>\n","protected":false},"excerpt":{"rendered":"<p>Tamaulipas se sum\u00f3 a las 32 entidades federativas, coadyuvando e impulsando la generaci\u00f3n de empleos, para dar respuesta a la demanda laboral. ST-029-2021 Octubre 22\u2026<\/p>\n","protected":false},"author":63,"featured_media":2100,"comment_status":"closed","ping_status":"closed","sticky":false,"template":"","format":"standard","meta":{"footnotes":""},"categories":[1],"tags":[],"class_list":["post-2096","post","type-post","status-publish","format-standard","has-post-thumbnail","hentry","category-prensa"],"publishpress_future_action":{"enabled":false,"date":"2026-05-08 15:13:36","action":"change-status","newStatus":"draft","terms":[],"taxonomy":"category"},"_links":{"self":[{"href":"https:\/\/www.tamaulipas.gob.mx\/trabajo\/wp-json\/wp\/v2\/posts\/2096"}],"collection":[{"href":"https:\/\/www.tamaulipas.gob.mx\/trabajo\/wp-json\/wp\/v2\/posts"}],"about":[{"href":"https:\/\/www.tamaulipas.gob.mx\/trabajo\/wp-json\/wp\/v2\/types\/post"}],"author":[{"embeddable":true,"href":"https:\/\/www.tamaulipas.gob.mx\/trabajo\/wp-json\/wp\/v2\/users\/63"}],"replies":[{"embeddable":true,"href":"https:\/\/www.tamaulipas.gob.mx\/trabajo\/wp-json\/wp\/v2\/comments?post=2096"}],"version-history":[{"count":2,"href":"https:\/\/www.tamaulipas.gob.mx\/trabajo\/wp-json\/wp\/v2\/posts\/2096\/revisions"}],"predecessor-version":[{"id":2105,"href":"https:\/\/www.tamaulipas.gob.mx\/trabajo\/wp-json\/wp\/v2\/posts\/2096\/revisions\/2105"}],"wp:featuredmedia":[{"embeddable":true,"href":"https:\/\/www.tamaulipas.gob.mx\/trabajo\/wp-json\/wp\/v2\/media\/2100"}],"wp:attachment":[{"href":"https:\/\/www.tamaulipas.gob.mx\/trabajo\/wp-json\/wp\/v2\/media?parent=2096"}],"wp:term":[{"taxonomy":"category","embeddable":true,"href":"https:\/\/www.tamaulipas.gob.mx\/trabajo\/wp-json\/wp\/v2\/categories?post=2096"},{"taxonomy":"post_tag","embeddable":true,"href":"https:\/\/www.tamaulipas.gob.mx\/trabajo\/wp-json\/wp\/v2\/tags?post=2096"}],"curies":[{"name":"wp","href":"https:\/\/api.w.org\/{rel}","templated":true}]}}