{"id":2084,"date":"2021-10-18T22:00:10","date_gmt":"2021-10-19T03:00:10","guid":{"rendered":"https:\/\/www.tamaulipas.gob.mx\/trabajo\/?p=2084"},"modified":"2021-10-19T11:44:51","modified_gmt":"2021-10-19T16:44:51","slug":"contratan-a-mas-tamaulipecos-para-laborar-en-el-extranjero-suman-468-en-estados-unidos-canada-y-alemania","status":"publish","type":"post","link":"https:\/\/www.tamaulipas.gob.mx\/trabajo\/2021\/10\/contratan-a-mas-tamaulipecos-para-laborar-en-el-extranjero-suman-468-en-estados-unidos-canada-y-alemania\/","title":{"rendered":"Contratan a m\u00e1s tamaulipecos para laborar en el extranjero, suman 468 en Estados Unidos, Canad\u00e1 y Alemania"},"content":{"rendered":"<p><em><strong>Derivado a las pol\u00edticas laborales implementadas por el Gobernador, Francisco Garc\u00eda Cabeza de Vaca, se sigue apoyando a quienes buscan mejores oportunidades laborales fuera de M\u00e9xico.<\/strong><\/em><\/p>\n<p style=\"text-align: right;\">ST-028-2021<\/p>\n<p>Octubre 18 del 2021<\/p>\n<p style=\"text-align: justify;\">Ciudad Victoria, Tamaulipas.- El Gobierno de Tamaulipas a trav\u00e9s de la Secretar\u00eda del Trabajo, logr\u00f3 la contrataci\u00f3n de 16 nuevos trabajadores, para laborar en una empresa extranjera dedicada a la cosecha de tomate.<\/p>\n<p style=\"text-align: justify;\">Mediante el Mecanismo de Movilidad Laboral M\u00e9xico-Estados Unidos, operado por el Servicio Nacional de Empleo Tamaulipas, se facilit\u00f3 la integraci\u00f3n de documentaci\u00f3n y tr\u00e1mites migratorios, para obtener la selecci\u00f3n de los trabajadores.<\/p>\n<p style=\"text-align: justify;\">Miguel \u00c1ngel Villarreal Ongay, encargado de la dependencia estatal, dijo que derivado a las pol\u00edticas laborales implementadas por el Gobernador, Francisco Garc\u00eda Cabeza de Vaca, se sigue apoyando a quienes buscan mejores oportunidades de trabajo fuera de M\u00e9xico.<\/p>\n<p style=\"text-align: justify;\">\u201cLos trabajadores fueron postulados por el Servicio Nacional de Empleo Tamaulipas (SNETam), los contrat\u00f3 la empresa \u201cGargiulo\u201d, ubicada en Naples, Florida, Estados Unidos, laborar\u00e1n en la cosecha de tomate durante 7 meses\u201d, explic\u00f3.<\/p>\n<p style=\"text-align: justify;\">Los agricultores, ya cuentan con su cita en el consulado de Monterrey para obtener su Visa H2A, y cumplir con el contrato establecido y las normas que se requieren para internarse en los Estados Unidos.<\/p>\n<p style=\"text-align: justify;\">En lo que va del a\u00f1o, un total de 468 trabajadores se han colocado en diversas vacantes, tanto en Estados Unidos, Canad\u00e1 y Alemania, mediante el Mecanismo de Movilidad Laboral y el Programa de Trabajadores Agr\u00edcolas Temporales (PTAT).<\/p>\n<p style=\"text-align: justify;\">Los pa\u00edses han requerido de la mano de obra tamaulipeca, tanto para el \u00e1rea de pesca, agropecuaria, floricultura y profesional, por la capacidad, experiencia y talento de los trabajadores.<\/p>\n<p style=\"text-align: justify;\">Las 16 personas pertenecen a los municipios de Reynosa, San Nicol\u00e1s, Jaumave, Tula, G\u00fcemes, San Fernando y Burgos; Villarreal Ongay record\u00f3 que el trabajo de los tamaulipecos en el extranjero, representa una fuente econ\u00f3mica importante para las familias y sus comunidades.<\/p>\n<p style=\"text-align: center;\">###<\/p>\n<p>&nbsp;<\/p>\n<div class='owl-gallery'><div class='item'><a href='https:\/\/www.tamaulipas.gob.mx\/trabajo\/wp-content\/uploads\/sites\/11\/2021\/10\/boletin-en-el-extranjero_01.jpeg' rel='galeria'><img src='https:\/\/www.tamaulipas.gob.mx\/trabajo\/wp-content\/uploads\/sites\/11\/2021\/10\/boletin-en-el-extranjero_01-850x500.jpeg' srcset='' sizes='auto' alt=''><\/a><figcaption><\/figcaption><\/div><div class='item'><a href='https:\/\/www.tamaulipas.gob.mx\/trabajo\/wp-content\/uploads\/sites\/11\/2021\/10\/boletin-en-el-extranjero_02.jpeg' rel='galeria'><img src='https:\/\/www.tamaulipas.gob.mx\/trabajo\/wp-content\/uploads\/sites\/11\/2021\/10\/boletin-en-el-extranjero_02-850x500.jpeg' srcset='' sizes='auto' alt=''><\/a><figcaption><\/figcaption><\/div><div class='item'><a href='https:\/\/www.tamaulipas.gob.mx\/trabajo\/wp-content\/uploads\/sites\/11\/2021\/10\/boletin-en-el-extranjero_03.jpeg' rel='galeria'><img src='https:\/\/www.tamaulipas.gob.mx\/trabajo\/wp-content\/uploads\/sites\/11\/2021\/10\/boletin-en-el-extranjero_03-850x500.jpeg' srcset='' sizes='auto' alt=''><\/a><figcaption><\/figcaption><\/div><div class='item'><a href='https:\/\/www.tamaulipas.gob.mx\/trabajo\/wp-content\/uploads\/sites\/11\/2021\/10\/boletin-en-el-extranjero_04.jpeg' rel='galeria'><img src='https:\/\/www.tamaulipas.gob.mx\/trabajo\/wp-content\/uploads\/sites\/11\/2021\/10\/boletin-en-el-extranjero_04-850x500.jpeg' srcset='' sizes='auto' alt=''><\/a><figcaption><\/figcaption><\/div><div class='item'><a href='https:\/\/www.tamaulipas.gob.mx\/trabajo\/wp-content\/uploads\/sites\/11\/2021\/10\/boletin-en-el-extranjero_05.jpeg' rel='galeria'><img src='https:\/\/www.tamaulipas.gob.mx\/trabajo\/wp-content\/uploads\/sites\/11\/2021\/10\/boletin-en-el-extranjero_05-850x500.jpeg' srcset='' sizes='auto' alt=''><\/a><figcaption><\/figcaption><\/div><div class='item'><a href='https:\/\/www.tamaulipas.gob.mx\/trabajo\/wp-content\/uploads\/sites\/11\/2021\/10\/boletin-en-el-extranjero_06.jpeg' rel='galeria'><img src='https:\/\/www.tamaulipas.gob.mx\/trabajo\/wp-content\/uploads\/sites\/11\/2021\/10\/boletin-en-el-extranjero_06-850x500.jpeg' srcset='' sizes='auto' alt=''><\/a><figcaption><\/figcaption><\/div><div class='item'><a href='https:\/\/www.tamaulipas.gob.mx\/trabajo\/wp-content\/uploads\/sites\/11\/2021\/10\/boletin-en-el-extranjero_07.jpeg' rel='galeria'><img src='https:\/\/www.tamaulipas.gob.mx\/trabajo\/wp-content\/uploads\/sites\/11\/2021\/10\/boletin-en-el-extranjero_07-850x500.jpeg' srcset='' sizes='auto' alt=''><\/a><figcaption><\/figcaption><\/div><div class='item'><a href='https:\/\/www.tamaulipas.gob.mx\/trabajo\/wp-content\/uploads\/sites\/11\/2021\/10\/boletin-en-el-extranjero_08.jpeg' rel='galeria'><img src='https:\/\/www.tamaulipas.gob.mx\/trabajo\/wp-content\/uploads\/sites\/11\/2021\/10\/boletin-en-el-extranjero_08-850x500.jpeg' srcset='' sizes='auto' alt=''><\/a><figcaption><\/figcaption><\/div><div class='item'><a href='https:\/\/www.tamaulipas.gob.mx\/trabajo\/wp-content\/uploads\/sites\/11\/2021\/10\/boletin-en-el-extranjero_09.jpeg' rel='galeria'><img src='https:\/\/www.tamaulipas.gob.mx\/trabajo\/wp-content\/uploads\/sites\/11\/2021\/10\/boletin-en-el-extranjero_09-850x500.jpeg' srcset='' sizes='auto' alt=''><\/a><figcaption><\/figcaption><\/div><div class='item'><a href='https:\/\/www.tamaulipas.gob.mx\/trabajo\/wp-content\/uploads\/sites\/11\/2021\/10\/boletin-en-el-extranjero_10.jpeg' rel='galeria'><img src='https:\/\/www.tamaulipas.gob.mx\/trabajo\/wp-content\/uploads\/sites\/11\/2021\/10\/boletin-en-el-extranjero_10-850x500.jpeg' srcset='' sizes='auto' alt=''><\/a><figcaption><\/figcaption><\/div><\/div>\n","protected":false},"excerpt":{"rendered":"<p>Derivado a las pol\u00edticas laborales implementadas por el Gobernador, Francisco Garc\u00eda Cabeza de Vaca, se sigue apoyando a quienes buscan mejores oportunidades laborales fuera de\u2026<\/p>\n","protected":false},"author":63,"featured_media":2090,"comment_status":"closed","ping_status":"closed","sticky":false,"template":"","format":"standard","meta":{"footnotes":""},"categories":[1],"tags":[],"class_list":["post-2084","post","type-post","status-publish","format-standard","has-post-thumbnail","hentry","category-prensa"],"publishpress_future_action":{"enabled":false,"date":"2026-05-08 15:17:29","action":"change-status","newStatus":"draft","terms":[],"taxonomy":"category"},"_links":{"self":[{"href":"https:\/\/www.tamaulipas.gob.mx\/trabajo\/wp-json\/wp\/v2\/posts\/2084"}],"collection":[{"href":"https:\/\/www.tamaulipas.gob.mx\/trabajo\/wp-json\/wp\/v2\/posts"}],"about":[{"href":"https:\/\/www.tamaulipas.gob.mx\/trabajo\/wp-json\/wp\/v2\/types\/post"}],"author":[{"embeddable":true,"href":"https:\/\/www.tamaulipas.gob.mx\/trabajo\/wp-json\/wp\/v2\/users\/63"}],"replies":[{"embeddable":true,"href":"https:\/\/www.tamaulipas.gob.mx\/trabajo\/wp-json\/wp\/v2\/comments?post=2084"}],"version-history":[{"count":1,"href":"https:\/\/www.tamaulipas.gob.mx\/trabajo\/wp-json\/wp\/v2\/posts\/2084\/revisions"}],"predecessor-version":[{"id":2095,"href":"https:\/\/www.tamaulipas.gob.mx\/trabajo\/wp-json\/wp\/v2\/posts\/2084\/revisions\/2095"}],"wp:featuredmedia":[{"embeddable":true,"href":"https:\/\/www.tamaulipas.gob.mx\/trabajo\/wp-json\/wp\/v2\/media\/2090"}],"wp:attachment":[{"href":"https:\/\/www.tamaulipas.gob.mx\/trabajo\/wp-json\/wp\/v2\/media?parent=2084"}],"wp:term":[{"taxonomy":"category","embeddable":true,"href":"https:\/\/www.tamaulipas.gob.mx\/trabajo\/wp-json\/wp\/v2\/categories?post=2084"},{"taxonomy":"post_tag","embeddable":true,"href":"https:\/\/www.tamaulipas.gob.mx\/trabajo\/wp-json\/wp\/v2\/tags?post=2084"}],"curies":[{"name":"wp","href":"https:\/\/api.w.org\/{rel}","templated":true}]}}