{"id":208,"date":"2017-08-21T15:45:46","date_gmt":"2017-08-21T20:45:46","guid":{"rendered":"http:\/\/www.tamaulipas.gob.mx\/trabajo\/?p=208"},"modified":"2018-05-08T12:02:43","modified_gmt":"2018-05-08T17:02:43","slug":"segunda-jornada-de-trabajo-seguro-por-el-bienestar-social-y-desarrollo-economico-sostenible-de-los-tamaulipecos","status":"publish","type":"post","link":"https:\/\/www.tamaulipas.gob.mx\/trabajo\/2017\/08\/segunda-jornada-de-trabajo-seguro-por-el-bienestar-social-y-desarrollo-economico-sostenible-de-los-tamaulipecos\/","title":{"rendered":"Segunda Jornada de Trabajo Seguro, por el bienestar social y desarrollo econ\u00f3mico sostenible de los tamaulipecos"},"content":{"rendered":"<p>Ciudad Victoria, Tamaulipas.-La Secretar\u00eda del Trabajo de Tamaulipas, mediante la Direcci\u00f3n de Inspecci\u00f3n y Previsi\u00f3n Social, efectu\u00f3 la Segunda Jornada de Trabajo Seguro, para dar seguimiento a las acciones de sensibilizaci\u00f3n y culturizaci\u00f3n a ciudadanos, en la prevenci\u00f3n de riesgos laborales.<\/p>\n<p>El evento concentr\u00f3 a personal y representantes de empresas, as\u00ed como a l\u00edderes sindicales, quienes recibieron capacitaci\u00f3n sobre las Condiciones Generales de Seguridad y Salud en el Trabajo, normatividad aplicable en edificios, locales e instalaciones, a fin de concretar \u00e1reas de trabajo de calidad, disciplina, organizaci\u00f3n e higiene.<\/p>\n<p>Mar\u00eda Estela Chavira Mart\u00ednez titular de la dependencia estatal, dijo que la voluntad del Gobernador del Estado Francisco Garc\u00eda Cabeza de Vaca, es apoyar a empresarios y trabajadores, para que estos cuenten con las herramientas necesarias y con ellas fortalecer, recuperar y reconstruir el tejido social de Tamaulipas.<\/p>\n<p>\u201cLos trabajadores, al obtener las herramientas que utilizar\u00e1n en el campo laboral, beneficiar\u00e1n directamente a todos aquellos que se encuentran en sus centros laborales\u201d, asegur\u00f3.<\/p>\n<p>Conferencias enfocadas al bienestar emocional, la importancia de los primeros auxilios en el entorno laboral y ejercicios pr\u00e1cticos de seguridad, fueron impartidas por capacitadores certificados de la STPS y personal de la Direcci\u00f3n de Seguridad Integral de la UAT.<\/p>\n<p>En la Jornada de Trabajo Seguro, se se\u00f1al\u00f3 que la prevenci\u00f3n y la salud en \u00e1reas de trabajo, resultan un valor primordial, pues reduce los costos asociados, accidentes, enfermedades, ausentismo y da\u00f1o f\u00edsico, y estas mejoran sustancialmente la productividad y competitividad de las empresas, lo cual redunda en el bienestar social y en el desarrollo econ\u00f3mico sostenible de los tamaulipecos.<\/p>\n<p>En el evento estuvieron presentes, Alejandro Castrej\u00f3n Calder\u00f3n, Director de Inspecci\u00f3n y Previsi\u00f3n Social; Othoniel de los Reyes C\u00e1ceres, Subsecretario de Certificaci\u00f3n, en representaci\u00f3n del Delegado Federal de la STPS, Rodrigo Mario Stolberg Hinojosa; el Subsecretario del Trabajo y Previsi\u00f3n Social Arturo Gonz\u00e1lez Salazar; Ra\u00fal Manzur Manzur, Subsecretario de Empleo y Previsi\u00f3n Social; empresarios y representantes de c\u00e1maras empresariales, docentes y ciudadanos en general.<\/p>\n<p>&nbsp;<\/p>\n","protected":false},"excerpt":{"rendered":"<p>Ciudad Victoria, Tamaulipas.-La Secretar\u00eda del Trabajo de Tamaulipas, mediante la Direcci\u00f3n de Inspecci\u00f3n y Previsi\u00f3n Social, efectu\u00f3 la Segunda Jornada de Trabajo Seguro, para dar\u2026<\/p>\n","protected":false},"author":63,"featured_media":210,"comment_status":"closed","ping_status":"closed","sticky":false,"template":"","format":"standard","meta":{"footnotes":""},"categories":[1],"tags":[],"class_list":["post-208","post","type-post","status-publish","format-standard","has-post-thumbnail","hentry","category-prensa"],"publishpress_future_action":{"enabled":false,"date":"2026-05-08 03:34:15","action":"change-status","newStatus":"draft","terms":[],"taxonomy":"category"},"_links":{"self":[{"href":"https:\/\/www.tamaulipas.gob.mx\/trabajo\/wp-json\/wp\/v2\/posts\/208"}],"collection":[{"href":"https:\/\/www.tamaulipas.gob.mx\/trabajo\/wp-json\/wp\/v2\/posts"}],"about":[{"href":"https:\/\/www.tamaulipas.gob.mx\/trabajo\/wp-json\/wp\/v2\/types\/post"}],"author":[{"embeddable":true,"href":"https:\/\/www.tamaulipas.gob.mx\/trabajo\/wp-json\/wp\/v2\/users\/63"}],"replies":[{"embeddable":true,"href":"https:\/\/www.tamaulipas.gob.mx\/trabajo\/wp-json\/wp\/v2\/comments?post=208"}],"version-history":[{"count":1,"href":"https:\/\/www.tamaulipas.gob.mx\/trabajo\/wp-json\/wp\/v2\/posts\/208\/revisions"}],"predecessor-version":[{"id":209,"href":"https:\/\/www.tamaulipas.gob.mx\/trabajo\/wp-json\/wp\/v2\/posts\/208\/revisions\/209"}],"wp:featuredmedia":[{"embeddable":true,"href":"https:\/\/www.tamaulipas.gob.mx\/trabajo\/wp-json\/wp\/v2\/media\/210"}],"wp:attachment":[{"href":"https:\/\/www.tamaulipas.gob.mx\/trabajo\/wp-json\/wp\/v2\/media?parent=208"}],"wp:term":[{"taxonomy":"category","embeddable":true,"href":"https:\/\/www.tamaulipas.gob.mx\/trabajo\/wp-json\/wp\/v2\/categories?post=208"},{"taxonomy":"post_tag","embeddable":true,"href":"https:\/\/www.tamaulipas.gob.mx\/trabajo\/wp-json\/wp\/v2\/tags?post=208"}],"curies":[{"name":"wp","href":"https:\/\/api.w.org\/{rel}","templated":true}]}}