{"id":2072,"date":"2021-10-05T22:00:39","date_gmt":"2021-10-06T03:00:39","guid":{"rendered":"https:\/\/www.tamaulipas.gob.mx\/trabajo\/?p=2072"},"modified":"2021-10-06T10:57:14","modified_gmt":"2021-10-06T15:57:14","slug":"en-tamaulipas-se-vigila-cumplimiento-del-ptu-2020","status":"publish","type":"post","link":"https:\/\/www.tamaulipas.gob.mx\/trabajo\/2021\/10\/en-tamaulipas-se-vigila-cumplimiento-del-ptu-2020\/","title":{"rendered":"En Tamaulipas se vigila cumplimiento del PTU 2020"},"content":{"rendered":"<p><em><strong>El gobernador, Francisco Garc\u00eda Cabeza de Vaca, ha instruido no bajar la guardia y seguir velando por los derechos laborales de los trabajadores.<\/strong><\/em><\/p>\n<p style=\"text-align: right;\">ST-027-2021<\/p>\n<p>Octubre 5 del 2021<\/p>\n<p style=\"text-align: justify;\">Ciudad Victoria, Tamaulipas.- M\u00e1s de 500 visitas a empresas y establecimientos, han sido efectuadas por el Gobierno de Tamaulipas, en lo que va del 2021, para verificar la correcta Participaci\u00f3n de los Trabajadores en las Utilidades (PTU), correspondiente al a\u00f1o fiscal 2020.<\/p>\n<p style=\"text-align: justify;\">El Secretario del Trabajo, Miguel \u00c1ngel Villarreal Ongay, dio a conocer que a trav\u00e9s de los procesos de supervisi\u00f3n, implementados por personal de la Direcci\u00f3n de Inspecci\u00f3n y Previsi\u00f3n Social, se vigila que patrones cumplan con las disposiciones que marca la Ley Federal del Trabajo.<\/p>\n<p style=\"text-align: justify;\">\u201cEl PTU es un derecho constitucional de los trabajadores, para recibir parte de las ganancias que obtiene la empresa, el gobernador, Francisco Garc\u00eda Cabeza de Vaca, nos ha instruido no bajar la guardia y seguir velando por los derechos laborales de los trabajadores\u201d, dijo.<\/p>\n<p style=\"text-align: justify;\">Explic\u00f3 que la DIPS ha atendido un total de 37 quejas por incumplimiento del PTU, de las cuales 12 corresponden a empresas ubicadas en la zona conurbada de Tampico, Madero y Altamira, 9 son de Ciudad Victoria y 16 de los municipios asentados en la zona norte del estado.<\/p>\n<p style=\"text-align: justify;\">De acuerdo al encargado de la dependencia laboral, aunado a las inspecciones en los centros laborales relacionadas con el PTU, tambi\u00e9n se verifican las Condiciones Generales y de Seguridad y Salud, incluyendo los derechos de los grupos vulnerables integrados por mujeres embarazadas, menores de edad, personas con discapacidad y adultos mayores, en los que se han beneficiado a m\u00e1s de 7 mil 014 trabajadores.<\/p>\n<p style=\"text-align: justify;\">Se\u00f1al\u00f3 que los trabajadores que no recibieron sus utilidades, tienen hasta un a\u00f1o, a partir del d\u00eda siguiente a la fecha l\u00edmite, para reclamar su derecho, y en caso de requerir orientaci\u00f3n, puso a disposici\u00f3n el n\u00famero 01 800 821 2110, para brindar atenci\u00f3n en caso de interponer alguna denuncia sobre las violaciones a la legislaci\u00f3n laboral.<\/p>\n<p>&nbsp;<\/p>\n<p style=\"text-align: center;\">###<\/p>\n<p>&nbsp;<\/p>\n<div class='owl-gallery'><div class='item'><a href='https:\/\/www.tamaulipas.gob.mx\/trabajo\/wp-content\/uploads\/sites\/11\/2021\/10\/boletin_ptu_2021_01.jpeg' rel='galeria'><img src='https:\/\/www.tamaulipas.gob.mx\/trabajo\/wp-content\/uploads\/sites\/11\/2021\/10\/boletin_ptu_2021_01-850x500.jpeg' srcset='' sizes='auto' alt=''><\/a><figcaption><\/figcaption><\/div><div class='item'><a href='https:\/\/www.tamaulipas.gob.mx\/trabajo\/wp-content\/uploads\/sites\/11\/2021\/10\/boletin_ptu_2021_02.jpeg' rel='galeria'><img src='https:\/\/www.tamaulipas.gob.mx\/trabajo\/wp-content\/uploads\/sites\/11\/2021\/10\/boletin_ptu_2021_02-850x500.jpeg' srcset='' sizes='auto' alt=''><\/a><figcaption><\/figcaption><\/div><div class='item'><a href='https:\/\/www.tamaulipas.gob.mx\/trabajo\/wp-content\/uploads\/sites\/11\/2021\/10\/boletin_ptu_2021_03.jpeg' rel='galeria'><img src='https:\/\/www.tamaulipas.gob.mx\/trabajo\/wp-content\/uploads\/sites\/11\/2021\/10\/boletin_ptu_2021_03-850x500.jpeg' srcset='' sizes='auto' alt=''><\/a><figcaption><\/figcaption><\/div><div class='item'><a href='https:\/\/www.tamaulipas.gob.mx\/trabajo\/wp-content\/uploads\/sites\/11\/2021\/10\/boletin_ptu_2021_04.jpeg' rel='galeria'><img src='https:\/\/www.tamaulipas.gob.mx\/trabajo\/wp-content\/uploads\/sites\/11\/2021\/10\/boletin_ptu_2021_04-850x500.jpeg' srcset='' sizes='auto' alt=''><\/a><figcaption><\/figcaption><\/div><div class='item'><a href='https:\/\/www.tamaulipas.gob.mx\/trabajo\/wp-content\/uploads\/sites\/11\/2021\/10\/boletin_ptu_2021_05.jpeg' rel='galeria'><img src='https:\/\/www.tamaulipas.gob.mx\/trabajo\/wp-content\/uploads\/sites\/11\/2021\/10\/boletin_ptu_2021_05-850x500.jpeg' srcset='' sizes='auto' alt=''><\/a><figcaption><\/figcaption><\/div><div class='item'><a href='https:\/\/www.tamaulipas.gob.mx\/trabajo\/wp-content\/uploads\/sites\/11\/2021\/10\/boletin_ptu_2021_06.jpeg' rel='galeria'><img src='https:\/\/www.tamaulipas.gob.mx\/trabajo\/wp-content\/uploads\/sites\/11\/2021\/10\/boletin_ptu_2021_06-850x500.jpeg' srcset='' sizes='auto' alt=''><\/a><figcaption><\/figcaption><\/div><\/div>\n","protected":false},"excerpt":{"rendered":"<p>El gobernador, Francisco Garc\u00eda Cabeza de Vaca, ha instruido no bajar la guardia y seguir velando por los derechos laborales de los trabajadores. ST-027-2021 Octubre\u2026<\/p>\n","protected":false},"author":63,"featured_media":2076,"comment_status":"closed","ping_status":"open","sticky":false,"template":"","format":"standard","meta":{"footnotes":""},"categories":[1],"tags":[],"class_list":["post-2072","post","type-post","status-publish","format-standard","has-post-thumbnail","hentry","category-prensa"],"publishpress_future_action":{"enabled":false,"date":"2026-05-08 15:24:11","action":"change-status","newStatus":"draft","terms":[],"taxonomy":"category"},"_links":{"self":[{"href":"https:\/\/www.tamaulipas.gob.mx\/trabajo\/wp-json\/wp\/v2\/posts\/2072"}],"collection":[{"href":"https:\/\/www.tamaulipas.gob.mx\/trabajo\/wp-json\/wp\/v2\/posts"}],"about":[{"href":"https:\/\/www.tamaulipas.gob.mx\/trabajo\/wp-json\/wp\/v2\/types\/post"}],"author":[{"embeddable":true,"href":"https:\/\/www.tamaulipas.gob.mx\/trabajo\/wp-json\/wp\/v2\/users\/63"}],"replies":[{"embeddable":true,"href":"https:\/\/www.tamaulipas.gob.mx\/trabajo\/wp-json\/wp\/v2\/comments?post=2072"}],"version-history":[{"count":2,"href":"https:\/\/www.tamaulipas.gob.mx\/trabajo\/wp-json\/wp\/v2\/posts\/2072\/revisions"}],"predecessor-version":[{"id":2080,"href":"https:\/\/www.tamaulipas.gob.mx\/trabajo\/wp-json\/wp\/v2\/posts\/2072\/revisions\/2080"}],"wp:featuredmedia":[{"embeddable":true,"href":"https:\/\/www.tamaulipas.gob.mx\/trabajo\/wp-json\/wp\/v2\/media\/2076"}],"wp:attachment":[{"href":"https:\/\/www.tamaulipas.gob.mx\/trabajo\/wp-json\/wp\/v2\/media?parent=2072"}],"wp:term":[{"taxonomy":"category","embeddable":true,"href":"https:\/\/www.tamaulipas.gob.mx\/trabajo\/wp-json\/wp\/v2\/categories?post=2072"},{"taxonomy":"post_tag","embeddable":true,"href":"https:\/\/www.tamaulipas.gob.mx\/trabajo\/wp-json\/wp\/v2\/tags?post=2072"}],"curies":[{"name":"wp","href":"https:\/\/api.w.org\/{rel}","templated":true}]}}