{"id":2063,"date":"2021-09-28T22:00:45","date_gmt":"2021-09-29T03:00:45","guid":{"rendered":"https:\/\/www.tamaulipas.gob.mx\/trabajo\/?p=2063"},"modified":"2021-09-29T10:59:11","modified_gmt":"2021-09-29T15:59:11","slug":"con-el-programa-de-apoyo-al-empleo-pae-tamaulipas-contribuye-con-el-bienestar-social-y-economico-de-los-tamaulipecos","status":"publish","type":"post","link":"https:\/\/www.tamaulipas.gob.mx\/trabajo\/2021\/09\/con-el-programa-de-apoyo-al-empleo-pae-tamaulipas-contribuye-con-el-bienestar-social-y-economico-de-los-tamaulipecos\/","title":{"rendered":"Con el Programa de Apoyo al Empleo (PAE), Tamaulipas contribuye con el bienestar social y econ\u00f3mico de los tamaulipecos"},"content":{"rendered":"<p><em><strong>El gobernador, Francisco Garc\u00eda Cabeza de Vaca, impulsa y promueve la creaci\u00f3n de fuentes de empleo, que brinden bienestar social y econ\u00f3mico a las familias tamaulipecas.<\/strong><\/em><\/p>\n<p style=\"text-align: right;\">ST-026-2021<\/p>\n<p>Septiembre 28 del 2021<\/p>\n<p style=\"text-align: justify;\">Ciudad Victoria, Tamaulipas.- Mediante el Programa de Apoyo al Empleo (PAE), que ofrece el Gobierno de Tamaulipas, se sigue favoreciendo a los tamaulipecos, facilit\u00e1ndoles la vinculaci\u00f3n y contrataci\u00f3n laboral, as\u00ed como las herramientas de trabajo, a fin de mejorar sus condiciones de vida.<\/p>\n<p style=\"text-align: justify;\">Lo anterior lo dio a conocer Miguel \u00c1ngel Villarreal Ongay, Secretario del Trabajo, qui\u00e9n argument\u00f3 que en lo que va de la administraci\u00f3n, se ha logrado consolidar en un empleo formal, a m\u00e1s de 56 mil buscadores de empleo, y se han brindado servicios de atenci\u00f3n complementaria a m\u00e1s de 68 mil personas.<\/p>\n<p style=\"text-align: justify;\">Dijo que a trav\u00e9s del Servicio Nacional de Empleo Tamaulipas, junto con el sector empresarial, se promueve gratuitamente la oferta laboral, mediante la bolsa de trabajo, Ferias de Empleo o vacantes tanto a nivel nacional o internacional.<\/p>\n<p style=\"text-align: justify;\">\u201cCon las pol\u00edticas p\u00fablicas implementadas por el gobernador, Francisco Garc\u00eda Cabeza de Vaca, se facilita y se favorece la inserci\u00f3n a un trabajo remunerado, que contenga las prestaciones de ley, y se otorgan los instrumentos para alcanzar el \u00e9xito en una entrevista laboral\u201d, expres\u00f3.<\/p>\n<p style=\"text-align: justify;\">Destac\u00f3 que tan solo con las Ferias de Empleo, desarrolladas en los principales municipios, se ha logrado brindar atenci\u00f3n a por lo menos 25 mil 243 buscadores de empleo, colocando a m\u00e1s de 5 mil 385 personas en un trabajo remunerado, entre ellas a personas con discapacidad, en cuanto a la solicitud de vacantes, se han atendido a m\u00e1s de 141 mil tamaulipecos en las 7 oficinas del SNETam, colocando a m\u00e1s de 36 mil en una fuente laboral.<\/p>\n<p style=\"text-align: justify;\">Villarreal Ongay, expuso que actualmente 10 enfermeras y enfermeros se encuentran laborando en hospitales de Alemania, y alrededor de 40 trabajadores participan en empresas agr\u00edcolas o de manera profesional en los Estados Unidos, y cerca de 400 tamaulipecos est\u00e1n inscritos en el Programa de Trabajadores Temporales Agr\u00edcolas M\u00e9xico-Canad\u00e1, laborando en diversas provincias de ese pa\u00eds.<\/p>\n<p style=\"text-align: justify;\">Confirm\u00f3 que el objetivo del mandatario, est\u00e1 encaminado a impulsar y promover la creaci\u00f3n de fuentes de empleo, \u00a0que brinden bienestar social y econ\u00f3mico a las familias tamaulipecas.<\/p>\n<p style=\"text-align: center;\">###<\/p>\n<p>&nbsp;<\/p>\n<div class='owl-gallery'><div class='item'><a href='https:\/\/www.tamaulipas.gob.mx\/trabajo\/wp-content\/uploads\/sites\/11\/2021\/09\/boletin-pae-2021_01.jpeg' rel='galeria'><img src='https:\/\/www.tamaulipas.gob.mx\/trabajo\/wp-content\/uploads\/sites\/11\/2021\/09\/boletin-pae-2021_01-850x500.jpeg' srcset='' sizes='auto' alt=''><\/a><figcaption><\/figcaption><\/div><div class='item'><a href='https:\/\/www.tamaulipas.gob.mx\/trabajo\/wp-content\/uploads\/sites\/11\/2021\/09\/boletin-pae-2021_02.jpeg' rel='galeria'><img src='https:\/\/www.tamaulipas.gob.mx\/trabajo\/wp-content\/uploads\/sites\/11\/2021\/09\/boletin-pae-2021_02-850x500.jpeg' srcset='' sizes='auto' alt=''><\/a><figcaption><\/figcaption><\/div><div class='item'><a href='https:\/\/www.tamaulipas.gob.mx\/trabajo\/wp-content\/uploads\/sites\/11\/2021\/09\/boletin-pae-2021_03.jpeg' rel='galeria'><img src='https:\/\/www.tamaulipas.gob.mx\/trabajo\/wp-content\/uploads\/sites\/11\/2021\/09\/boletin-pae-2021_03-850x500.jpeg' srcset='' sizes='auto' alt=''><\/a><figcaption><\/figcaption><\/div><div class='item'><a href='https:\/\/www.tamaulipas.gob.mx\/trabajo\/wp-content\/uploads\/sites\/11\/2021\/09\/boletin-pae-2021_04.jpeg' rel='galeria'><img src='https:\/\/www.tamaulipas.gob.mx\/trabajo\/wp-content\/uploads\/sites\/11\/2021\/09\/boletin-pae-2021_04-850x500.jpeg' srcset='' sizes='auto' alt=''><\/a><figcaption><\/figcaption><\/div><div class='item'><a href='https:\/\/www.tamaulipas.gob.mx\/trabajo\/wp-content\/uploads\/sites\/11\/2021\/09\/boletin-pae-2021_05.jpeg' rel='galeria'><img src='https:\/\/www.tamaulipas.gob.mx\/trabajo\/wp-content\/uploads\/sites\/11\/2021\/09\/boletin-pae-2021_05-850x500.jpeg' srcset='' sizes='auto' alt=''><\/a><figcaption><\/figcaption><\/div><div class='item'><a href='https:\/\/www.tamaulipas.gob.mx\/trabajo\/wp-content\/uploads\/sites\/11\/2021\/09\/boletin-pae-2021_06.jpeg' rel='galeria'><img src='https:\/\/www.tamaulipas.gob.mx\/trabajo\/wp-content\/uploads\/sites\/11\/2021\/09\/boletin-pae-2021_06-850x500.jpeg' srcset='' sizes='auto' alt=''><\/a><figcaption><\/figcaption><\/div><div class='item'><a href='https:\/\/www.tamaulipas.gob.mx\/trabajo\/wp-content\/uploads\/sites\/11\/2021\/09\/boletin-pae-2021_07.jpeg' rel='galeria'><img src='https:\/\/www.tamaulipas.gob.mx\/trabajo\/wp-content\/uploads\/sites\/11\/2021\/09\/boletin-pae-2021_07-850x500.jpeg' srcset='' sizes='auto' alt=''><\/a><figcaption><\/figcaption><\/div><\/div>\n","protected":false},"excerpt":{"rendered":"<p>El gobernador, Francisco Garc\u00eda Cabeza de Vaca, impulsa y promueve la creaci\u00f3n de fuentes de empleo, que brinden bienestar social y econ\u00f3mico a las familias\u2026<\/p>\n","protected":false},"author":63,"featured_media":2070,"comment_status":"closed","ping_status":"closed","sticky":false,"template":"","format":"standard","meta":{"footnotes":""},"categories":[1],"tags":[],"class_list":["post-2063","post","type-post","status-publish","format-standard","has-post-thumbnail","hentry","category-prensa"],"publishpress_future_action":{"enabled":false,"date":"2026-05-08 15:15:43","action":"change-status","newStatus":"draft","terms":[],"taxonomy":"category"},"_links":{"self":[{"href":"https:\/\/www.tamaulipas.gob.mx\/trabajo\/wp-json\/wp\/v2\/posts\/2063"}],"collection":[{"href":"https:\/\/www.tamaulipas.gob.mx\/trabajo\/wp-json\/wp\/v2\/posts"}],"about":[{"href":"https:\/\/www.tamaulipas.gob.mx\/trabajo\/wp-json\/wp\/v2\/types\/post"}],"author":[{"embeddable":true,"href":"https:\/\/www.tamaulipas.gob.mx\/trabajo\/wp-json\/wp\/v2\/users\/63"}],"replies":[{"embeddable":true,"href":"https:\/\/www.tamaulipas.gob.mx\/trabajo\/wp-json\/wp\/v2\/comments?post=2063"}],"version-history":[{"count":1,"href":"https:\/\/www.tamaulipas.gob.mx\/trabajo\/wp-json\/wp\/v2\/posts\/2063\/revisions"}],"predecessor-version":[{"id":2071,"href":"https:\/\/www.tamaulipas.gob.mx\/trabajo\/wp-json\/wp\/v2\/posts\/2063\/revisions\/2071"}],"wp:featuredmedia":[{"embeddable":true,"href":"https:\/\/www.tamaulipas.gob.mx\/trabajo\/wp-json\/wp\/v2\/media\/2070"}],"wp:attachment":[{"href":"https:\/\/www.tamaulipas.gob.mx\/trabajo\/wp-json\/wp\/v2\/media?parent=2063"}],"wp:term":[{"taxonomy":"category","embeddable":true,"href":"https:\/\/www.tamaulipas.gob.mx\/trabajo\/wp-json\/wp\/v2\/categories?post=2063"},{"taxonomy":"post_tag","embeddable":true,"href":"https:\/\/www.tamaulipas.gob.mx\/trabajo\/wp-json\/wp\/v2\/tags?post=2063"}],"curies":[{"name":"wp","href":"https:\/\/api.w.org\/{rel}","templated":true}]}}