{"id":201,"date":"2017-08-18T13:03:55","date_gmt":"2017-08-18T18:03:55","guid":{"rendered":"http:\/\/www.tamaulipas.gob.mx\/trabajo\/?p=201"},"modified":"2018-05-08T12:02:47","modified_gmt":"2018-05-08T17:02:47","slug":"entrega-de-nombramientos","status":"publish","type":"post","link":"https:\/\/www.tamaulipas.gob.mx\/trabajo\/2017\/08\/entrega-de-nombramientos\/","title":{"rendered":"ENTREGA DE NOMBRAMIENTOS"},"content":{"rendered":"<p>A nombre del Gobernador Francisco Garc\u00eda Cabeza de Vaca, la Secretaria del Trabajo Mar\u00eda Estela Chavira Mart\u00ednez, entreg\u00f3 nombramientos a Ra\u00fal Manzur Manzur, qui\u00e9n fue asignado por el mandatario estatal para ejercer el cargo como Subsecretario de Empleo y Previsi\u00f3n Social de la Secretar\u00eda del Trabajo, as\u00ed mismo otorg\u00f3 el documento a Alexandro Perales Huerta, para estar al frente de la Direcci\u00f3n General de la Oficina del Servicio Nacional de Empleo de Tamaulipas.<\/p>\n<p>Ra\u00fal Manzur Manzur, es licenciado en Administraci\u00f3n y Derecho, con m\u00e1s de 25 a\u00f1os de experiencia en el sector empresarial, dijo sentirse agradecido por la confianza que deposit\u00f3 el gobernador en su persona para ejercer el cargo, y refiri\u00f3 estar comprometido en las labores que competen a su \u00e1rea.<\/p>\n<p>Alexandro Perales Huerta es licenciado en Derecho, ha litigado en \u00e1reas de Derecho Laboral, Penal, Civil y Mercantil, ha ejercido cargos en la Secretar\u00eda de Agricultura\u00a0 como Subdirector de Evaluaci\u00f3n y Programaci\u00f3n de Apoyos Directos de PROCAMPO, Secretario T\u00e9cnico del Gerente de Comunicaci\u00f3n Social de Petr\u00f3leos Mexicanos, as\u00ed como Coordinador de Giras y Subdirector y Asesor Comercial de la misma empresa, Secretario Particular en la Secretar\u00eda de Finanzas y Director Jur\u00eddico del Seguro Popular en Tamaulipas.<\/p>\n<p>Explic\u00f3 que la nueva experiencia bajo su cargo, resulta ser una oportunidad hist\u00f3rica para seguir ofreciendo resultados a los ciudadanos, dijo que su labor como funcionario p\u00fablico ser\u00e1 transparente y privilegiara el acceso a la informaci\u00f3n a todos los ciudadanos, agradeci\u00f3 al gobernador del Estado haber otorgado la oportunidad y depositado su confianza.<\/p>\n<p>En la nueva encomienda donde estuvo presente el Subsecretario del Trabajo y Previsi\u00f3n Social Arturo Gonz\u00e1lez Salazar, Mar\u00eda Estela Chavira Mart\u00ednez, sostuvo que con los nombramientos habr\u00e1 de redoblarse los esfuerzos para seguir brindando los servicios en cuanto a empleo y trabajo en la dependencia estatal, la cual tiene el honor de presidir.<\/p>\n<p>&nbsp;<\/p>\n<p>&nbsp;<\/p>\n","protected":false},"excerpt":{"rendered":"<p>A nombre del Gobernador Francisco Garc\u00eda Cabeza de Vaca, la Secretaria del Trabajo Mar\u00eda Estela Chavira Mart\u00ednez, entreg\u00f3 nombramientos a Ra\u00fal Manzur Manzur, qui\u00e9n fue\u2026<\/p>\n","protected":false},"author":63,"featured_media":0,"comment_status":"closed","ping_status":"closed","sticky":false,"template":"","format":"standard","meta":{"footnotes":""},"categories":[1],"tags":[],"class_list":["post-201","post","type-post","status-publish","format-standard","hentry","category-prensa"],"publishpress_future_action":{"enabled":false,"date":"2026-05-08 03:33:10","action":"change-status","newStatus":"draft","terms":[],"taxonomy":"category"},"_links":{"self":[{"href":"https:\/\/www.tamaulipas.gob.mx\/trabajo\/wp-json\/wp\/v2\/posts\/201"}],"collection":[{"href":"https:\/\/www.tamaulipas.gob.mx\/trabajo\/wp-json\/wp\/v2\/posts"}],"about":[{"href":"https:\/\/www.tamaulipas.gob.mx\/trabajo\/wp-json\/wp\/v2\/types\/post"}],"author":[{"embeddable":true,"href":"https:\/\/www.tamaulipas.gob.mx\/trabajo\/wp-json\/wp\/v2\/users\/63"}],"replies":[{"embeddable":true,"href":"https:\/\/www.tamaulipas.gob.mx\/trabajo\/wp-json\/wp\/v2\/comments?post=201"}],"version-history":[{"count":1,"href":"https:\/\/www.tamaulipas.gob.mx\/trabajo\/wp-json\/wp\/v2\/posts\/201\/revisions"}],"predecessor-version":[{"id":203,"href":"https:\/\/www.tamaulipas.gob.mx\/trabajo\/wp-json\/wp\/v2\/posts\/201\/revisions\/203"}],"wp:attachment":[{"href":"https:\/\/www.tamaulipas.gob.mx\/trabajo\/wp-json\/wp\/v2\/media?parent=201"}],"wp:term":[{"taxonomy":"category","embeddable":true,"href":"https:\/\/www.tamaulipas.gob.mx\/trabajo\/wp-json\/wp\/v2\/categories?post=201"},{"taxonomy":"post_tag","embeddable":true,"href":"https:\/\/www.tamaulipas.gob.mx\/trabajo\/wp-json\/wp\/v2\/tags?post=201"}],"curies":[{"name":"wp","href":"https:\/\/api.w.org\/{rel}","templated":true}]}}