{"id":2002,"date":"2021-06-11T22:00:04","date_gmt":"2021-06-12T03:00:04","guid":{"rendered":"https:\/\/www.tamaulipas.gob.mx\/trabajo\/?p=2002"},"modified":"2021-08-10T11:29:25","modified_gmt":"2021-08-10T16:29:25","slug":"con-politicas-y-programas-de-prevencion-tamaulipas-coadyuva-en-la-erradicacion-de-trabajo-infantil","status":"publish","type":"post","link":"https:\/\/www.tamaulipas.gob.mx\/trabajo\/2021\/06\/con-politicas-y-programas-de-prevencion-tamaulipas-coadyuva-en-la-erradicacion-de-trabajo-infantil\/","title":{"rendered":"Con pol\u00edticas y programas de prevenci\u00f3n, Tamaulipas coadyuva en la erradicaci\u00f3n de Trabajo Infantil"},"content":{"rendered":"<p><em><strong>Es una prioridad del gobernador, Francisco Garc\u00eda Cabeza de Vaca, atender las causas estructurales que detonan el Trabajo Infantil.<\/strong><\/em><\/p>\n<p style=\"text-align: right;\">ST-017-2021<\/p>\n<p>Junio 11 del 2021<\/p>\n<p style=\"text-align: justify;\">Ciudad Victoria, Tamaulipas.- En el marco del D\u00eda Internacional contra el Trabajo Infantil, desde el Gobierno de Tamaulipas, seguimos redoblando esfuerzos con pol\u00edticas y programas de prevenci\u00f3n, y nos unimos a las acciones implementadas por la Organizaci\u00f3n Internacional del Trabajo (OIT), la Alianza 8.7 y la Iniciativa Regional Am\u00e9rica Latina y el Caribe Libre de Trabajo Infantil, coadyuvando en la erradicaci\u00f3n de este inconveniente, dijo el Secretario del Trabajo, Miguel \u00c1ngel Villarreal Ongay.<\/p>\n<p style=\"text-align: justify;\">\u201cUna de las principales acciones es la inspecci\u00f3n en los centros de trabajo, actividad desarrollada por la Direcci\u00f3n de Inspecci\u00f3n y Previsi\u00f3n Social, para garantizar que las normas nacionales y tratados internacionales que protegen a ni\u00f1as, ni\u00f1os y adolescentes, sean respetadas por las y los empleadores\u201d.<\/p>\n<p style=\"text-align: justify;\">Bajo el slogan \u201cActuemos ahora para poner fin al Trabajo Infantil\u201d, del 10 al 17 de junio, se desarrolla la semana de acci\u00f3n contra el trabajo infantil, que a trav\u00e9s de la Secretar\u00eda del Trabajo, tiene como objetivo identificar a los ni\u00f1os y ni\u00f1as que se encuentran en trayectoria de trabajo infantil, para impedir su ingreso al mercado laboral, y salvaguardar sus condiciones generales de trabajo.<\/p>\n<p style=\"text-align: justify;\">\u201cEn lo que va del 2021, hemos visitado 298 centros de trabajo en el estado, espec\u00edficamente de competencia local, realizando 596 inspecciones en las que hemos verificado las Condiciones Generales de Trabajo, de Seguridad y Salud, beneficiando a 3 mil 807 trabajadores\u201d, dijo el funcionario.<\/p>\n<p style=\"text-align: justify;\">Expres\u00f3 que durante la ocasi\u00f3n, el trabajo infantil se da dentro de un escenario complicado por el Covid-19, sin embargo es una prioridad del gobernador, Francisco Garc\u00eda Cabeza de Vaca, la de atender las causas estructurales que detonan este problema.<\/p>\n<p style=\"text-align: justify;\">Villarreal Ongay explic\u00f3, que el trabajo infantil tiene sus ra\u00edces en la pobreza, la falta de protecci\u00f3n social y la incapacidad para asegurar la asistencia de los ni\u00f1os a la escuela hasta la edad m\u00ednima legal de admisi\u00f3n al empleo, y dicho fen\u00f3meno se vincula directamente con la violaci\u00f3n a los derechos fundamentales, generando impactos negativos a lo largo de sus vidas.<\/p>\n<p style=\"text-align: justify;\">Dijo que desde la dependencia a su cargo, se seguir\u00e1n difundiendo las obligaciones que deben tener las y los patrones, respecto a lo que estipula la Constituci\u00f3n Pol\u00edtica de los Estados Unidos Mexicanos, la Ley Federal del Trabajo y las normas internacionales.<\/p>\n<p style=\"text-align: center;\">###<\/p>\n<div class='owl-gallery'><div class='item'><a href='https:\/\/www.tamaulipas.gob.mx\/trabajo\/wp-content\/uploads\/sites\/11\/2021\/08\/boletin_trabajoinfantil_01.jpeg' rel='galeria'><img src='https:\/\/www.tamaulipas.gob.mx\/trabajo\/wp-content\/uploads\/sites\/11\/2021\/08\/boletin_trabajoinfantil_01-850x500.jpeg' srcset='' sizes='auto' alt=''><\/a><figcaption><\/figcaption><\/div><div class='item'><a href='https:\/\/www.tamaulipas.gob.mx\/trabajo\/wp-content\/uploads\/sites\/11\/2021\/08\/boletin_trabajoinfantil_02.jpeg' rel='galeria'><img src='https:\/\/www.tamaulipas.gob.mx\/trabajo\/wp-content\/uploads\/sites\/11\/2021\/08\/boletin_trabajoinfantil_02-850x500.jpeg' srcset='' sizes='auto' alt=''><\/a><figcaption><\/figcaption><\/div><div class='item'><a href='https:\/\/www.tamaulipas.gob.mx\/trabajo\/wp-content\/uploads\/sites\/11\/2021\/08\/boletin_trabajoinfantil_03.jpeg' rel='galeria'><img src='https:\/\/www.tamaulipas.gob.mx\/trabajo\/wp-content\/uploads\/sites\/11\/2021\/08\/boletin_trabajoinfantil_03-850x500.jpeg' srcset='' sizes='auto' alt=''><\/a><figcaption><\/figcaption><\/div><div class='item'><a href='https:\/\/www.tamaulipas.gob.mx\/trabajo\/wp-content\/uploads\/sites\/11\/2021\/08\/boletin_trabajoinfantil_04.jpeg' rel='galeria'><img src='https:\/\/www.tamaulipas.gob.mx\/trabajo\/wp-content\/uploads\/sites\/11\/2021\/08\/boletin_trabajoinfantil_04-850x500.jpeg' srcset='' sizes='auto' alt=''><\/a><figcaption><\/figcaption><\/div><\/div>\n","protected":false},"excerpt":{"rendered":"<p>Es una prioridad del gobernador, Francisco Garc\u00eda Cabeza de Vaca, atender las causas estructurales que detonan el Trabajo Infantil. ST-017-2021 Junio 11 del 2021 Ciudad\u2026<\/p>\n","protected":false},"author":63,"featured_media":2004,"comment_status":"closed","ping_status":"closed","sticky":false,"template":"","format":"standard","meta":{"footnotes":""},"categories":[1],"tags":[],"class_list":["post-2002","post","type-post","status-publish","format-standard","has-post-thumbnail","hentry","category-prensa"],"publishpress_future_action":{"enabled":false,"date":"2026-05-08 15:00:35","action":"change-status","newStatus":"draft","terms":[],"taxonomy":"category"},"_links":{"self":[{"href":"https:\/\/www.tamaulipas.gob.mx\/trabajo\/wp-json\/wp\/v2\/posts\/2002"}],"collection":[{"href":"https:\/\/www.tamaulipas.gob.mx\/trabajo\/wp-json\/wp\/v2\/posts"}],"about":[{"href":"https:\/\/www.tamaulipas.gob.mx\/trabajo\/wp-json\/wp\/v2\/types\/post"}],"author":[{"embeddable":true,"href":"https:\/\/www.tamaulipas.gob.mx\/trabajo\/wp-json\/wp\/v2\/users\/63"}],"replies":[{"embeddable":true,"href":"https:\/\/www.tamaulipas.gob.mx\/trabajo\/wp-json\/wp\/v2\/comments?post=2002"}],"version-history":[{"count":1,"href":"https:\/\/www.tamaulipas.gob.mx\/trabajo\/wp-json\/wp\/v2\/posts\/2002\/revisions"}],"predecessor-version":[{"id":2007,"href":"https:\/\/www.tamaulipas.gob.mx\/trabajo\/wp-json\/wp\/v2\/posts\/2002\/revisions\/2007"}],"wp:featuredmedia":[{"embeddable":true,"href":"https:\/\/www.tamaulipas.gob.mx\/trabajo\/wp-json\/wp\/v2\/media\/2004"}],"wp:attachment":[{"href":"https:\/\/www.tamaulipas.gob.mx\/trabajo\/wp-json\/wp\/v2\/media?parent=2002"}],"wp:term":[{"taxonomy":"category","embeddable":true,"href":"https:\/\/www.tamaulipas.gob.mx\/trabajo\/wp-json\/wp\/v2\/categories?post=2002"},{"taxonomy":"post_tag","embeddable":true,"href":"https:\/\/www.tamaulipas.gob.mx\/trabajo\/wp-json\/wp\/v2\/tags?post=2002"}],"curies":[{"name":"wp","href":"https:\/\/api.w.org\/{rel}","templated":true}]}}