{"id":1997,"date":"2021-03-30T22:00:51","date_gmt":"2021-03-31T04:00:51","guid":{"rendered":"https:\/\/www.tamaulipas.gob.mx\/trabajo\/?p=1997"},"modified":"2021-08-10T11:26:59","modified_gmt":"2021-08-10T16:26:59","slug":"concluyen-en-tamaulipas-primera-etapa-de-ferias-de-empleo-virtuales-2021","status":"publish","type":"post","link":"https:\/\/www.tamaulipas.gob.mx\/trabajo\/2021\/03\/concluyen-en-tamaulipas-primera-etapa-de-ferias-de-empleo-virtuales-2021\/","title":{"rendered":"Concluyen en Tamaulipas Primera Etapa de Ferias de Empleo Virtuales 2021"},"content":{"rendered":"<p><strong><em>El Gobernador, Francisco Garc\u00eda Cabeza de Vaca, contribuye con las Ferias de Empleo, a la reactivaci\u00f3n econ\u00f3mica, e impulsa la generaci\u00f3n de empleo en el Estado.<\/em><\/strong><\/p>\n<p style=\"text-align: right;\">ST-016-2021<\/p>\n<p>Marzo 30 del 2021<\/p>\n<p style=\"text-align: justify;\">Ciudad Victoria, Tamaulipas.- Con la oferta de 2 mil 370 plazas de trabajo, y la participaci\u00f3n de 184 empresas, concluy\u00f3 la Primera Etapa de Ferias de Empleo Virtuales 2021, desarrollada por el Gobierno de Tamaulipas, para cubrir la demanda de vacantes laborales disponibles por las empresas.<\/p>\n<p style=\"text-align: justify;\">La Secretar\u00eda del Trabajo, a trav\u00e9s del Servicio Nacional de Empleo Tamaulipas, llev\u00f3 a cabo en los municipios de Altamira, Nuevo Laredo, Matamoros, Tampico, Ciudad Victoria y Reynosa, seis eventos virtuales, v\u00eda Zoom y Facebook, uno de ellos dedicado a la mujer.<\/p>\n<p style=\"text-align: justify;\">En las Ferias Virtuales, participaron empresas para la industria, comercio y servicios, as\u00ed como dependencias de gobierno, quienes solicitaron personal desde profesionistas hasta oficios.<\/p>\n<p style=\"text-align: justify;\">Miguel \u00c1ngel Villarreal Ongay, titular de la dependencia laboral,\u00a0 dio a conocer que por medio de la vinculaci\u00f3n laboral, el Gobernador, Francisco Garc\u00eda Cabeza de Vaca, contribuye con las Ferias de Empleo, a la reactivaci\u00f3n econ\u00f3mica, e impulsa la generaci\u00f3n de empleo en el Estado.<\/p>\n<p style=\"text-align: justify;\">\u201cEntre enero y febrero se generaron 9 mil 928 empleos formales, las acciones emprendidas por el mandatario, junto con los organismos empresariales, tienen como fin, el bienestar econ\u00f3mico de los tamaulipecos y sus familias\u201d, dijo.<\/p>\n<p style=\"text-align: justify;\">Expuso que por medio de las Ferias de Empleo, en lo que va de la administraci\u00f3n, se ha logrado la oferta de m\u00e1s de 46 mil 816 vacantes, la participaci\u00f3n de 3 mil 100 empresas en 50 eventos, y la colocaci\u00f3n de m\u00e1s de 7 mil 200 trabajadores.<\/p>\n<p style=\"text-align: justify;\">\u201cApostamos porque los buscadores de empleo encuentren un trabajo formal y remunerado, que contenga las prestaciones de ley, acceso a servicios b\u00e1sicos y vivienda, y las empresas al personal y mano de obra calificada\u201d<\/p>\n<p style=\"text-align: justify;\">Villarreal Ongay, recalc\u00f3 que el panorama laboral para el 2021 representa un gran reto, sin embargo expuso, que con el impulso de los trabajadores y empresarios, Tamaulipas seguir\u00e1 siendo una tierra de oportunidades.<\/p>\n<p style=\"text-align: center;\">###<\/p>\n<div class='owl-gallery'><div class='item'><a href='https:\/\/www.tamaulipas.gob.mx\/trabajo\/wp-content\/uploads\/sites\/11\/2021\/08\/boletin_1eraetapa_01.jpeg' rel='galeria'><img src='https:\/\/www.tamaulipas.gob.mx\/trabajo\/wp-content\/uploads\/sites\/11\/2021\/08\/boletin_1eraetapa_01-850x500.jpeg' srcset='' sizes='auto' alt=''><\/a><figcaption><\/figcaption><\/div><div class='item'><a href='https:\/\/www.tamaulipas.gob.mx\/trabajo\/wp-content\/uploads\/sites\/11\/2021\/08\/boletin_1eraetapa_02.jpeg' rel='galeria'><img src='https:\/\/www.tamaulipas.gob.mx\/trabajo\/wp-content\/uploads\/sites\/11\/2021\/08\/boletin_1eraetapa_02-850x500.jpeg' srcset='' sizes='auto' alt=''><\/a><figcaption><\/figcaption><\/div><div class='item'><a href='https:\/\/www.tamaulipas.gob.mx\/trabajo\/wp-content\/uploads\/sites\/11\/2021\/08\/boletin_1eraetapa_03.jpeg' rel='galeria'><img src='https:\/\/www.tamaulipas.gob.mx\/trabajo\/wp-content\/uploads\/sites\/11\/2021\/08\/boletin_1eraetapa_03-850x500.jpeg' srcset='' sizes='auto' alt=''><\/a><figcaption><\/figcaption><\/div><\/div>\n","protected":false},"excerpt":{"rendered":"<p>El Gobernador, Francisco Garc\u00eda Cabeza de Vaca, contribuye con las Ferias de Empleo, a la reactivaci\u00f3n econ\u00f3mica, e impulsa la generaci\u00f3n de empleo en el\u2026<\/p>\n","protected":false},"author":63,"featured_media":2000,"comment_status":"closed","ping_status":"closed","sticky":false,"template":"","format":"standard","meta":{"footnotes":""},"categories":[1],"tags":[],"class_list":["post-1997","post","type-post","status-publish","format-standard","has-post-thumbnail","hentry","category-prensa"],"publishpress_future_action":{"enabled":false,"date":"2026-05-08 14:56:47","action":"change-status","newStatus":"draft","terms":[],"taxonomy":"category"},"_links":{"self":[{"href":"https:\/\/www.tamaulipas.gob.mx\/trabajo\/wp-json\/wp\/v2\/posts\/1997"}],"collection":[{"href":"https:\/\/www.tamaulipas.gob.mx\/trabajo\/wp-json\/wp\/v2\/posts"}],"about":[{"href":"https:\/\/www.tamaulipas.gob.mx\/trabajo\/wp-json\/wp\/v2\/types\/post"}],"author":[{"embeddable":true,"href":"https:\/\/www.tamaulipas.gob.mx\/trabajo\/wp-json\/wp\/v2\/users\/63"}],"replies":[{"embeddable":true,"href":"https:\/\/www.tamaulipas.gob.mx\/trabajo\/wp-json\/wp\/v2\/comments?post=1997"}],"version-history":[{"count":1,"href":"https:\/\/www.tamaulipas.gob.mx\/trabajo\/wp-json\/wp\/v2\/posts\/1997\/revisions"}],"predecessor-version":[{"id":2001,"href":"https:\/\/www.tamaulipas.gob.mx\/trabajo\/wp-json\/wp\/v2\/posts\/1997\/revisions\/2001"}],"wp:featuredmedia":[{"embeddable":true,"href":"https:\/\/www.tamaulipas.gob.mx\/trabajo\/wp-json\/wp\/v2\/media\/2000"}],"wp:attachment":[{"href":"https:\/\/www.tamaulipas.gob.mx\/trabajo\/wp-json\/wp\/v2\/media?parent=1997"}],"wp:term":[{"taxonomy":"category","embeddable":true,"href":"https:\/\/www.tamaulipas.gob.mx\/trabajo\/wp-json\/wp\/v2\/categories?post=1997"},{"taxonomy":"post_tag","embeddable":true,"href":"https:\/\/www.tamaulipas.gob.mx\/trabajo\/wp-json\/wp\/v2\/tags?post=1997"}],"curies":[{"name":"wp","href":"https:\/\/api.w.org\/{rel}","templated":true}]}}