{"id":1989,"date":"2021-03-22T22:00:34","date_gmt":"2021-03-23T04:00:34","guid":{"rendered":"https:\/\/www.tamaulipas.gob.mx\/trabajo\/?p=1989"},"modified":"2021-08-10T11:24:45","modified_gmt":"2021-08-10T16:24:45","slug":"tamaulipas-busca-a-profesionistas-para-laborar-en-quebec-canada","status":"publish","type":"post","link":"https:\/\/www.tamaulipas.gob.mx\/trabajo\/2021\/03\/tamaulipas-busca-a-profesionistas-para-laborar-en-quebec-canada\/","title":{"rendered":"Tamaulipas busca a profesionistas para laborar en Qu\u00e9bec Canad\u00e1"},"content":{"rendered":"<p><em><strong>El Gobernador, Francisco Garc\u00eda Cabeza de Vaca, colabora y facilita a los tamaulipecos, la vinculaci\u00f3n laboral con las empresas extranjeras, que requieren de su mano de obra calificada.<\/strong><\/em><\/p>\n<p style=\"text-align: right;\">ST-015-2021<\/p>\n<p>Marzo 22 del 2021<\/p>\n<p style=\"text-align: justify;\">Ciudad Victoria, Tamaulipas.- \u00a0El Gobierno de Tamaulipas est\u00e1 ofertando m\u00e1s de 30 vacantes con 136 plazas para laborar en Qu\u00e9bec, Canad\u00e1, dentro de los sectores econ\u00f3micos: manufacturero, industrial, tecnolog\u00edas de la informaci\u00f3n y transformaci\u00f3n de alimentos.<\/p>\n<p style=\"text-align: justify;\">Se trata de la Jornada Qu\u00e9bec 2021, en la que participa el Servicio Nacional de Empleo Tamaulipas, en coordinaci\u00f3n con la representaci\u00f3n de Qu\u00e9bec en M\u00e9xico, para facilitar oportunidades de trabajo al sector profesional.<\/p>\n<p style=\"text-align: justify;\">Miguel \u00c1ngel Villarreal Ongay, Secretario del Trabajo, dio a conocer que cada a\u00f1o, Canad\u00e1 ofrece una gran variedad de vacantes, que son puestas a disposici\u00f3n de quienes buscan desarrollarse en su vida laboral.<\/p>\n<p style=\"text-align: justify;\">\u201cEl Gobernador, Francisco Garc\u00eda Cabeza de Vaca, colabora y facilita a los tamaulipecos, la vinculaci\u00f3n laboral con las empresas extranjeras, que requieren de su mano de obra calificada\u201d, apunt\u00f3.<\/p>\n<p style=\"text-align: justify;\">Qu\u00e9bec, demanda expertos en mec\u00e1nica industrial, desarrolladores de software, t\u00e9cnicos de investigaci\u00f3n y desarrollo, analista funcional, programador java, soldadores, mec\u00e1nicos de maquinarias pesadas, ensambladores de precisi\u00f3n entre otros, en los cuales se contemplan atractivos sueldos.<\/p>\n<p style=\"text-align: justify;\">El funcionario explic\u00f3 que los candidatos tienen hasta el 12 de abril para postularse en el portal del SNE; <a href=\"http:\/\/www.empleo.gob.mx\">www.empleo.gob.mx<\/a>, y la plataforma Journ\u00e9es Qu\u00e9bec, destac\u00f3 adem\u00e1s que en la p\u00e1gina <a href=\"http:\/\/www.empleo.gob.mx\/trabaja\">www.empleo.gob.mx\/trabaja<\/a> en el extranjero, interesados podr\u00e1n conocer las exigencias de las vacantes y el idioma requerido.<\/p>\n<p style=\"text-align: justify;\">\u201cEl proceso de entrevistas se tiene programado virtualmente, del 4 al 8 de mayo del 2021, se requiere un franc\u00e9s desde intermedio hasta avanzado, o mostrar competencias en otros idiomas, los servicios que se ofrecen no tienen ning\u00fan costo, y los interesados pueden solicitar informaci\u00f3n al tel\u00e9fono 800 841 2020\u201d.<\/p>\n<p style=\"text-align: justify;\">Villarreal Ongay apunt\u00f3 que el mandatario, tiene claro que el trabajo es una fuente que satisface las necesidades, por tal motivo impulsa y alienta a los tamaulipecos, a buscar mejores condiciones laborales.<\/p>\n<p style=\"text-align: center;\">###<\/p>\n<div class='owl-gallery'><div class='item'><a href='https:\/\/www.tamaulipas.gob.mx\/trabajo\/wp-content\/uploads\/sites\/11\/2021\/08\/boletin_canada_01.jpeg' rel='galeria'><img src='https:\/\/www.tamaulipas.gob.mx\/trabajo\/wp-content\/uploads\/sites\/11\/2021\/08\/boletin_canada_01-850x500.jpeg' srcset='' sizes='auto' alt=''><\/a><figcaption><\/figcaption><\/div><div class='item'><a href='https:\/\/www.tamaulipas.gob.mx\/trabajo\/wp-content\/uploads\/sites\/11\/2021\/08\/boletin_canada_02.jpeg' rel='galeria'><img src='https:\/\/www.tamaulipas.gob.mx\/trabajo\/wp-content\/uploads\/sites\/11\/2021\/08\/boletin_canada_02-850x500.jpeg' srcset='' sizes='auto' alt=''><\/a><figcaption><\/figcaption><\/div><div class='item'><a href='https:\/\/www.tamaulipas.gob.mx\/trabajo\/wp-content\/uploads\/sites\/11\/2021\/08\/boletin_canada_03.jpeg' rel='galeria'><img src='https:\/\/www.tamaulipas.gob.mx\/trabajo\/wp-content\/uploads\/sites\/11\/2021\/08\/boletin_canada_03-850x500.jpeg' srcset='' sizes='auto' alt=''><\/a><figcaption><\/figcaption><\/div><div class='item'><a href='https:\/\/www.tamaulipas.gob.mx\/trabajo\/wp-content\/uploads\/sites\/11\/2021\/08\/boletin_canada_04.jpeg' rel='galeria'><img src='https:\/\/www.tamaulipas.gob.mx\/trabajo\/wp-content\/uploads\/sites\/11\/2021\/08\/boletin_canada_04-850x500.jpeg' srcset='' sizes='auto' alt=''><\/a><figcaption><\/figcaption><\/div><div class='item'><a href='https:\/\/www.tamaulipas.gob.mx\/trabajo\/wp-content\/uploads\/sites\/11\/2021\/08\/boletin_canada_05.jpeg' rel='galeria'><img src='https:\/\/www.tamaulipas.gob.mx\/trabajo\/wp-content\/uploads\/sites\/11\/2021\/08\/boletin_canada_05-850x500.jpeg' srcset='' sizes='auto' alt=''><\/a><figcaption><\/figcaption><\/div><div class='item'><a href='https:\/\/www.tamaulipas.gob.mx\/trabajo\/wp-content\/uploads\/sites\/11\/2021\/08\/boletin_canada_06.jpeg' rel='galeria'><img src='https:\/\/www.tamaulipas.gob.mx\/trabajo\/wp-content\/uploads\/sites\/11\/2021\/08\/boletin_canada_06-850x500.jpeg' srcset='' sizes='auto' alt=''><\/a><figcaption><\/figcaption><\/div><\/div>\n","protected":false},"excerpt":{"rendered":"<p>El Gobernador, Francisco Garc\u00eda Cabeza de Vaca, colabora y facilita a los tamaulipecos, la vinculaci\u00f3n laboral con las empresas extranjeras, que requieren de su mano\u2026<\/p>\n","protected":false},"author":63,"featured_media":1990,"comment_status":"closed","ping_status":"closed","sticky":false,"template":"","format":"standard","meta":{"footnotes":""},"categories":[1],"tags":[],"class_list":["post-1989","post","type-post","status-publish","format-standard","has-post-thumbnail","hentry","category-prensa"],"publishpress_future_action":{"enabled":false,"date":"2026-05-08 15:01:01","action":"change-status","newStatus":"draft","terms":[],"taxonomy":"category"},"_links":{"self":[{"href":"https:\/\/www.tamaulipas.gob.mx\/trabajo\/wp-json\/wp\/v2\/posts\/1989"}],"collection":[{"href":"https:\/\/www.tamaulipas.gob.mx\/trabajo\/wp-json\/wp\/v2\/posts"}],"about":[{"href":"https:\/\/www.tamaulipas.gob.mx\/trabajo\/wp-json\/wp\/v2\/types\/post"}],"author":[{"embeddable":true,"href":"https:\/\/www.tamaulipas.gob.mx\/trabajo\/wp-json\/wp\/v2\/users\/63"}],"replies":[{"embeddable":true,"href":"https:\/\/www.tamaulipas.gob.mx\/trabajo\/wp-json\/wp\/v2\/comments?post=1989"}],"version-history":[{"count":1,"href":"https:\/\/www.tamaulipas.gob.mx\/trabajo\/wp-json\/wp\/v2\/posts\/1989\/revisions"}],"predecessor-version":[{"id":1996,"href":"https:\/\/www.tamaulipas.gob.mx\/trabajo\/wp-json\/wp\/v2\/posts\/1989\/revisions\/1996"}],"wp:featuredmedia":[{"embeddable":true,"href":"https:\/\/www.tamaulipas.gob.mx\/trabajo\/wp-json\/wp\/v2\/media\/1990"}],"wp:attachment":[{"href":"https:\/\/www.tamaulipas.gob.mx\/trabajo\/wp-json\/wp\/v2\/media?parent=1989"}],"wp:term":[{"taxonomy":"category","embeddable":true,"href":"https:\/\/www.tamaulipas.gob.mx\/trabajo\/wp-json\/wp\/v2\/categories?post=1989"},{"taxonomy":"post_tag","embeddable":true,"href":"https:\/\/www.tamaulipas.gob.mx\/trabajo\/wp-json\/wp\/v2\/tags?post=1989"}],"curies":[{"name":"wp","href":"https:\/\/api.w.org\/{rel}","templated":true}]}}