{"id":1981,"date":"2021-08-06T22:00:31","date_gmt":"2021-08-07T03:00:31","guid":{"rendered":"https:\/\/www.tamaulipas.gob.mx\/trabajo\/?p=1981"},"modified":"2021-08-10T11:05:02","modified_gmt":"2021-08-10T16:05:02","slug":"tamaulipas-ofertara-mas-de-mil-500-puestos-de-trabajo-en-la-feria-nacional-de-empleo-para-jovenes-2021","status":"publish","type":"post","link":"https:\/\/www.tamaulipas.gob.mx\/trabajo\/2021\/08\/tamaulipas-ofertara-mas-de-mil-500-puestos-de-trabajo-en-la-feria-nacional-de-empleo-para-jovenes-2021\/","title":{"rendered":"Tamaulipas ofertar\u00e1 m\u00e1s de mil 500 puestos de trabajo, en la Feria Nacional de Empleo para J\u00f3venes 2021"},"content":{"rendered":"<p><em><strong>El Gobernador, Francisco Garc\u00eda Cabeza de Vaca, busca otorgar a los j\u00f3venes, las facilidades y herramientas necesarias, para encontrar un empleo formal, que contengan las prestaciones de ley.<\/strong><\/em><\/p>\n<p style=\"text-align: right;\">ST-020-2021<\/p>\n<p>Agosto 6 del 2021<\/p>\n<p style=\"text-align: justify;\">Ciudad, Victoria, Tamaulipas.- El Gobierno de Tamaulipas, a trav\u00e9s de la Secretar\u00eda del Trabajo, llevar\u00e1 a cabo la Feria Nacional de Empleo 2021 para J\u00f3venes, ofertando m\u00e1s de mil 500 oportunidades laborales.<\/p>\n<p style=\"text-align: justify;\">El evento se desarrollar\u00e1 de manera virtual, el pr\u00f3ximo jueves 12 de agosto a las 9:00 am, mediante las plataformas Zoom y Facebook, y de manera simult\u00e1nea entre los municipios de Reynosa, Ciudad Victoria y Tampico.<\/p>\n<p style=\"text-align: justify;\">Miguel \u00c1ngel Villarreal Ongay, encargado de la pol\u00edtica laboral, dijo que en la Feria de Empleo, la cual se da en el marco del D\u00eda Internacional de la Juventud, el gobernador Francisco Garc\u00eda Cabeza de Vaca, busca otorgar a este sector, las facilidades y herramientas necesarias, para encontrar un empleo formal, que contengan las prestaciones de ley.<\/p>\n<p style=\"text-align: justify;\">\u201cTamaulipas se ha sumado a la Feria Nacional de Empleo, que durante el mes agosto se desarrolla en todas las entidades federativas, en nuestro estado, a\u00f1o con a\u00f1o, m\u00e1s de 15 mil j\u00f3venes concluyen sus estudios y exigen una oportunidad de trabajo, y nosotros organizamos y les facilitamos a este sector, una vinculaci\u00f3n directa y \u00e1gil con las empresas, al estar su proceso de b\u00fasqueda de empleo\u201d, dijo.<\/p>\n<p style=\"text-align: justify;\">Villarreal Ongay, se\u00f1al\u00f3 que en la feria participar\u00e1n m\u00e1s de 60 empresas, tanto del giro comercial, industrial, de servicios y gobierno, con una variedad de vacantes para todos los perfiles.<\/p>\n<p style=\"text-align: justify;\">Con esta actividad indic\u00f3, se da apertura a la segunda etapa de Ferias de Empleo en Tamaulipas, y anunci\u00f3 que para este periodo, se contemplan eventos dise\u00f1ados para toda la poblaci\u00f3n, y particularmente para personas con discapacidad.<\/p>\n<p style=\"text-align: justify;\">El funcionario invit\u00f3 a participar a los interesados, y registrarse en la p\u00e1gina: <a href=\"https:\/\/ferias.empleo.gob.mx\/\">ferias.empleo.gob.mx<\/a> para conseguir su acceso gratuito a las plataformas.<\/p>\n<p>&nbsp;<\/p>\n<p style=\"text-align: center;\">###<\/p>\n<div class='owl-gallery'><div class='item'><a href='https:\/\/www.tamaulipas.gob.mx\/trabajo\/wp-content\/uploads\/sites\/11\/2021\/08\/boletin_ferianacional_02.jpeg' rel='galeria'><img src='https:\/\/www.tamaulipas.gob.mx\/trabajo\/wp-content\/uploads\/sites\/11\/2021\/08\/boletin_ferianacional_02-850x500.jpeg' srcset='' sizes='auto' alt=''><\/a><figcaption><\/figcaption><\/div><div class='item'><a href='https:\/\/www.tamaulipas.gob.mx\/trabajo\/wp-content\/uploads\/sites\/11\/2021\/08\/boletin_ferianacional_03.jpeg' rel='galeria'><img src='https:\/\/www.tamaulipas.gob.mx\/trabajo\/wp-content\/uploads\/sites\/11\/2021\/08\/boletin_ferianacional_03-850x500.jpeg' srcset='' sizes='auto' alt=''><\/a><figcaption><\/figcaption><\/div><div class='item'><a href='https:\/\/www.tamaulipas.gob.mx\/trabajo\/wp-content\/uploads\/sites\/11\/2021\/08\/boletin_ferianacional_04.jpeg' rel='galeria'><img src='https:\/\/www.tamaulipas.gob.mx\/trabajo\/wp-content\/uploads\/sites\/11\/2021\/08\/boletin_ferianacional_04-850x500.jpeg' srcset='' sizes='auto' alt=''><\/a><figcaption><\/figcaption><\/div><div class='item'><a href='https:\/\/www.tamaulipas.gob.mx\/trabajo\/wp-content\/uploads\/sites\/11\/2021\/08\/boletin_ferianacional_01.jpeg' rel='galeria'><img src='https:\/\/www.tamaulipas.gob.mx\/trabajo\/wp-content\/uploads\/sites\/11\/2021\/08\/boletin_ferianacional_01-850x500.jpeg' srcset='' sizes='auto' alt=''><\/a><figcaption><\/figcaption><\/div><div class='item'><a href='https:\/\/www.tamaulipas.gob.mx\/trabajo\/wp-content\/uploads\/sites\/11\/2021\/08\/boletin_ferianacional_05.jpeg' rel='galeria'><img src='https:\/\/www.tamaulipas.gob.mx\/trabajo\/wp-content\/uploads\/sites\/11\/2021\/08\/boletin_ferianacional_05-850x500.jpeg' srcset='' sizes='auto' alt=''><\/a><figcaption><\/figcaption><\/div><div class='item'><a href='https:\/\/www.tamaulipas.gob.mx\/trabajo\/wp-content\/uploads\/sites\/11\/2021\/08\/boletin_ferianacional_06.jpeg' rel='galeria'><img src='https:\/\/www.tamaulipas.gob.mx\/trabajo\/wp-content\/uploads\/sites\/11\/2021\/08\/boletin_ferianacional_06-850x500.jpeg' srcset='' sizes='auto' alt=''><\/a><figcaption><\/figcaption><\/div><\/div>\n","protected":false},"excerpt":{"rendered":"<p>El Gobernador, Francisco Garc\u00eda Cabeza de Vaca, busca otorgar a los j\u00f3venes, las facilidades y herramientas necesarias, para encontrar un empleo formal, que contengan las\u2026<\/p>\n","protected":false},"author":63,"featured_media":1985,"comment_status":"closed","ping_status":"closed","sticky":false,"template":"","format":"standard","meta":{"footnotes":""},"categories":[1],"tags":[],"class_list":["post-1981","post","type-post","status-publish","format-standard","has-post-thumbnail","hentry","category-prensa"],"publishpress_future_action":{"enabled":false,"date":"2026-05-08 15:03:54","action":"change-status","newStatus":"draft","terms":[],"taxonomy":"category"},"_links":{"self":[{"href":"https:\/\/www.tamaulipas.gob.mx\/trabajo\/wp-json\/wp\/v2\/posts\/1981"}],"collection":[{"href":"https:\/\/www.tamaulipas.gob.mx\/trabajo\/wp-json\/wp\/v2\/posts"}],"about":[{"href":"https:\/\/www.tamaulipas.gob.mx\/trabajo\/wp-json\/wp\/v2\/types\/post"}],"author":[{"embeddable":true,"href":"https:\/\/www.tamaulipas.gob.mx\/trabajo\/wp-json\/wp\/v2\/users\/63"}],"replies":[{"embeddable":true,"href":"https:\/\/www.tamaulipas.gob.mx\/trabajo\/wp-json\/wp\/v2\/comments?post=1981"}],"version-history":[{"count":1,"href":"https:\/\/www.tamaulipas.gob.mx\/trabajo\/wp-json\/wp\/v2\/posts\/1981\/revisions"}],"predecessor-version":[{"id":1988,"href":"https:\/\/www.tamaulipas.gob.mx\/trabajo\/wp-json\/wp\/v2\/posts\/1981\/revisions\/1988"}],"wp:featuredmedia":[{"embeddable":true,"href":"https:\/\/www.tamaulipas.gob.mx\/trabajo\/wp-json\/wp\/v2\/media\/1985"}],"wp:attachment":[{"href":"https:\/\/www.tamaulipas.gob.mx\/trabajo\/wp-json\/wp\/v2\/media?parent=1981"}],"wp:term":[{"taxonomy":"category","embeddable":true,"href":"https:\/\/www.tamaulipas.gob.mx\/trabajo\/wp-json\/wp\/v2\/categories?post=1981"},{"taxonomy":"post_tag","embeddable":true,"href":"https:\/\/www.tamaulipas.gob.mx\/trabajo\/wp-json\/wp\/v2\/tags?post=1981"}],"curies":[{"name":"wp","href":"https:\/\/api.w.org\/{rel}","templated":true}]}}