{"id":1973,"date":"2021-07-13T22:22:56","date_gmt":"2021-07-14T03:22:56","guid":{"rendered":"https:\/\/www.tamaulipas.gob.mx\/trabajo\/?p=1973"},"modified":"2021-08-10T11:01:25","modified_gmt":"2021-08-10T16:01:25","slug":"mediante-la-inspeccion-y-vigilancia-tamaulipas-impulsa-ambientes-saludables-en-los-centros-de-trabajo","status":"publish","type":"post","link":"https:\/\/www.tamaulipas.gob.mx\/trabajo\/2021\/07\/mediante-la-inspeccion-y-vigilancia-tamaulipas-impulsa-ambientes-saludables-en-los-centros-de-trabajo\/","title":{"rendered":"Mediante la inspecci\u00f3n y vigilancia, Tamaulipas impulsa ambientes saludables en los centros de trabajo"},"content":{"rendered":"<p><em><strong>El Gobernador, Francisco Garc\u00eda Cabeza de Vaca, genera conciencia sobre el cuidado y protecci\u00f3n sanitaria entre los trabajadores, y garantiza el sustento laboral y econ\u00f3mico de las familias tamaulipecas.<\/strong><\/em><\/p>\n<p style=\"text-align: right;\">ST-019-2021<\/p>\n<p>Julio 13 del 2021<\/p>\n<p style=\"text-align: justify;\">Ciudad, Victoria.- El Gobierno de Tamaulipas, a trav\u00e9s de la Secretar\u00eda del Trabajo, promueve acciones para reducir los riesgos de contagio por COVID-19, en los centros laborales.<\/p>\n<p style=\"text-align: justify;\">La Direcci\u00f3n de Inspecci\u00f3n y Previsi\u00f3n Social, mediante las visitas a las empresas y establecimientos, de competencia local, en coordinaci\u00f3n con la Secretar\u00eda de Salud, brinda asesor\u00eda a patrones y empleados, sobre las condiciones generales de trabajo, de seguridad y salud, para evitar los accidentes laborales y los casos derivados a la pandemia.<\/p>\n<p style=\"text-align: justify;\">Miguel \u00c1ngel Villarreal Ongay, encargado de la pol\u00edtica laboral, dio a conocer, que de acuerdo al Comit\u00e9 Estatal de Seguridad en Salud, personal de la dependencia, coadyuva exhortando y brindando apoyo a las empresarias, a fin de que se cumplan las medidas sanitarias establecidas.<\/p>\n<p style=\"text-align: justify;\">\u201cEn materia laboral, la estrategia del Gobernador, Francisco Garc\u00eda Cabeza de Vaca, est\u00e1 encaminada a crear conciencia sobre el cuidado y protecci\u00f3n sanitaria entre los patrones y trabajadores, y con ello garantizar el sustento laboral y econ\u00f3mico de las familias tamaulipecas\u201d, dijo.<\/p>\n<p style=\"text-align: justify;\">Al cierre del mes de junio del 2021, la Secretar\u00eda del Trabajo, ha visitado m\u00e1s de 351 centros de trabajo en el estado, realizando 702 inspecciones, verificando las condiciones generales de trabajo, de seguridad y salud, y beneficiado a m\u00e1s de 4 mil 235 trabajadores.<\/p>\n<p style=\"text-align: justify;\">En las visitas, explic\u00f3 el funcionario, se exhorta al cumplimiento de las medidas preventivas como: la aplicaci\u00f3n de gel antibacterial, el uso del cubrebocas, la sana distancia entre patrones, trabajadores y clientes, se exhorta al lavado de manos y se entrega material informativo.<\/p>\n<p style=\"text-align: justify;\">Apunt\u00f3 que la Secretar\u00eda del Trabajo cuenta con diez oficinas, ubicadas en los principales municipios de la entidad, en las que adem\u00e1s de asesor\u00eda laboral, inspectores vigilan el cumplimiento de las Normas Oficiales Mexicanas y las obligaciones obrero-patronales.<\/p>\n<p style=\"text-align: justify;\">Agreg\u00f3 que los empresarios han tomado a bien las acciones emprendidas por la dependencia, pues con ello se generan entornos de trabajo seguros para los trabajadores.<\/p>\n<p style=\"text-align: justify;\">Villarreal Ongay, coment\u00f3 que por medio de la Direcci\u00f3n de Inspecci\u00f3n y Previsi\u00f3n Social, seguir\u00e1n impulsando las capacitaciones y las medidas de salud en los lugares de trabajo, las cuales redundan en mayor inversi\u00f3n para el estado, desarrollo econ\u00f3mico y social sustentable, en beneficio de todos.<\/p>\n<p>&nbsp;<\/p>\n<p style=\"text-align: center;\">###<\/p>\n<p>&nbsp;<\/p>\n<div class='owl-gallery'><div class='item'><a href='https:\/\/www.tamaulipas.gob.mx\/trabajo\/wp-content\/uploads\/sites\/11\/2021\/08\/boletin-inspecc-junio21_01.jpeg' rel='galeria'><img src='https:\/\/www.tamaulipas.gob.mx\/trabajo\/wp-content\/uploads\/sites\/11\/2021\/08\/boletin-inspecc-junio21_01-850x500.jpeg' srcset='' sizes='auto' alt=''><\/a><figcaption><\/figcaption><\/div><div class='item'><a href='https:\/\/www.tamaulipas.gob.mx\/trabajo\/wp-content\/uploads\/sites\/11\/2021\/08\/boletin-inspecc-junio21_02.jpeg' rel='galeria'><img src='https:\/\/www.tamaulipas.gob.mx\/trabajo\/wp-content\/uploads\/sites\/11\/2021\/08\/boletin-inspecc-junio21_02-850x500.jpeg' srcset='' sizes='auto' alt=''><\/a><figcaption><\/figcaption><\/div><div class='item'><a href='https:\/\/www.tamaulipas.gob.mx\/trabajo\/wp-content\/uploads\/sites\/11\/2021\/08\/boletin-inspecc-junio21_03.jpeg' rel='galeria'><img src='https:\/\/www.tamaulipas.gob.mx\/trabajo\/wp-content\/uploads\/sites\/11\/2021\/08\/boletin-inspecc-junio21_03-850x500.jpeg' srcset='' sizes='auto' alt=''><\/a><figcaption><\/figcaption><\/div><div class='item'><a href='https:\/\/www.tamaulipas.gob.mx\/trabajo\/wp-content\/uploads\/sites\/11\/2021\/08\/boletin-inspecc-junio21_04.jpeg' rel='galeria'><img src='https:\/\/www.tamaulipas.gob.mx\/trabajo\/wp-content\/uploads\/sites\/11\/2021\/08\/boletin-inspecc-junio21_04-850x500.jpeg' srcset='' sizes='auto' alt=''><\/a><figcaption><\/figcaption><\/div><div class='item'><a href='https:\/\/www.tamaulipas.gob.mx\/trabajo\/wp-content\/uploads\/sites\/11\/2021\/08\/boletin-inspecc-junio21_05.jpeg' rel='galeria'><img src='https:\/\/www.tamaulipas.gob.mx\/trabajo\/wp-content\/uploads\/sites\/11\/2021\/08\/boletin-inspecc-junio21_05-850x500.jpeg' srcset='' sizes='auto' alt=''><\/a><figcaption><\/figcaption><\/div><div class='item'><a href='https:\/\/www.tamaulipas.gob.mx\/trabajo\/wp-content\/uploads\/sites\/11\/2021\/08\/boletin-inspecc-junio21_06.jpeg' rel='galeria'><img src='https:\/\/www.tamaulipas.gob.mx\/trabajo\/wp-content\/uploads\/sites\/11\/2021\/08\/boletin-inspecc-junio21_06-850x500.jpeg' srcset='' sizes='auto' alt=''><\/a><figcaption><\/figcaption><\/div><\/div>\n","protected":false},"excerpt":{"rendered":"<p>El Gobernador, Francisco Garc\u00eda Cabeza de Vaca, genera conciencia sobre el cuidado y protecci\u00f3n sanitaria entre los trabajadores, y garantiza el sustento laboral y econ\u00f3mico\u2026<\/p>\n","protected":false},"author":63,"featured_media":1977,"comment_status":"closed","ping_status":"closed","sticky":false,"template":"","format":"standard","meta":{"footnotes":""},"categories":[1],"tags":[],"class_list":["post-1973","post","type-post","status-publish","format-standard","has-post-thumbnail","hentry","category-prensa"],"publishpress_future_action":{"enabled":false,"date":"2026-05-08 15:00:35","action":"change-status","newStatus":"draft","terms":[],"taxonomy":"category"},"_links":{"self":[{"href":"https:\/\/www.tamaulipas.gob.mx\/trabajo\/wp-json\/wp\/v2\/posts\/1973"}],"collection":[{"href":"https:\/\/www.tamaulipas.gob.mx\/trabajo\/wp-json\/wp\/v2\/posts"}],"about":[{"href":"https:\/\/www.tamaulipas.gob.mx\/trabajo\/wp-json\/wp\/v2\/types\/post"}],"author":[{"embeddable":true,"href":"https:\/\/www.tamaulipas.gob.mx\/trabajo\/wp-json\/wp\/v2\/users\/63"}],"replies":[{"embeddable":true,"href":"https:\/\/www.tamaulipas.gob.mx\/trabajo\/wp-json\/wp\/v2\/comments?post=1973"}],"version-history":[{"count":1,"href":"https:\/\/www.tamaulipas.gob.mx\/trabajo\/wp-json\/wp\/v2\/posts\/1973\/revisions"}],"predecessor-version":[{"id":1980,"href":"https:\/\/www.tamaulipas.gob.mx\/trabajo\/wp-json\/wp\/v2\/posts\/1973\/revisions\/1980"}],"wp:featuredmedia":[{"embeddable":true,"href":"https:\/\/www.tamaulipas.gob.mx\/trabajo\/wp-json\/wp\/v2\/media\/1977"}],"wp:attachment":[{"href":"https:\/\/www.tamaulipas.gob.mx\/trabajo\/wp-json\/wp\/v2\/media?parent=1973"}],"wp:term":[{"taxonomy":"category","embeddable":true,"href":"https:\/\/www.tamaulipas.gob.mx\/trabajo\/wp-json\/wp\/v2\/categories?post=1973"},{"taxonomy":"post_tag","embeddable":true,"href":"https:\/\/www.tamaulipas.gob.mx\/trabajo\/wp-json\/wp\/v2\/tags?post=1973"}],"curies":[{"name":"wp","href":"https:\/\/api.w.org\/{rel}","templated":true}]}}