{"id":197,"date":"2017-08-17T15:43:26","date_gmt":"2017-08-17T20:43:26","guid":{"rendered":"http:\/\/www.tamaulipas.gob.mx\/trabajo\/?p=197"},"modified":"2018-05-08T12:02:49","modified_gmt":"2018-05-08T17:02:49","slug":"tamaulipas-rebasa-metas-del-programa-trabajadores-agricolas-temporales-mexico-canada","status":"publish","type":"post","link":"https:\/\/www.tamaulipas.gob.mx\/trabajo\/2017\/08\/tamaulipas-rebasa-metas-del-programa-trabajadores-agricolas-temporales-mexico-canada\/","title":{"rendered":"Tamaulipas, rebasa metas del programa Trabajadores Agr\u00edcolas Temporales M\u00e9xico-Canad\u00e1"},"content":{"rendered":"<p>Ciudad Victoria, Tamaulipas.- El Gobierno del Estado a trav\u00e9s de la Secretar\u00eda del Trabajo, en coordinaci\u00f3n con el Servicio Nacional de Empleo Tamaulipas, rebas\u00f3 las metas propuestas del Programa de Trabajadores Agr\u00edcolas Temporales M\u00e9xico-Canad\u00e1 (PTAT), logrando la colocaci\u00f3n de 305 tamaulipecos en centros de trabajo de Alberta, Columbia Brit\u00e1nica, Isla Pr\u00edncipe Eduardo, Manitoba, Nueva Escocia, Ontario, Quebec, y Saskatchewan.<\/p>\n<p>Las estad\u00edsticas se dan durante los primeros siete meses de 2017, dijo Mar\u00eda Estela Chavira Mart\u00ednez, titular de la dependencia.<\/p>\n<p>\u201cLa meta establecida de colocaci\u00f3n para el t\u00e9rmino del presente a\u00f1o es de 298 personas y una atenci\u00f3n de 310, sin embargo al mes de julio se logr\u00f3 atender una solicitud de 332 personas, colocando a 305 de ellos, es decir, un 102.34 por ciento\u201d, asegur\u00f3.<\/p>\n<p>Durante este periodo, a trav\u00e9s del \u00e1rea de Movilidad Laboral Externa, se atendi\u00f3 a trabajadores de 24 municipios, siendo Altamira, Gonz\u00e1lez y El Mante, los que concentraron el 52.78 por ciento de los tamaulipecos trabajando en Canad\u00e1, en especifico en las provincias de Columbia Brit\u00e1nica, Ontario y Quebec, que registraron el 88.85 por ciento de los trabajadores colocados.<\/p>\n<p>&nbsp;<\/p>\n<p>La actividad de mayor demanda por los empleadores extranjeros, fue concentrada en granjas agr\u00edcolas de verduras y legumbres, frutas y viveros.<\/p>\n<p>Personal del Servicio Nacional de Empleo Tamaulipas, brind\u00f3 capacitaci\u00f3n a los trabajadores, desde temas como firma de documentos oficiales, seguridad en el trabajo agr\u00edcola e igualdad de g\u00e9nero, y fue durante los meses de febrero a abril, que se brind\u00f3 el apoyo al 24.64 por ciento de los buscadores de empleo, siendo la ciudad de El Mante, la que concentr\u00f3 el 48.44 por ciento.<\/p>\n<p>Cabe destacar que la Secretar\u00eda del Trabajo, con los programas operados por el SNE Tamaulipas, recluta, selecciona y vincula a buscadores de empleo con experiencia laboral en el sector agr\u00edcola, para ocupar trabajos temporales de dos hasta ocho meses, contando con todos los derechos laborales.<\/p>\n<p>Estela Chavira Mart\u00ednez, ratific\u00f3 que con el programa PTAT, el Gobernador de Tamaulipas, Francisco Garc\u00eda Cabeza de Vaca, mantiene el compromiso de impulsar de forma ordenada, legal y segura, el flujo de trabajadores temporales mexicanos hacia al extranjero.<\/p>\n","protected":false},"excerpt":{"rendered":"<p>Ciudad Victoria, Tamaulipas.- El Gobierno del Estado a trav\u00e9s de la Secretar\u00eda del Trabajo, en coordinaci\u00f3n con el Servicio Nacional de Empleo Tamaulipas, rebas\u00f3 las\u2026<\/p>\n","protected":false},"author":63,"featured_media":198,"comment_status":"closed","ping_status":"closed","sticky":false,"template":"","format":"standard","meta":{"footnotes":""},"categories":[1],"tags":[],"class_list":["post-197","post","type-post","status-publish","format-standard","has-post-thumbnail","hentry","category-prensa"],"publishpress_future_action":{"enabled":false,"date":"2026-05-08 03:34:15","action":"change-status","newStatus":"draft","terms":[],"taxonomy":"category"},"_links":{"self":[{"href":"https:\/\/www.tamaulipas.gob.mx\/trabajo\/wp-json\/wp\/v2\/posts\/197"}],"collection":[{"href":"https:\/\/www.tamaulipas.gob.mx\/trabajo\/wp-json\/wp\/v2\/posts"}],"about":[{"href":"https:\/\/www.tamaulipas.gob.mx\/trabajo\/wp-json\/wp\/v2\/types\/post"}],"author":[{"embeddable":true,"href":"https:\/\/www.tamaulipas.gob.mx\/trabajo\/wp-json\/wp\/v2\/users\/63"}],"replies":[{"embeddable":true,"href":"https:\/\/www.tamaulipas.gob.mx\/trabajo\/wp-json\/wp\/v2\/comments?post=197"}],"version-history":[{"count":1,"href":"https:\/\/www.tamaulipas.gob.mx\/trabajo\/wp-json\/wp\/v2\/posts\/197\/revisions"}],"predecessor-version":[{"id":199,"href":"https:\/\/www.tamaulipas.gob.mx\/trabajo\/wp-json\/wp\/v2\/posts\/197\/revisions\/199"}],"wp:featuredmedia":[{"embeddable":true,"href":"https:\/\/www.tamaulipas.gob.mx\/trabajo\/wp-json\/wp\/v2\/media\/198"}],"wp:attachment":[{"href":"https:\/\/www.tamaulipas.gob.mx\/trabajo\/wp-json\/wp\/v2\/media?parent=197"}],"wp:term":[{"taxonomy":"category","embeddable":true,"href":"https:\/\/www.tamaulipas.gob.mx\/trabajo\/wp-json\/wp\/v2\/categories?post=197"},{"taxonomy":"post_tag","embeddable":true,"href":"https:\/\/www.tamaulipas.gob.mx\/trabajo\/wp-json\/wp\/v2\/tags?post=197"}],"curies":[{"name":"wp","href":"https:\/\/api.w.org\/{rel}","templated":true}]}}