{"id":1961,"date":"2021-07-02T22:00:51","date_gmt":"2021-07-03T03:00:51","guid":{"rendered":"https:\/\/www.tamaulipas.gob.mx\/trabajo\/?p=1961"},"modified":"2021-07-05T10:45:26","modified_gmt":"2021-07-05T15:45:26","slug":"tamaulipas-garantiza-proteccion-juridica-laboral-mediante-una-procuracion-pronta-expedita-completa-e-imparcial","status":"publish","type":"post","link":"https:\/\/www.tamaulipas.gob.mx\/trabajo\/2021\/07\/tamaulipas-garantiza-proteccion-juridica-laboral-mediante-una-procuracion-pronta-expedita-completa-e-imparcial\/","title":{"rendered":"Tamaulipas garantiza protecci\u00f3n jur\u00eddica laboral mediante una procuraci\u00f3n pronta, expedita, completa e imparcial"},"content":{"rendered":"<p><em><strong>En la Procuradur\u00eda General de la Defensa del Trabajo, se da respuesta r\u00e1pida y eficaz a los inconvenientes presentados entre el patr\u00f3n y el trabajador.<\/strong><\/em><\/p>\n<p style=\"text-align: right;\">ST-018-2021<\/p>\n<p style=\"text-align: left;\">Julio 02 del 2021<\/p>\n<p style=\"text-align: justify;\">Ciudad Victoria, Tamaulipas.- A trav\u00e9s de la Procuradur\u00eda General de la Defensa del Trabajo, se da respuesta r\u00e1pida y eficaz a las controversias laborales presentadas entre el patr\u00f3n y trabajador, a fin de mantener el orden social en los centros de trabajo.<\/p>\n<p style=\"text-align: justify;\">El Secretario del Trabajo, Miguel \u00c1ngel Villarreal Ongay, dijo que en Tamaulipas, se antepone el di\u00e1logo como una soluci\u00f3n pac\u00edfica a los conflictos laborales, y se da cumplimiento a las disposiciones que marca la Ley Federal del Trabajo.<\/p>\n<p style=\"text-align: justify;\">\u201cA pesar de la pandemia por Covid-19, el Gobernador, Francisco Garc\u00eda Cabeza de Vaca, mediante esta dependencia, sigue ofreciendo servicios de asesor\u00eda y orientaci\u00f3n gratuita, para salvaguardar los derechos de los trabajadores\u201d, indic\u00f3 el funcionario.<\/p>\n<p style=\"text-align: justify;\">En lo que va del 2021, la PGDT, ha brindado cerca de 2 mil asesor\u00edas, ha atendido m\u00e1s de 230 demandas, efectuado cerca de 500 convenios y gestionado a favor de los trabajadores m\u00e1s de $14, 304, 847 pesos.<\/p>\n<p style=\"text-align: justify;\">En el municipio de Matamoros se brind\u00f3 la mayor parte de las asesor\u00edas, un total de 473, en Tampico 446, seguido de Nuevo Laredo con 177 y El Mante con 163.<\/p>\n<p style=\"text-align: justify;\">Dentro del periodo, se logr\u00f3 reunir a las partes en conflicto, a trav\u00e9s de 800 pl\u00e1ticas conciliatorias, a fin de que estas llegaran a un acuerdo obteniendo as\u00ed la disoluci\u00f3n del problema planteado sin la necesidad de una demanda laboral.<\/p>\n<p style=\"text-align: justify;\">De enero a mayo, se atendieron a m\u00e1s de 995 hombres y m\u00e1s de 800 mujeres, quienes enfrentaron un despido injustificado o requirieron el apoyo en cuanto a las prestaciones prescritas dentro de la Ley Federal del Trabajo.<\/p>\n<p style=\"text-align: justify;\">A trav\u00e9s de las procuradur\u00edas, ubicadas en los principales municipios de Tamaulipas, se ha garantizado al trabajador, protecci\u00f3n jur\u00eddica laboral, mediante el cumplimiento de los prop\u00f3sitos constitucionales, de una justicia pronta, expedita, completa e imparcial.<\/p>\n<p style=\"text-align: center;\">###<\/p>\n<p>&nbsp;<\/p>\n<div class='owl-gallery'><div class='item'><a href='https:\/\/www.tamaulipas.gob.mx\/trabajo\/wp-content\/uploads\/sites\/11\/2021\/07\/2rocu_01.jpeg' rel='galeria'><img src='https:\/\/www.tamaulipas.gob.mx\/trabajo\/wp-content\/uploads\/sites\/11\/2021\/07\/2rocu_01-850x500.jpeg' srcset='' sizes='auto' alt=''><\/a><figcaption><\/figcaption><\/div><div class='item'><a href='https:\/\/www.tamaulipas.gob.mx\/trabajo\/wp-content\/uploads\/sites\/11\/2021\/07\/procu_01.jpeg' rel='galeria'><img src='https:\/\/www.tamaulipas.gob.mx\/trabajo\/wp-content\/uploads\/sites\/11\/2021\/07\/procu_01-850x500.jpeg' srcset='' sizes='auto' alt=''><\/a><figcaption><\/figcaption><\/div><div class='item'><a href='https:\/\/www.tamaulipas.gob.mx\/trabajo\/wp-content\/uploads\/sites\/11\/2021\/07\/procu_03.jpeg' rel='galeria'><img src='https:\/\/www.tamaulipas.gob.mx\/trabajo\/wp-content\/uploads\/sites\/11\/2021\/07\/procu_03-850x500.jpeg' srcset='' sizes='auto' alt=''><\/a><figcaption><\/figcaption><\/div><div class='item'><a href='https:\/\/www.tamaulipas.gob.mx\/trabajo\/wp-content\/uploads\/sites\/11\/2021\/07\/procu_04.jpeg' rel='galeria'><img src='https:\/\/www.tamaulipas.gob.mx\/trabajo\/wp-content\/uploads\/sites\/11\/2021\/07\/procu_04-850x500.jpeg' srcset='' sizes='auto' alt=''><\/a><figcaption><\/figcaption><\/div><div class='item'><a href='https:\/\/www.tamaulipas.gob.mx\/trabajo\/wp-content\/uploads\/sites\/11\/2021\/07\/procu_05.jpeg' rel='galeria'><img src='https:\/\/www.tamaulipas.gob.mx\/trabajo\/wp-content\/uploads\/sites\/11\/2021\/07\/procu_05-850x500.jpeg' srcset='' sizes='auto' alt=''><\/a><figcaption><\/figcaption><\/div><\/div>\n","protected":false},"excerpt":{"rendered":"<p>En la Procuradur\u00eda General de la Defensa del Trabajo, se da respuesta r\u00e1pida y eficaz a los inconvenientes presentados entre el patr\u00f3n y el trabajador.\u2026<\/p>\n","protected":false},"author":63,"featured_media":1963,"comment_status":"closed","ping_status":"closed","sticky":false,"template":"","format":"standard","meta":{"footnotes":""},"categories":[1],"tags":[],"class_list":["post-1961","post","type-post","status-publish","format-standard","has-post-thumbnail","hentry","category-prensa"],"publishpress_future_action":{"enabled":false,"date":"2026-05-08 15:01:01","action":"change-status","newStatus":"draft","terms":[],"taxonomy":"category"},"_links":{"self":[{"href":"https:\/\/www.tamaulipas.gob.mx\/trabajo\/wp-json\/wp\/v2\/posts\/1961"}],"collection":[{"href":"https:\/\/www.tamaulipas.gob.mx\/trabajo\/wp-json\/wp\/v2\/posts"}],"about":[{"href":"https:\/\/www.tamaulipas.gob.mx\/trabajo\/wp-json\/wp\/v2\/types\/post"}],"author":[{"embeddable":true,"href":"https:\/\/www.tamaulipas.gob.mx\/trabajo\/wp-json\/wp\/v2\/users\/63"}],"replies":[{"embeddable":true,"href":"https:\/\/www.tamaulipas.gob.mx\/trabajo\/wp-json\/wp\/v2\/comments?post=1961"}],"version-history":[{"count":3,"href":"https:\/\/www.tamaulipas.gob.mx\/trabajo\/wp-json\/wp\/v2\/posts\/1961\/revisions"}],"predecessor-version":[{"id":1969,"href":"https:\/\/www.tamaulipas.gob.mx\/trabajo\/wp-json\/wp\/v2\/posts\/1961\/revisions\/1969"}],"wp:featuredmedia":[{"embeddable":true,"href":"https:\/\/www.tamaulipas.gob.mx\/trabajo\/wp-json\/wp\/v2\/media\/1963"}],"wp:attachment":[{"href":"https:\/\/www.tamaulipas.gob.mx\/trabajo\/wp-json\/wp\/v2\/media?parent=1961"}],"wp:term":[{"taxonomy":"category","embeddable":true,"href":"https:\/\/www.tamaulipas.gob.mx\/trabajo\/wp-json\/wp\/v2\/categories?post=1961"},{"taxonomy":"post_tag","embeddable":true,"href":"https:\/\/www.tamaulipas.gob.mx\/trabajo\/wp-json\/wp\/v2\/tags?post=1961"}],"curies":[{"name":"wp","href":"https:\/\/api.w.org\/{rel}","templated":true}]}}