{"id":1941,"date":"2021-03-18T22:00:47","date_gmt":"2021-03-19T04:00:47","guid":{"rendered":"https:\/\/www.tamaulipas.gob.mx\/trabajo\/?p=1941"},"modified":"2021-03-19T10:18:12","modified_gmt":"2021-03-19T16:18:12","slug":"jlcya-de-tamaulipas-prepara-el-traslado-de-expedientes-al-centro-federal-de-conciliacion-y-registro-laboral","status":"publish","type":"post","link":"https:\/\/www.tamaulipas.gob.mx\/trabajo\/2021\/03\/jlcya-de-tamaulipas-prepara-el-traslado-de-expedientes-al-centro-federal-de-conciliacion-y-registro-laboral\/","title":{"rendered":"JLCyA de Tamaulipas prepara el traslado de expedientes, al Centro Federal de Conciliaci\u00f3n y Registro laboral"},"content":{"rendered":"<p><em><strong>Por instrucciones del Gobernador, Francisco Garc\u00eda Cabeza de Vaca, se trabaja a marchas forzadas, para cumplir con el nuevo sistema de administraci\u00f3n de justicia.<\/strong><\/em><\/p>\n<p style=\"text-align: right;\">ST-014-2021<\/p>\n<p>Marzo 18 del 2021<\/p>\n<p style=\"text-align: justify;\">Ciudad Victoria, Tamaulipas.- La Junta Local de Conciliaci\u00f3n y Arbitraje de Tamaulipas, prepara los expedientes colectivos para su traslado al Centro Federal de Conciliaci\u00f3n y Registro Laboral, que habr\u00e1n de estar en funci\u00f3n, de acuerdo al programa de implementaci\u00f3n de la Reforma Laboral, a partir de 1 mayo del 2022.<\/p>\n<p style=\"text-align: justify;\">Miguel \u00c1ngel Villarreal Ongay, Secretario del Trabajo, dio a conocer que la dependencia laboral a su cargo, tienen listos para digitalizar 918 contratos colectivos y 730 reglamentos de trabajo, mismos que tambi\u00e9n ser\u00e1n transferidos de forma f\u00edsica al Centro de Conciliaci\u00f3n.<\/p>\n<p style=\"text-align: justify;\">\u201cTenemos un avance del 75%, por instrucciones del Gobernador, Francisco Garc\u00eda Cabeza de Vaca, trabajamos a marchas forzadas, para cumplir de acuerdo a las fechas pautadas, con el nuevo sistema de administraci\u00f3n de justicia\u201d, dijo.<\/p>\n<p style=\"text-align: justify;\">El funcionario declar\u00f3 que por el momento, se llama a las organizaciones sindicales para que realicen el procedimiento de legitimaci\u00f3n de sus Contratos Colectivos de Trabajo, pues dichos documentos tienen que validarse mediante mecanismos que establece la propia ley, y tienen como fecha l\u00edmite el 1 de mayo del 2023.<\/p>\n<p style=\"text-align: justify;\">Villarreal Ongay se\u00f1al\u00f3 que de no realizarse esta funci\u00f3n, los contratos colectivos se tendr\u00e1n por terminados, conserv\u00e1ndose en beneficio de los trabajadores las prestaciones y condiciones de trabajo pactadas en el mismo que sean superiores a las establecidas en la ley.<\/p>\n<p style=\"text-align: justify;\">\u201cSon 720 contratos colectivos de trabajo vigentes de los \u00faltimos dos a\u00f1os para legitimarse\u201d.<\/p>\n<p style=\"text-align: justify;\">Aunado a este proceso, coment\u00f3, se est\u00e1 por iniciar la etapa para convocar a quienes estar\u00e1n al frente del Centro de Conciliaci\u00f3n, y el Tribunal Superior de Justicia, hace lo propio.<\/p>\n<p style=\"text-align: justify;\">El Secretario del Trabajo declar\u00f3 que Tamaulipas avanza en la implementaci\u00f3n del nuevo modelo de justicia laboral en tiempo y forma, con el que se pretende disminuir los juicios y el n\u00famero de conflictos entre patrones y empleados.<\/p>\n<h3 style=\"text-align: center;\">###<\/h3>\n<p>&nbsp;<\/p>\n<div class='owl-gallery'><div class='item'><a href='https:\/\/www.tamaulipas.gob.mx\/trabajo\/wp-content\/uploads\/sites\/11\/2021\/03\/boletin_seg_reformalab_01.jpeg' rel='galeria'><img src='https:\/\/www.tamaulipas.gob.mx\/trabajo\/wp-content\/uploads\/sites\/11\/2021\/03\/boletin_seg_reformalab_01-850x500.jpeg' srcset='' sizes='auto' alt=''><\/a><figcaption><\/figcaption><\/div><div class='item'><a href='https:\/\/www.tamaulipas.gob.mx\/trabajo\/wp-content\/uploads\/sites\/11\/2021\/03\/boletin_seg_reformalab_02.jpeg' rel='galeria'><img src='https:\/\/www.tamaulipas.gob.mx\/trabajo\/wp-content\/uploads\/sites\/11\/2021\/03\/boletin_seg_reformalab_02-850x500.jpeg' srcset='' sizes='auto' alt=''><\/a><figcaption><\/figcaption><\/div><div class='item'><a href='https:\/\/www.tamaulipas.gob.mx\/trabajo\/wp-content\/uploads\/sites\/11\/2021\/03\/boletin_seg_reformalab_03.jpeg' rel='galeria'><img src='https:\/\/www.tamaulipas.gob.mx\/trabajo\/wp-content\/uploads\/sites\/11\/2021\/03\/boletin_seg_reformalab_03-850x500.jpeg' srcset='' sizes='auto' alt=''><\/a><figcaption><\/figcaption><\/div><div class='item'><a href='https:\/\/www.tamaulipas.gob.mx\/trabajo\/wp-content\/uploads\/sites\/11\/2021\/03\/boletin_seg_reformalab_04.jpeg' rel='galeria'><img src='https:\/\/www.tamaulipas.gob.mx\/trabajo\/wp-content\/uploads\/sites\/11\/2021\/03\/boletin_seg_reformalab_04-850x500.jpeg' srcset='' sizes='auto' alt=''><\/a><figcaption><\/figcaption><\/div><div class='item'><a href='https:\/\/www.tamaulipas.gob.mx\/trabajo\/wp-content\/uploads\/sites\/11\/2021\/03\/boletin_seg_reformalab_05.jpeg' rel='galeria'><img src='https:\/\/www.tamaulipas.gob.mx\/trabajo\/wp-content\/uploads\/sites\/11\/2021\/03\/boletin_seg_reformalab_05-850x500.jpeg' srcset='' sizes='auto' alt=''><\/a><figcaption><\/figcaption><\/div><div class='item'><a href='https:\/\/www.tamaulipas.gob.mx\/trabajo\/wp-content\/uploads\/sites\/11\/2021\/03\/boletin_seg_reformalab_06.jpeg' rel='galeria'><img src='https:\/\/www.tamaulipas.gob.mx\/trabajo\/wp-content\/uploads\/sites\/11\/2021\/03\/boletin_seg_reformalab_06-850x500.jpeg' srcset='' sizes='auto' alt=''><\/a><figcaption><\/figcaption><\/div><\/div>\n","protected":false},"excerpt":{"rendered":"<p>Por instrucciones del Gobernador, Francisco Garc\u00eda Cabeza de Vaca, se trabaja a marchas forzadas, para cumplir con el nuevo sistema de administraci\u00f3n de justicia. ST-014-2021\u2026<\/p>\n","protected":false},"author":63,"featured_media":1944,"comment_status":"closed","ping_status":"closed","sticky":false,"template":"","format":"standard","meta":{"footnotes":""},"categories":[1],"tags":[],"class_list":["post-1941","post","type-post","status-publish","format-standard","has-post-thumbnail","hentry","category-prensa"],"publishpress_future_action":{"enabled":false,"date":"2026-05-08 15:00:35","action":"change-status","newStatus":"draft","terms":[],"taxonomy":"category"},"_links":{"self":[{"href":"https:\/\/www.tamaulipas.gob.mx\/trabajo\/wp-json\/wp\/v2\/posts\/1941"}],"collection":[{"href":"https:\/\/www.tamaulipas.gob.mx\/trabajo\/wp-json\/wp\/v2\/posts"}],"about":[{"href":"https:\/\/www.tamaulipas.gob.mx\/trabajo\/wp-json\/wp\/v2\/types\/post"}],"author":[{"embeddable":true,"href":"https:\/\/www.tamaulipas.gob.mx\/trabajo\/wp-json\/wp\/v2\/users\/63"}],"replies":[{"embeddable":true,"href":"https:\/\/www.tamaulipas.gob.mx\/trabajo\/wp-json\/wp\/v2\/comments?post=1941"}],"version-history":[{"count":1,"href":"https:\/\/www.tamaulipas.gob.mx\/trabajo\/wp-json\/wp\/v2\/posts\/1941\/revisions"}],"predecessor-version":[{"id":1948,"href":"https:\/\/www.tamaulipas.gob.mx\/trabajo\/wp-json\/wp\/v2\/posts\/1941\/revisions\/1948"}],"wp:featuredmedia":[{"embeddable":true,"href":"https:\/\/www.tamaulipas.gob.mx\/trabajo\/wp-json\/wp\/v2\/media\/1944"}],"wp:attachment":[{"href":"https:\/\/www.tamaulipas.gob.mx\/trabajo\/wp-json\/wp\/v2\/media?parent=1941"}],"wp:term":[{"taxonomy":"category","embeddable":true,"href":"https:\/\/www.tamaulipas.gob.mx\/trabajo\/wp-json\/wp\/v2\/categories?post=1941"},{"taxonomy":"post_tag","embeddable":true,"href":"https:\/\/www.tamaulipas.gob.mx\/trabajo\/wp-json\/wp\/v2\/tags?post=1941"}],"curies":[{"name":"wp","href":"https:\/\/api.w.org\/{rel}","templated":true}]}}