{"id":1930,"date":"2021-03-12T22:00:53","date_gmt":"2021-03-13T04:00:53","guid":{"rendered":"https:\/\/www.tamaulipas.gob.mx\/trabajo\/?p=1930"},"modified":"2021-03-17T11:10:23","modified_gmt":"2021-03-17T17:10:23","slug":"ferias-de-empleo-para-atender-el-crecimiento-de-la-poblacion-economicamente-activa-de-tamaulipas","status":"publish","type":"post","link":"https:\/\/www.tamaulipas.gob.mx\/trabajo\/2021\/03\/ferias-de-empleo-para-atender-el-crecimiento-de-la-poblacion-economicamente-activa-de-tamaulipas\/","title":{"rendered":"Ferias de Empleo para atender el crecimiento de la poblaci\u00f3n econ\u00f3micamente activa de Tamaulipas"},"content":{"rendered":"<p><em><strong>El Gobernador, Francisco Garc\u00eda Cabeza de Vaca, sigue fomentando y desarrollando estrategias para atraer inversiones e instalaci\u00f3n de empresas que generen empleos.<\/strong><\/em><\/p>\n<p style=\"text-align: right;\">ST-013-2021<\/p>\n<p style=\"text-align: left;\">Marzo 12 del 2021<\/p>\n<p style=\"text-align: justify;\">Ciudad Victoria, Tamaulipas.- Las Ferias de Empleo tienen el prop\u00f3sito de vincular de manera directa y \u00e1gil a los buscadores de empleo, con las empresas que tienen disponibles sus vacantes, dijo el Secretario del Trabajo, Miguel \u00c1ngel Villarreal Ongay.<\/p>\n<p style=\"text-align: justify;\">Mediante este mecanismo, implementado por el Gobierno de Tamaulipas, se ha logrado atender en lo que va de la administraci\u00f3n, a m\u00e1s de 27 mil 018 buscadores de empleo, en m\u00e1s de 50 eventos programados presencial y virtualmente en los principales municipios.<\/p>\n<p style=\"text-align: justify;\">El encargado de la pol\u00edtica laboral, argument\u00f3 que mediante un trabajo formal que contenga las prestaciones de ley, se logra brindar a las personas y familias, una mejor condici\u00f3n econ\u00f3mica y social.<\/p>\n<p style=\"text-align: justify;\">\u201cEl Gobernador, Francisco Garc\u00eda Cabeza de Vaca, sigue fomentando y desarrollando estrategias para atraer inversiones e instalaci\u00f3n de empresas que generen empleos\u201d, expres\u00f3.<\/p>\n<p style=\"text-align: justify;\">Apunt\u00f3 que en las Ferias de Empleo, han participado m\u00e1s de 7 mil 100 empresas, ofertando m\u00e1s de 46 mil 816 vacantes, para la industria, comercio, servicios y dependencias gubernamentales, en los que se han colocado a trav\u00e9s de este medio, a m\u00e1s de 7 mil 166 personas.<\/p>\n<p style=\"text-align: justify;\">Cesar Morales Leyva y su esposa Yadira Salazar L\u00f3pez, participaron de una Feria de Empleo efectuada en la Ciudad de Reynosa, dejaron su curr\u00edculo en una empresa constructora, los contrataron, y ahora se dedican a la venta de casas y participan en los procesos de reclutamiento.<\/p>\n<p style=\"text-align: justify;\">\u201cTengo 7 a\u00f1os en la empresa, me enter\u00e9 del evento, acud\u00ed y fui contratado, mi esposa trabaja conmigo y hemos logrado salir adelante, laboral y econ\u00f3micamente\u201d, expres\u00f3.<\/p>\n<p style=\"text-align: justify;\">Derivado a la emergencia sanitaria, y para prevenir los contagios por Covid-19, el Servicio Nacional de Empleo Tamaulipas, desarrolla la Primera Etapa de Ferias de Empleo Virtuales 2021, en la que han participado los municipios de Altamira, Nuevo Laredo y Matamoros, con 98 empresas ofertando 252 vacantes con mil 517 plazas.<\/p>\n<p style=\"text-align: justify;\">Villarreal Ongay coment\u00f3 que de esta manera se estimula la generaci\u00f3n de empleos, a fin de atender el crecimiento de la poblaci\u00f3n econ\u00f3micamente activa.<\/p>\n<p style=\"text-align: center;\">###<\/p>\n<p>&nbsp;<\/p>\n<div class='owl-gallery'><div class='item'><a href='https:\/\/www.tamaulipas.gob.mx\/trabajo\/wp-content\/uploads\/sites\/11\/2021\/03\/boletin_exito_ferias_01.jpeg' rel='galeria'><img src='https:\/\/www.tamaulipas.gob.mx\/trabajo\/wp-content\/uploads\/sites\/11\/2021\/03\/boletin_exito_ferias_01-850x500.jpeg' srcset='' sizes='auto' alt=''><\/a><figcaption><\/figcaption><\/div><div class='item'><a href='https:\/\/www.tamaulipas.gob.mx\/trabajo\/wp-content\/uploads\/sites\/11\/2021\/03\/boletin_exito_ferias_02.jpeg' rel='galeria'><img src='https:\/\/www.tamaulipas.gob.mx\/trabajo\/wp-content\/uploads\/sites\/11\/2021\/03\/boletin_exito_ferias_02-850x500.jpeg' srcset='' sizes='auto' alt=''><\/a><figcaption><\/figcaption><\/div><div class='item'><a href='https:\/\/www.tamaulipas.gob.mx\/trabajo\/wp-content\/uploads\/sites\/11\/2021\/03\/boletin_exito_ferias_03.jpeg' rel='galeria'><img src='https:\/\/www.tamaulipas.gob.mx\/trabajo\/wp-content\/uploads\/sites\/11\/2021\/03\/boletin_exito_ferias_03-850x500.jpeg' srcset='' sizes='auto' alt=''><\/a><figcaption><\/figcaption><\/div><div class='item'><a href='https:\/\/www.tamaulipas.gob.mx\/trabajo\/wp-content\/uploads\/sites\/11\/2021\/03\/boletin_exito_ferias_04.jpeg' rel='galeria'><img src='https:\/\/www.tamaulipas.gob.mx\/trabajo\/wp-content\/uploads\/sites\/11\/2021\/03\/boletin_exito_ferias_04-850x500.jpeg' srcset='' sizes='auto' alt=''><\/a><figcaption><\/figcaption><\/div><div class='item'><a href='https:\/\/www.tamaulipas.gob.mx\/trabajo\/wp-content\/uploads\/sites\/11\/2021\/03\/boletin_exito_ferias_05.jpeg' rel='galeria'><img src='https:\/\/www.tamaulipas.gob.mx\/trabajo\/wp-content\/uploads\/sites\/11\/2021\/03\/boletin_exito_ferias_05-850x500.jpeg' srcset='' sizes='auto' alt=''><\/a><figcaption><\/figcaption><\/div><div class='item'><a href='https:\/\/www.tamaulipas.gob.mx\/trabajo\/wp-content\/uploads\/sites\/11\/2021\/03\/boletin_exito_ferias_06.jpeg' rel='galeria'><img src='https:\/\/www.tamaulipas.gob.mx\/trabajo\/wp-content\/uploads\/sites\/11\/2021\/03\/boletin_exito_ferias_06-850x500.jpeg' srcset='' sizes='auto' alt=''><\/a><figcaption><\/figcaption><\/div><\/div>\n","protected":false},"excerpt":{"rendered":"<p>El Gobernador, Francisco Garc\u00eda Cabeza de Vaca, sigue fomentando y desarrollando estrategias para atraer inversiones e instalaci\u00f3n de empresas que generen empleos. ST-013-2021 Marzo 12\u2026<\/p>\n","protected":false},"author":63,"featured_media":1936,"comment_status":"closed","ping_status":"closed","sticky":false,"template":"","format":"standard","meta":{"footnotes":""},"categories":[1],"tags":[],"class_list":["post-1930","post","type-post","status-publish","format-standard","has-post-thumbnail","hentry","category-prensa"],"publishpress_future_action":{"enabled":false,"date":"2026-05-08 15:01:01","action":"change-status","newStatus":"draft","terms":[],"taxonomy":"category"},"_links":{"self":[{"href":"https:\/\/www.tamaulipas.gob.mx\/trabajo\/wp-json\/wp\/v2\/posts\/1930"}],"collection":[{"href":"https:\/\/www.tamaulipas.gob.mx\/trabajo\/wp-json\/wp\/v2\/posts"}],"about":[{"href":"https:\/\/www.tamaulipas.gob.mx\/trabajo\/wp-json\/wp\/v2\/types\/post"}],"author":[{"embeddable":true,"href":"https:\/\/www.tamaulipas.gob.mx\/trabajo\/wp-json\/wp\/v2\/users\/63"}],"replies":[{"embeddable":true,"href":"https:\/\/www.tamaulipas.gob.mx\/trabajo\/wp-json\/wp\/v2\/comments?post=1930"}],"version-history":[{"count":1,"href":"https:\/\/www.tamaulipas.gob.mx\/trabajo\/wp-json\/wp\/v2\/posts\/1930\/revisions"}],"predecessor-version":[{"id":1937,"href":"https:\/\/www.tamaulipas.gob.mx\/trabajo\/wp-json\/wp\/v2\/posts\/1930\/revisions\/1937"}],"wp:featuredmedia":[{"embeddable":true,"href":"https:\/\/www.tamaulipas.gob.mx\/trabajo\/wp-json\/wp\/v2\/media\/1936"}],"wp:attachment":[{"href":"https:\/\/www.tamaulipas.gob.mx\/trabajo\/wp-json\/wp\/v2\/media?parent=1930"}],"wp:term":[{"taxonomy":"category","embeddable":true,"href":"https:\/\/www.tamaulipas.gob.mx\/trabajo\/wp-json\/wp\/v2\/categories?post=1930"},{"taxonomy":"post_tag","embeddable":true,"href":"https:\/\/www.tamaulipas.gob.mx\/trabajo\/wp-json\/wp\/v2\/tags?post=1930"}],"curies":[{"name":"wp","href":"https:\/\/api.w.org\/{rel}","templated":true}]}}