{"id":1913,"date":"2021-03-01T22:00:37","date_gmt":"2021-03-02T04:00:37","guid":{"rendered":"https:\/\/www.tamaulipas.gob.mx\/trabajo\/?p=1913"},"modified":"2021-03-02T09:54:56","modified_gmt":"2021-03-02T15:54:56","slug":"tamaulipecos-calificados-retornan-a-granjas-de-estados-unidos-para-laborar-en-la-pisca-de-tomate","status":"publish","type":"post","link":"https:\/\/www.tamaulipas.gob.mx\/trabajo\/2021\/03\/tamaulipecos-calificados-retornan-a-granjas-de-estados-unidos-para-laborar-en-la-pisca-de-tomate\/","title":{"rendered":"Tamaulipecos calificados retornan a granjas de Estados Unidos para laborar en la pisca de tomate"},"content":{"rendered":"<p><em><strong>El Gobernador, Francisco Garc\u00eda Cabeza de Vaca, garantiza un empleo formal con todas las prestaciones de ley, y promueve la formalidad laboral que genere desarrollo y bienestar.<\/strong><\/em><\/p>\n<p style=\"text-align: right;\">ST-011-2021<\/p>\n<p>Marzo 01 del 2021<\/p>\n<p style=\"text-align: justify;\">Ciudad Victoria, Tamaulipas.- El Secretario del Trabajo, Miguel \u00c1ngel Villarreal Ongay, afirm\u00f3 que el Gobierno de Tamaulipas, impulsa de manera legal y segura, el flujo de trabajadores temporales mexicanos al extranjero.<\/p>\n<p style=\"text-align: justify;\">Mediante el Subprograma de Mecanismo de Movilidad Laboral, agricultores siguen retornando a los Estados Unidos para laborar en la empresa Lipman Produce, en la pisca de tomate.<\/p>\n<p style=\"text-align: justify;\">\u201cUn grupo de 5 trabajadores nominales, residentes en el sur del estado, partieron hacia la Ciudad de Monterrey para el tr\u00e1mite de su Visa H2A, debido a que volvieron a ser recontratados por el patr\u00f3n, para cumplir un contrato de 8 meses\u201d, dijo.<\/p>\n<p style=\"text-align: justify;\">En base a las necesidades de personal, las oficinas del Servicio Nacional de Empleo Tamaulipas, recluta y selecciona a trabajadores que cuenten con la experiencia laboral m\u00ednima requerida por el empleador en las ocupaciones ofertadas.<\/p>\n<p style=\"text-align: justify;\">Argument\u00f3 que el Gobernador, Francisco Garc\u00eda Cabeza de Vaca, garantiza un empleo con todas las prestaciones de ley, y promueve la formalidad laboral que genere desarrollo y bienestar para los trabajadores y sus familias.<\/p>\n<p style=\"text-align: justify;\">Alrededor de 40 trabajadores de los municipios de El Mante, Tula, G\u00f3mez Far\u00edas, Antiguo y Nuevo Morelos, Ocampo y Jaumave, habr\u00e1n de retornar en los pr\u00f3ximos meses a los estados de Florida, Carolina del Sur \u00a0y Virginia, donde se ubican las granjas de tomate, cumpliendo con los protocolos sanitarios que solicita Estados Unidos, para prevenir los contagios por Covid-19.<\/p>\n<p style=\"text-align: justify;\">Villarreal Ongay coment\u00f3 que el mandatario, a trav\u00e9s de las pol\u00edticas laborales, responde a la igualdad de condici\u00f3n y el pleno respeto a los derechos laborales de los trabajadores, y remedia la escasez de mano de obra que requieren las empresas extranjeras.<\/p>\n<p style=\"text-align: center;\">###<\/p>\n<div class='owl-gallery'><div class='item'><a href='https:\/\/www.tamaulipas.gob.mx\/trabajo\/wp-content\/uploads\/sites\/11\/2021\/03\/boletin_trab_lipman_01.jpeg' rel='galeria'><img src='https:\/\/www.tamaulipas.gob.mx\/trabajo\/wp-content\/uploads\/sites\/11\/2021\/03\/boletin_trab_lipman_01-850x500.jpeg' srcset='' sizes='auto' alt=''><\/a><figcaption><\/figcaption><\/div><div class='item'><a href='https:\/\/www.tamaulipas.gob.mx\/trabajo\/wp-content\/uploads\/sites\/11\/2021\/03\/boletin_trab_lipman_02.jpeg' rel='galeria'><img src='https:\/\/www.tamaulipas.gob.mx\/trabajo\/wp-content\/uploads\/sites\/11\/2021\/03\/boletin_trab_lipman_02-850x500.jpeg' srcset='' sizes='auto' alt=''><\/a><figcaption><\/figcaption><\/div><div class='item'><a href='https:\/\/www.tamaulipas.gob.mx\/trabajo\/wp-content\/uploads\/sites\/11\/2021\/03\/boletin_trab_lipman_03.jpeg' rel='galeria'><img src='https:\/\/www.tamaulipas.gob.mx\/trabajo\/wp-content\/uploads\/sites\/11\/2021\/03\/boletin_trab_lipman_03-850x500.jpeg' srcset='' sizes='auto' alt=''><\/a><figcaption><\/figcaption><\/div><div class='item'><a href='https:\/\/www.tamaulipas.gob.mx\/trabajo\/wp-content\/uploads\/sites\/11\/2021\/03\/boletin_trab_lipman_04.jpeg' rel='galeria'><img src='https:\/\/www.tamaulipas.gob.mx\/trabajo\/wp-content\/uploads\/sites\/11\/2021\/03\/boletin_trab_lipman_04-850x500.jpeg' srcset='' sizes='auto' alt=''><\/a><figcaption><\/figcaption><\/div><div class='item'><a href='https:\/\/www.tamaulipas.gob.mx\/trabajo\/wp-content\/uploads\/sites\/11\/2021\/03\/boletin_trab_lipman_05.jpeg' rel='galeria'><img src='https:\/\/www.tamaulipas.gob.mx\/trabajo\/wp-content\/uploads\/sites\/11\/2021\/03\/boletin_trab_lipman_05-850x500.jpeg' srcset='' sizes='auto' alt=''><\/a><figcaption><\/figcaption><\/div><\/div>\n","protected":false},"excerpt":{"rendered":"<p>El Gobernador, Francisco Garc\u00eda Cabeza de Vaca, garantiza un empleo formal con todas las prestaciones de ley, y promueve la formalidad laboral que genere desarrollo\u2026<\/p>\n","protected":false},"author":63,"featured_media":1918,"comment_status":"closed","ping_status":"closed","sticky":false,"template":"","format":"standard","meta":{"footnotes":""},"categories":[1],"tags":[],"class_list":["post-1913","post","type-post","status-publish","format-standard","has-post-thumbnail","hentry","category-prensa"],"publishpress_future_action":{"enabled":false,"date":"2026-05-08 14:25:11","action":"change-status","newStatus":"draft","terms":[],"taxonomy":"category"},"_links":{"self":[{"href":"https:\/\/www.tamaulipas.gob.mx\/trabajo\/wp-json\/wp\/v2\/posts\/1913"}],"collection":[{"href":"https:\/\/www.tamaulipas.gob.mx\/trabajo\/wp-json\/wp\/v2\/posts"}],"about":[{"href":"https:\/\/www.tamaulipas.gob.mx\/trabajo\/wp-json\/wp\/v2\/types\/post"}],"author":[{"embeddable":true,"href":"https:\/\/www.tamaulipas.gob.mx\/trabajo\/wp-json\/wp\/v2\/users\/63"}],"replies":[{"embeddable":true,"href":"https:\/\/www.tamaulipas.gob.mx\/trabajo\/wp-json\/wp\/v2\/comments?post=1913"}],"version-history":[{"count":1,"href":"https:\/\/www.tamaulipas.gob.mx\/trabajo\/wp-json\/wp\/v2\/posts\/1913\/revisions"}],"predecessor-version":[{"id":1919,"href":"https:\/\/www.tamaulipas.gob.mx\/trabajo\/wp-json\/wp\/v2\/posts\/1913\/revisions\/1919"}],"wp:featuredmedia":[{"embeddable":true,"href":"https:\/\/www.tamaulipas.gob.mx\/trabajo\/wp-json\/wp\/v2\/media\/1918"}],"wp:attachment":[{"href":"https:\/\/www.tamaulipas.gob.mx\/trabajo\/wp-json\/wp\/v2\/media?parent=1913"}],"wp:term":[{"taxonomy":"category","embeddable":true,"href":"https:\/\/www.tamaulipas.gob.mx\/trabajo\/wp-json\/wp\/v2\/categories?post=1913"},{"taxonomy":"post_tag","embeddable":true,"href":"https:\/\/www.tamaulipas.gob.mx\/trabajo\/wp-json\/wp\/v2\/tags?post=1913"}],"curies":[{"name":"wp","href":"https:\/\/api.w.org\/{rel}","templated":true}]}}