{"id":1899,"date":"2021-02-25T22:00:35","date_gmt":"2021-02-26T04:00:35","guid":{"rendered":"https:\/\/www.tamaulipas.gob.mx\/trabajo\/?p=1899"},"modified":"2021-02-26T13:58:39","modified_gmt":"2021-02-26T19:58:39","slug":"ferias-de-empleo-virtuales-mecanismo-para-alcanzar-oportunidades-de-progreso-y-desarrollo-social-en-tamaulipas","status":"publish","type":"post","link":"https:\/\/www.tamaulipas.gob.mx\/trabajo\/2021\/02\/ferias-de-empleo-virtuales-mecanismo-para-alcanzar-oportunidades-de-progreso-y-desarrollo-social-en-tamaulipas\/","title":{"rendered":"Ferias de Empleo Virtuales mecanismo para alcanzar oportunidades de progreso y desarrollo social en Tamaulipas"},"content":{"rendered":"<p><em><strong>El Gobernador, Francisco Garc\u00eda Cabeza de Vaca, impulsa mecanismos que permitan a los tamaulipecos, alcanzar m\u00e1s oportunidades de progreso y desarrollo social.<\/strong><\/em><\/p>\n<p style=\"text-align: right;\">ST-009-2021<\/p>\n<p style=\"text-align: left;\">Febrero 25 del 2021<\/p>\n<p style=\"text-align: justify;\">Ciudad Victoria, Tamaulipas.- El Gobierno de Tamaulipas, inaugur\u00f3 la Feria de Empleo Virtual, Nuevo Laredo 2021, ofertando 115 vacantes con m\u00e1s de 440 plazas, incluidas vacantes para personas con discapacidad.<\/p>\n<p style=\"text-align: justify;\">A trav\u00e9s de la Secretar\u00eda del Trabajo, en coordinaci\u00f3n con el Servicio Nacional de Empleo Tamaulipas, se logr\u00f3 la participaci\u00f3n de 28 empresas de diversos giros comerciales, tanto para la industria, comercio y servicios.<\/p>\n<p style=\"text-align: justify;\">Miguel \u00c1ngel Villarreal Ongay, titular de la dependencia laboral, dijo que el Gobernador, Francisco Garc\u00eda Cabeza de Vaca, sigue impulsando mecanismos que permitan a los tamaulipecos, alcanzar las oportunidades de progreso y desarrollo social.<\/p>\n<p style=\"text-align: justify;\">\u201cLas Ferias de Empleo contribuyen a mejorar las condiciones de vida de las familias, por eso trabajamos unidos, gobierno y sector empresarial, para generar y dar respuesta a la demanda de empleo\u201d, dijo.<\/p>\n<p style=\"text-align: justify;\">Respecto a la generaci\u00f3n de empleo, record\u00f3 que a nivel nacional, s\u00f3lo 22 entidades mostraron variaciones positivas durante el mes de enero, y Tamaulipas fue uno de los estados qui\u00e9n obtuvo un registro de 4 mil 574 nuevos empleos.<\/p>\n<p style=\"text-align: justify;\">Dijo que 3 mil 401 empleos fueron permanentes y mil 173 eventuales, as\u00ed mismo ratific\u00f3 que la industria de la transformaci\u00f3n repunt\u00f3 con el 44.4% de empleo creado y el comercio con el 17.4%.<\/p>\n<p style=\"text-align: justify;\">\u201cReynosa agrupa el 34.9% del total de trabajadores registrados ante el IMSS, Tampico el 20.1% y Matamoros el 18.4%, en estas tres regiones se concentra m\u00e1s del 70% del total de los trabajadores en el estado\u201d.<\/p>\n<p style=\"text-align: justify;\">Villarreal Ongay, manifest\u00f3 su agradecimiento a las empresas que participan de las Ferias de Empleo, y expuso que son ellas, por su responsabilidad y compromiso, quienes dotan de trabajo a los tamaulipecos, permiti\u00e9ndoles acceder a servicios de salud y vivienda, entre otros.<\/p>\n<p style=\"text-align: center;\">###<\/p>\n<div class='owl-gallery'><div class='item'><a href='https:\/\/www.tamaulipas.gob.mx\/trabajo\/wp-content\/uploads\/sites\/11\/2021\/02\/boletin_feria_gen_empleo_01.jpeg' rel='galeria'><img src='https:\/\/www.tamaulipas.gob.mx\/trabajo\/wp-content\/uploads\/sites\/11\/2021\/02\/boletin_feria_gen_empleo_01-850x500.jpeg' srcset='' sizes='auto' alt=''><\/a><figcaption><\/figcaption><\/div><div class='item'><a href='https:\/\/www.tamaulipas.gob.mx\/trabajo\/wp-content\/uploads\/sites\/11\/2021\/02\/boletin_feria_gen_empleo_02.jpeg' rel='galeria'><img src='https:\/\/www.tamaulipas.gob.mx\/trabajo\/wp-content\/uploads\/sites\/11\/2021\/02\/boletin_feria_gen_empleo_02-850x500.jpeg' srcset='' sizes='auto' alt=''><\/a><figcaption><\/figcaption><\/div><div class='item'><a href='https:\/\/www.tamaulipas.gob.mx\/trabajo\/wp-content\/uploads\/sites\/11\/2021\/02\/boletin_feria_gen_empleo_03.jpeg' rel='galeria'><img src='https:\/\/www.tamaulipas.gob.mx\/trabajo\/wp-content\/uploads\/sites\/11\/2021\/02\/boletin_feria_gen_empleo_03-850x500.jpeg' srcset='' sizes='auto' alt=''><\/a><figcaption><\/figcaption><\/div><div class='item'><a href='https:\/\/www.tamaulipas.gob.mx\/trabajo\/wp-content\/uploads\/sites\/11\/2021\/02\/boletin_feria_gen_empleo_04.jpeg' rel='galeria'><img src='https:\/\/www.tamaulipas.gob.mx\/trabajo\/wp-content\/uploads\/sites\/11\/2021\/02\/boletin_feria_gen_empleo_04-850x500.jpeg' srcset='' sizes='auto' alt=''><\/a><figcaption><\/figcaption><\/div><div class='item'><a href='https:\/\/www.tamaulipas.gob.mx\/trabajo\/wp-content\/uploads\/sites\/11\/2021\/02\/boletin_feria_gen_empleo_05.jpeg' rel='galeria'><img src='https:\/\/www.tamaulipas.gob.mx\/trabajo\/wp-content\/uploads\/sites\/11\/2021\/02\/boletin_feria_gen_empleo_05-850x500.jpeg' srcset='' sizes='auto' alt=''><\/a><figcaption><\/figcaption><\/div><\/div>\n","protected":false},"excerpt":{"rendered":"<p>El Gobernador, Francisco Garc\u00eda Cabeza de Vaca, impulsa mecanismos que permitan a los tamaulipecos, alcanzar m\u00e1s oportunidades de progreso y desarrollo social. ST-009-2021 Febrero 25\u2026<\/p>\n","protected":false},"author":63,"featured_media":1900,"comment_status":"closed","ping_status":"closed","sticky":false,"template":"","format":"standard","meta":{"footnotes":""},"categories":[1],"tags":[],"class_list":["post-1899","post","type-post","status-publish","format-standard","has-post-thumbnail","hentry","category-prensa"],"publishpress_future_action":{"enabled":false,"date":"2026-05-08 14:25:06","action":"change-status","newStatus":"draft","terms":[],"taxonomy":"category"},"_links":{"self":[{"href":"https:\/\/www.tamaulipas.gob.mx\/trabajo\/wp-json\/wp\/v2\/posts\/1899"}],"collection":[{"href":"https:\/\/www.tamaulipas.gob.mx\/trabajo\/wp-json\/wp\/v2\/posts"}],"about":[{"href":"https:\/\/www.tamaulipas.gob.mx\/trabajo\/wp-json\/wp\/v2\/types\/post"}],"author":[{"embeddable":true,"href":"https:\/\/www.tamaulipas.gob.mx\/trabajo\/wp-json\/wp\/v2\/users\/63"}],"replies":[{"embeddable":true,"href":"https:\/\/www.tamaulipas.gob.mx\/trabajo\/wp-json\/wp\/v2\/comments?post=1899"}],"version-history":[{"count":1,"href":"https:\/\/www.tamaulipas.gob.mx\/trabajo\/wp-json\/wp\/v2\/posts\/1899\/revisions"}],"predecessor-version":[{"id":1905,"href":"https:\/\/www.tamaulipas.gob.mx\/trabajo\/wp-json\/wp\/v2\/posts\/1899\/revisions\/1905"}],"wp:featuredmedia":[{"embeddable":true,"href":"https:\/\/www.tamaulipas.gob.mx\/trabajo\/wp-json\/wp\/v2\/media\/1900"}],"wp:attachment":[{"href":"https:\/\/www.tamaulipas.gob.mx\/trabajo\/wp-json\/wp\/v2\/media?parent=1899"}],"wp:term":[{"taxonomy":"category","embeddable":true,"href":"https:\/\/www.tamaulipas.gob.mx\/trabajo\/wp-json\/wp\/v2\/categories?post=1899"},{"taxonomy":"post_tag","embeddable":true,"href":"https:\/\/www.tamaulipas.gob.mx\/trabajo\/wp-json\/wp\/v2\/tags?post=1899"}],"curies":[{"name":"wp","href":"https:\/\/api.w.org\/{rel}","templated":true}]}}