{"id":1887,"date":"2021-02-23T22:00:40","date_gmt":"2021-02-24T04:00:40","guid":{"rendered":"https:\/\/www.tamaulipas.gob.mx\/trabajo\/?p=1887"},"modified":"2021-02-24T09:19:08","modified_gmt":"2021-02-24T15:19:08","slug":"cumplimiento-de-la-ley-federal-del-trabajo-en-tamaulipas-garantiza-la-paz-laboral","status":"publish","type":"post","link":"https:\/\/www.tamaulipas.gob.mx\/trabajo\/2021\/02\/cumplimiento-de-la-ley-federal-del-trabajo-en-tamaulipas-garantiza-la-paz-laboral\/","title":{"rendered":"Cumplimiento de la Ley Federal del Trabajo en Tamaulipas garantiza la paz laboral"},"content":{"rendered":"<p><em><strong>El Gobernador, Francisco Garc\u00eda Cabeza de Vaca, busca que entre patrones y trabajadores, se propicie un trabajo saludable, digno y seguro.<\/strong><\/em><\/p>\n<p style=\"text-align: right;\">ST-008-2021<\/p>\n<p style=\"text-align: justify;\">Febrero 23 del 2021<\/p>\n<p style=\"text-align: justify;\">Ciudad Victoria, Tamaulipas.- Al implementar el Programa de Verificaci\u00f3n y Asesor\u00eda Laboral para la Nueva Realidad con Convivencia Segura, el Gobierno de Tamaulipas genera pol\u00edticas para proteger los derechos, la salud y seguridad de los trabajadores.<\/p>\n<p style=\"text-align: justify;\">Lo anterior lo dio a conocer el Secretario del Trabajo, Miguel \u00c1ngel Villarreal Ongay, al referirse que las empresas, han sido responsables, al cumplir con lo establecido en las Normas Oficiales Mexicanas y la Ley Federal del Trabajo.<\/p>\n<p style=\"text-align: justify;\">Expuso que personal de la Direcci\u00f3n de Inspecci\u00f3n y Previsi\u00f3n Social, exhort\u00f3 e invit\u00f3 a los empresarios, considerar en sus \u00e1reas laborales, las Condiciones Generales de Seguridad y Salud en el Trabajo y las prestaciones de ley.<\/p>\n<p style=\"text-align: justify;\">Coment\u00f3 que la dependencia a su cargo, dentro de la segunda etapa, est\u00e1 requiriendo a los mismos la entrega de documentaci\u00f3n que acredite el cumplimiento del programa.<\/p>\n<p style=\"text-align: justify;\">\u201cLa estrategia contempla la visita a por lo menos 500 empresas, el Gobernador, Francisco Garc\u00eda Cabeza de Vaca, busca que entre patrones y trabajadores se genere un entorno de trabajo saludable, digno y seguro\u201d, dijo.<\/p>\n<p style=\"text-align: justify;\">El funcionario apunt\u00f3 que la observancia a los fundamentos legales y obligaciones laborales, deben prevalecer en los centros de trabajo, pues estos constituyen una gu\u00eda para garantizar la paz laboral.<\/p>\n<p style=\"text-align: justify;\">\u201cQue todos gocen de los beneficios y derechos laborales, es elemental en Tamaulipas\u201d.<\/p>\n<p style=\"text-align: justify;\">Villarreal Ongay, expres\u00f3 que en el presente a\u00f1o, las acciones correspondientes a la DIPS se reforzar\u00e1n, mediante cursos b\u00e1sicos, jornadas de prevenci\u00f3n, coordinaci\u00f3n con sectores productivos y dem\u00e1s acciones de inspecci\u00f3n y vigilancia, en las que habr\u00e1n de seguirse considerando todas las medidas sanitarias.<\/p>\n<p>&nbsp;<\/p>\n<p style=\"text-align: center;\">###<\/p>\n<p>&nbsp;<\/p>\n<div class='owl-gallery'><div class='item'><a href='https:\/\/www.tamaulipas.gob.mx\/trabajo\/wp-content\/uploads\/sites\/11\/2021\/02\/boletin_visitas_insp01.jpeg' rel='galeria'><img src='https:\/\/www.tamaulipas.gob.mx\/trabajo\/wp-content\/uploads\/sites\/11\/2021\/02\/boletin_visitas_insp01-850x500.jpeg' srcset='' sizes='auto' alt=''><\/a><figcaption><\/figcaption><\/div><div class='item'><a href='https:\/\/www.tamaulipas.gob.mx\/trabajo\/wp-content\/uploads\/sites\/11\/2021\/02\/boletin_visitas_insp02.jpeg' rel='galeria'><img src='https:\/\/www.tamaulipas.gob.mx\/trabajo\/wp-content\/uploads\/sites\/11\/2021\/02\/boletin_visitas_insp02-850x500.jpeg' srcset='' sizes='auto' alt=''><\/a><figcaption><\/figcaption><\/div><div class='item'><a href='https:\/\/www.tamaulipas.gob.mx\/trabajo\/wp-content\/uploads\/sites\/11\/2021\/02\/boletin_visitas_insp03.jpeg' rel='galeria'><img src='https:\/\/www.tamaulipas.gob.mx\/trabajo\/wp-content\/uploads\/sites\/11\/2021\/02\/boletin_visitas_insp03-850x500.jpeg' srcset='' sizes='auto' alt=''><\/a><figcaption><\/figcaption><\/div><div class='item'><a href='https:\/\/www.tamaulipas.gob.mx\/trabajo\/wp-content\/uploads\/sites\/11\/2021\/02\/boletin_visitas_insp04.jpeg' rel='galeria'><img src='https:\/\/www.tamaulipas.gob.mx\/trabajo\/wp-content\/uploads\/sites\/11\/2021\/02\/boletin_visitas_insp04-850x500.jpeg' srcset='' sizes='auto' alt=''><\/a><figcaption><\/figcaption><\/div><\/div>\n","protected":false},"excerpt":{"rendered":"<p>El Gobernador, Francisco Garc\u00eda Cabeza de Vaca, busca que entre patrones y trabajadores, se propicie un trabajo saludable, digno y seguro. ST-008-2021 Febrero 23 del\u2026<\/p>\n","protected":false},"author":63,"featured_media":1889,"comment_status":"closed","ping_status":"closed","sticky":false,"template":"","format":"standard","meta":{"footnotes":""},"categories":[1],"tags":[],"class_list":["post-1887","post","type-post","status-publish","format-standard","has-post-thumbnail","hentry","category-prensa"],"publishpress_future_action":{"enabled":false,"date":"2026-05-08 14:25:00","action":"change-status","newStatus":"draft","terms":[],"taxonomy":"category"},"_links":{"self":[{"href":"https:\/\/www.tamaulipas.gob.mx\/trabajo\/wp-json\/wp\/v2\/posts\/1887"}],"collection":[{"href":"https:\/\/www.tamaulipas.gob.mx\/trabajo\/wp-json\/wp\/v2\/posts"}],"about":[{"href":"https:\/\/www.tamaulipas.gob.mx\/trabajo\/wp-json\/wp\/v2\/types\/post"}],"author":[{"embeddable":true,"href":"https:\/\/www.tamaulipas.gob.mx\/trabajo\/wp-json\/wp\/v2\/users\/63"}],"replies":[{"embeddable":true,"href":"https:\/\/www.tamaulipas.gob.mx\/trabajo\/wp-json\/wp\/v2\/comments?post=1887"}],"version-history":[{"count":2,"href":"https:\/\/www.tamaulipas.gob.mx\/trabajo\/wp-json\/wp\/v2\/posts\/1887\/revisions"}],"predecessor-version":[{"id":1893,"href":"https:\/\/www.tamaulipas.gob.mx\/trabajo\/wp-json\/wp\/v2\/posts\/1887\/revisions\/1893"}],"wp:featuredmedia":[{"embeddable":true,"href":"https:\/\/www.tamaulipas.gob.mx\/trabajo\/wp-json\/wp\/v2\/media\/1889"}],"wp:attachment":[{"href":"https:\/\/www.tamaulipas.gob.mx\/trabajo\/wp-json\/wp\/v2\/media?parent=1887"}],"wp:term":[{"taxonomy":"category","embeddable":true,"href":"https:\/\/www.tamaulipas.gob.mx\/trabajo\/wp-json\/wp\/v2\/categories?post=1887"},{"taxonomy":"post_tag","embeddable":true,"href":"https:\/\/www.tamaulipas.gob.mx\/trabajo\/wp-json\/wp\/v2\/tags?post=1887"}],"curies":[{"name":"wp","href":"https:\/\/api.w.org\/{rel}","templated":true}]}}