{"id":1881,"date":"2021-02-18T22:00:55","date_gmt":"2021-02-19T04:00:55","guid":{"rendered":"https:\/\/www.tamaulipas.gob.mx\/trabajo\/?p=1881"},"modified":"2021-02-19T13:31:24","modified_gmt":"2021-02-19T19:31:24","slug":"arrancan-ferias-de-empleo-virtuales-2021-con-la-oferta-de-342-plazas-de-trabajo","status":"publish","type":"post","link":"https:\/\/www.tamaulipas.gob.mx\/trabajo\/2021\/02\/arrancan-ferias-de-empleo-virtuales-2021-con-la-oferta-de-342-plazas-de-trabajo\/","title":{"rendered":"Arrancan Ferias de Empleo Virtuales 2021 con la oferta de 342 plazas de trabajo"},"content":{"rendered":"<p><em><strong>El Gobernador, Francisco Garc\u00eda Cabeza de Vaca, mantiene su postura de generar las condiciones para que los buscadores de empleo, encuentren un trabajo formal, acorde a sus necesidades, y las empresas el personal id\u00f3neo.<\/strong><\/em><\/p>\n<p style=\"text-align: right;\">\u00a0ST-007-2021<\/p>\n<p style=\"text-align: justify;\">Febrero 18 del 2021<\/p>\n<p style=\"text-align: justify;\">Ciudad Victoria, Tamaulipas.- Con la participaci\u00f3n de 40 empresas y la oferta de m\u00e1s de 70 vacantes y 342 plazas, el Gobierno de Tamaulipas arranc\u00f3 en el municipio de Altamira, la Primera Etapa de Ferias de Empleo Virtuales 2021.<\/p>\n<p style=\"text-align: justify;\">Dicha actividad desarrollada por la Secretar\u00eda del Trabajo en coordinaci\u00f3n con el Servicio Nacional de Empleo Tamaulipas, est\u00e1 encaminada a impulsar y promover la creaci\u00f3n de fuentes de empleo, y un mejor bienestar para las familias.<\/p>\n<p style=\"text-align: justify;\">Miguel \u00c1ngel Villarreal Ongay, titular de la dependencia, dio la bienvenida a las empresas y buscadores de empleo, que se conectaron a trav\u00e9s de Zoom y Facebook, y expuso que con las Ferias de Empleo Virtuales, se garantiza el \u00e9xito laboral y la prosperidad para todos.<\/p>\n<p style=\"text-align: justify;\">\u201cEl Gobernador, Francisco Garc\u00eda Cabeza de Vaca, mantiene su postura de generar las condiciones para que los buscadores de empleo, encuentren un trabajo formal, acorde a sus necesidades, y las empresas el personal id\u00f3neo\u201d, se\u00f1al\u00f3.<\/p>\n<p style=\"text-align: justify;\">El funcionario declar\u00f3 que la emergencia sanitaria, los ha obligado a buscar alternativas, en este caso plataformas digitales, para seguir brindando apoyo a quienes requieren de trabajo o asesor\u00eda laboral, y con ello considerar medidas de prevenci\u00f3n ante los contagios por Covid19.<\/p>\n<p style=\"text-align: justify;\">Record\u00f3 que en la jornada de Ferias de Empleo, participar\u00e1n adem\u00e1s de Altamira, los municipios de Nuevo Laredo, Matamoros, Ciudad Victoria, Tampico, Ciudad Madero, El Mante y Reynosa, ofertando m\u00e1s de 3 mil vacantes que contengan las prestaciones de ley y servicios asistenciales, que les permitan a las personas la atenci\u00f3n m\u00e9dica y una vivienda digna.<\/p>\n<p>&nbsp;<\/p>\n<p style=\"text-align: center;\">###<\/p>\n<div class='owl-gallery'><div class='item'><a href='https:\/\/www.tamaulipas.gob.mx\/trabajo\/wp-content\/uploads\/sites\/11\/2021\/02\/boletin_1raetapaferia_01.jpeg' rel='galeria'><img src='https:\/\/www.tamaulipas.gob.mx\/trabajo\/wp-content\/uploads\/sites\/11\/2021\/02\/boletin_1raetapaferia_01-850x500.jpeg' srcset='' sizes='auto' alt=''><\/a><figcaption><\/figcaption><\/div><div class='item'><a href='https:\/\/www.tamaulipas.gob.mx\/trabajo\/wp-content\/uploads\/sites\/11\/2021\/02\/boletin_1raetapaferia_02.jpeg' rel='galeria'><img src='https:\/\/www.tamaulipas.gob.mx\/trabajo\/wp-content\/uploads\/sites\/11\/2021\/02\/boletin_1raetapaferia_02-850x500.jpeg' srcset='' sizes='auto' alt=''><\/a><figcaption><\/figcaption><\/div><div class='item'><a href='https:\/\/www.tamaulipas.gob.mx\/trabajo\/wp-content\/uploads\/sites\/11\/2021\/02\/boletin_1raetapaferia_03.jpeg' rel='galeria'><img src='https:\/\/www.tamaulipas.gob.mx\/trabajo\/wp-content\/uploads\/sites\/11\/2021\/02\/boletin_1raetapaferia_03-850x500.jpeg' srcset='' sizes='auto' alt=''><\/a><figcaption><\/figcaption><\/div><div class='item'><a href='https:\/\/www.tamaulipas.gob.mx\/trabajo\/wp-content\/uploads\/sites\/11\/2021\/02\/boletin_1raetapaferia_04.jpeg' rel='galeria'><img src='https:\/\/www.tamaulipas.gob.mx\/trabajo\/wp-content\/uploads\/sites\/11\/2021\/02\/boletin_1raetapaferia_04-850x500.jpeg' srcset='' sizes='auto' alt=''><\/a><figcaption><\/figcaption><\/div><\/div>\n","protected":false},"excerpt":{"rendered":"<p>El Gobernador, Francisco Garc\u00eda Cabeza de Vaca, mantiene su postura de generar las condiciones para que los buscadores de empleo, encuentren un trabajo formal, acorde\u2026<\/p>\n","protected":false},"author":63,"featured_media":1884,"comment_status":"closed","ping_status":"closed","sticky":false,"template":"","format":"standard","meta":{"footnotes":""},"categories":[1],"tags":[],"class_list":["post-1881","post","type-post","status-publish","format-standard","has-post-thumbnail","hentry","category-prensa"],"publishpress_future_action":{"enabled":false,"date":"2026-05-08 14:25:26","action":"change-status","newStatus":"draft","terms":[],"taxonomy":"category"},"_links":{"self":[{"href":"https:\/\/www.tamaulipas.gob.mx\/trabajo\/wp-json\/wp\/v2\/posts\/1881"}],"collection":[{"href":"https:\/\/www.tamaulipas.gob.mx\/trabajo\/wp-json\/wp\/v2\/posts"}],"about":[{"href":"https:\/\/www.tamaulipas.gob.mx\/trabajo\/wp-json\/wp\/v2\/types\/post"}],"author":[{"embeddable":true,"href":"https:\/\/www.tamaulipas.gob.mx\/trabajo\/wp-json\/wp\/v2\/users\/63"}],"replies":[{"embeddable":true,"href":"https:\/\/www.tamaulipas.gob.mx\/trabajo\/wp-json\/wp\/v2\/comments?post=1881"}],"version-history":[{"count":1,"href":"https:\/\/www.tamaulipas.gob.mx\/trabajo\/wp-json\/wp\/v2\/posts\/1881\/revisions"}],"predecessor-version":[{"id":1886,"href":"https:\/\/www.tamaulipas.gob.mx\/trabajo\/wp-json\/wp\/v2\/posts\/1881\/revisions\/1886"}],"wp:featuredmedia":[{"embeddable":true,"href":"https:\/\/www.tamaulipas.gob.mx\/trabajo\/wp-json\/wp\/v2\/media\/1884"}],"wp:attachment":[{"href":"https:\/\/www.tamaulipas.gob.mx\/trabajo\/wp-json\/wp\/v2\/media?parent=1881"}],"wp:term":[{"taxonomy":"category","embeddable":true,"href":"https:\/\/www.tamaulipas.gob.mx\/trabajo\/wp-json\/wp\/v2\/categories?post=1881"},{"taxonomy":"post_tag","embeddable":true,"href":"https:\/\/www.tamaulipas.gob.mx\/trabajo\/wp-json\/wp\/v2\/tags?post=1881"}],"curies":[{"name":"wp","href":"https:\/\/api.w.org\/{rel}","templated":true}]}}