{"id":1876,"date":"2021-02-17T22:00:31","date_gmt":"2021-02-18T04:00:31","guid":{"rendered":"https:\/\/www.tamaulipas.gob.mx\/trabajo\/?p=1876"},"modified":"2021-02-19T09:04:33","modified_gmt":"2021-02-19T15:04:33","slug":"reforzaran-acciones-para-prevenir-mas-contagios-por-covid-19","status":"publish","type":"post","link":"https:\/\/www.tamaulipas.gob.mx\/trabajo\/2021\/02\/reforzaran-acciones-para-prevenir-mas-contagios-por-covid-19\/","title":{"rendered":"Reforzar\u00e1n acciones para prevenir m\u00e1s contagios por Covid-19"},"content":{"rendered":"<p><em><strong>Mediante campa\u00f1as a trav\u00e9s de redes sociales y medios alternos, se invitar\u00e1 y se motivar\u00e1 a los internautas a cuidarse y cuidar la salud de los dem\u00e1s.<\/strong><\/em><\/p>\n<p style=\"text-align: right;\">ST-006-2021<\/p>\n<p>Febrero 17 del 2021<\/p>\n<p style=\"text-align: justify;\">Tampico, Tamaulipas.- Con la campa\u00f1a \u00abCuida a los tuyos, festeja despu\u00e9s\u00bb, se buscar\u00e1 reducir el n\u00famero de contagios por Covid-19, y reforzar las acciones implementadas por el Gobernador, Francisco Garc\u00eda Cabeza de Vaca, encaminadas a salvaguardar la salud de los tamaulipecos.<\/p>\n<p style=\"text-align: justify;\">Dicha estrategia, se ech\u00f3 a andar en el municipio de Tampico, para hacer conciencia entre la poblaci\u00f3n del sur y zona conurbada del estado, sobre los riesgos que implican reuniones o festejos, sin tomar en consideraci\u00f3n las medidas de protecci\u00f3n sanitaria.<\/p>\n<p style=\"text-align: justify;\">El Secretario del Trabajo, Miguel \u00c1ngel Villarreal Ongay, quien acompa\u00f1\u00f3 al alcalde Chuco Nader, dijo que Tamaulipas, recientemente fue reconocida por el Consejo Nacional de Evaluaci\u00f3n de la Pol\u00edtica de Desarrollo Social (CONEVAL), por ser una de las entidades que m\u00e1s programas y acciones ha dispuesto en apoyo a la poblaci\u00f3n y sectores productivos ante la pandemia, por lo que se busca junto con el municipio fortalecer los trabajos.<\/p>\n<p style=\"text-align: justify;\">\u00abQueremos hacer conciencia entre la poblaci\u00f3n del sur del estado, para que no baje la guardia, que los j\u00f3venes en particular eviten reuniones sin los cuidados necesarios, con ello vamos prevenir nuevos contagios\u201d, apunt\u00f3.<\/p>\n<p style=\"text-align: justify;\">La campa\u00f1a \u00abCuida a los tuyos, festeja despu\u00e9s\u201d, ser\u00e1 desarrollada a trav\u00e9s de las redes sociales y medios alternos, y consistir\u00e1 en el env\u00edo de mensajes, videos, webinar entre otras acciones, que inviten y motiven a los internautas a cuidarse y cuidar la salud de los dem\u00e1s.<\/p>\n<p style=\"text-align: justify;\">Villarreal Ongay, record\u00f3 que el mandatario sigue implementando pol\u00edticas p\u00fablicas, encaminadas a brindar servicios en bien de la poblaci\u00f3n, y pidi\u00f3 a las personas no descuidar el uso de gel antibacterial, cubrebocas y el lavado de manos constante.<\/p>\n<p>&nbsp;<\/p>\n<p>&nbsp;<\/p>\n<p style=\"text-align: center;\">###<\/p>\n<p>&nbsp;<\/p>\n<div class='owl-gallery'><div class='item'><a href='https:\/\/www.tamaulipas.gob.mx\/trabajo\/wp-content\/uploads\/sites\/11\/2021\/02\/boletin_cuida_01.jpeg' rel='galeria'><img src='https:\/\/www.tamaulipas.gob.mx\/trabajo\/wp-content\/uploads\/sites\/11\/2021\/02\/boletin_cuida_01-850x500.jpeg' srcset='' sizes='auto' alt=''><\/a><figcaption><\/figcaption><\/div><div class='item'><a href='https:\/\/www.tamaulipas.gob.mx\/trabajo\/wp-content\/uploads\/sites\/11\/2021\/02\/boletin_cuida_02.jpeg' rel='galeria'><img src='https:\/\/www.tamaulipas.gob.mx\/trabajo\/wp-content\/uploads\/sites\/11\/2021\/02\/boletin_cuida_02-850x500.jpeg' srcset='' sizes='auto' alt=''><\/a><figcaption><\/figcaption><\/div><div class='item'><a href='https:\/\/www.tamaulipas.gob.mx\/trabajo\/wp-content\/uploads\/sites\/11\/2021\/02\/boletin_cuida_03.jpeg' rel='galeria'><img src='https:\/\/www.tamaulipas.gob.mx\/trabajo\/wp-content\/uploads\/sites\/11\/2021\/02\/boletin_cuida_03-850x500.jpeg' srcset='' sizes='auto' alt=''><\/a><figcaption><\/figcaption><\/div><\/div>\n","protected":false},"excerpt":{"rendered":"<p>Mediante campa\u00f1as a trav\u00e9s de redes sociales y medios alternos, se invitar\u00e1 y se motivar\u00e1 a los internautas a cuidarse y cuidar la salud de\u2026<\/p>\n","protected":false},"author":63,"featured_media":1879,"comment_status":"closed","ping_status":"closed","sticky":false,"template":"","format":"standard","meta":{"footnotes":""},"categories":[1],"tags":[],"class_list":["post-1876","post","type-post","status-publish","format-standard","has-post-thumbnail","hentry","category-prensa"],"publishpress_future_action":{"enabled":false,"date":"2026-05-08 14:25:01","action":"change-status","newStatus":"draft","terms":[],"taxonomy":"category"},"_links":{"self":[{"href":"https:\/\/www.tamaulipas.gob.mx\/trabajo\/wp-json\/wp\/v2\/posts\/1876"}],"collection":[{"href":"https:\/\/www.tamaulipas.gob.mx\/trabajo\/wp-json\/wp\/v2\/posts"}],"about":[{"href":"https:\/\/www.tamaulipas.gob.mx\/trabajo\/wp-json\/wp\/v2\/types\/post"}],"author":[{"embeddable":true,"href":"https:\/\/www.tamaulipas.gob.mx\/trabajo\/wp-json\/wp\/v2\/users\/63"}],"replies":[{"embeddable":true,"href":"https:\/\/www.tamaulipas.gob.mx\/trabajo\/wp-json\/wp\/v2\/comments?post=1876"}],"version-history":[{"count":1,"href":"https:\/\/www.tamaulipas.gob.mx\/trabajo\/wp-json\/wp\/v2\/posts\/1876\/revisions"}],"predecessor-version":[{"id":1880,"href":"https:\/\/www.tamaulipas.gob.mx\/trabajo\/wp-json\/wp\/v2\/posts\/1876\/revisions\/1880"}],"wp:featuredmedia":[{"embeddable":true,"href":"https:\/\/www.tamaulipas.gob.mx\/trabajo\/wp-json\/wp\/v2\/media\/1879"}],"wp:attachment":[{"href":"https:\/\/www.tamaulipas.gob.mx\/trabajo\/wp-json\/wp\/v2\/media?parent=1876"}],"wp:term":[{"taxonomy":"category","embeddable":true,"href":"https:\/\/www.tamaulipas.gob.mx\/trabajo\/wp-json\/wp\/v2\/categories?post=1876"},{"taxonomy":"post_tag","embeddable":true,"href":"https:\/\/www.tamaulipas.gob.mx\/trabajo\/wp-json\/wp\/v2\/tags?post=1876"}],"curies":[{"name":"wp","href":"https:\/\/api.w.org\/{rel}","templated":true}]}}