{"id":1867,"date":"2021-02-09T22:00:55","date_gmt":"2021-02-10T04:00:55","guid":{"rendered":"https:\/\/www.tamaulipas.gob.mx\/trabajo\/?p=1867"},"modified":"2021-02-10T09:14:57","modified_gmt":"2021-02-10T15:14:57","slug":"tamaulipas-ofertara-mas-de-3-mil-vacantes-durante-primera-etapa-de-ferias-de-empleo-virtuales-2021","status":"publish","type":"post","link":"https:\/\/www.tamaulipas.gob.mx\/trabajo\/2021\/02\/tamaulipas-ofertara-mas-de-3-mil-vacantes-durante-primera-etapa-de-ferias-de-empleo-virtuales-2021\/","title":{"rendered":"Tamaulipas ofertar\u00e1 m\u00e1s de 3 mil vacantes durante Primera Etapa de Ferias de Empleo Virtuales 2021"},"content":{"rendered":"<p><em><strong>Derivado a la emergencia sanitaria por Covid-19, las Ferias de Empleo se desarrollar\u00e1n de manera virtual, para prevenir y evitar los contagios.<\/strong><\/em><\/p>\n<p style=\"text-align: right;\"><span style=\"font-weight: 400;\">ST-005-2021<\/span><\/p>\n<p><span style=\"font-weight: 400;\">\u00a0<\/span><span style=\"font-weight: 400;\">Febrero 09 del 2021<\/span><\/p>\n<p style=\"text-align: justify;\"><span style=\"font-weight: 400;\">Ciudad Victoria, Tamaulipas.- El Gobierno de Tamaulipas dar\u00e1 arranque a la Primera Etapa de Ferias de Empleo 2021, programando ocho eventos de manera virtual para los principales municipios de la entidad.<\/span><\/p>\n<p style=\"text-align: justify;\"><span style=\"font-weight: 400;\">A trav\u00e9s del Servicio Nacional de Empleo Tamaulipas, se prev\u00e9 la participaci\u00f3n de 210 empresas del ramo comercial, industrial, de servicios y gobierno, que ofertar\u00e1n m\u00e1s de 3 mil vacantes.<\/span><\/p>\n<p style=\"text-align: justify;\"><span style=\"font-weight: 400;\">El Secretario del Trabajo, Miguel \u00c1ngel Villarreal Ongay, dio a conocer que derivado a la emergencia sanitaria por Covid-19, nuevamente se desarrolla la din\u00e1mica efectuada durante el 2020, a fin de prevenir y evitar m\u00e1s contagios.<\/span><\/p>\n<p style=\"text-align: justify;\"><span style=\"font-weight: 400;\">\u201cMediante este procedimiento, buscamos proteger la salud de las personas, ha sido una de las encomiendas del Gobernador, Francisco Garc\u00eda Cabeza de Vaca. Las Ferias de Empleo Virtuales tienen muchas ventajas, a trav\u00e9s de las redes y plataformas digitales, todos pueden acceder de una manera f\u00e1cil y c\u00f3moda\u201d, dijo.<\/span><\/p>\n<p style=\"text-align: justify;\"><span style=\"font-weight: 400;\">Los eventos est\u00e1n programados para el municipio de Altamira, el d\u00eda jueves 18 de febrero, Nuevo Laredo el 25 de febrero, Matamoros el 4 de marzo, Reynosa el 11 de marzo, Ciudad Madero el 18 de marzo, Ciudad Victoria el 24 de marzo, El Mante el 26 de marzo y Tampico el 31 de marzo.<\/span><\/p>\n<p style=\"text-align: justify;\"><span style=\"font-weight: 400;\">El funcionario se\u00f1al\u00f3, que las Ferias de Empleo resultan factibles, debido a que la pandemia ha dejado en todo el pa\u00eds, una serie de efectos adversos tanto en el sector econ\u00f3mico, empresarial y laboral.<\/span><\/p>\n<p style=\"text-align: justify;\"><span style=\"font-weight: 400;\">\u201cEn el 2020, Tamaulipas perdi\u00f3 m\u00e1s de 22 mil empleos, sin embargo fue una de las entidades que mejor recuperaci\u00f3n tuvo durante el \u00faltimo trimestre. En el 2021, el escenario representa un reto para todos, la entidad tiene vocaci\u00f3n y mano de obra calificada, y esto ayudar\u00e1 a que logremos resultados\u201d.\u00a0\u00a0<\/span><\/p>\n<p style=\"text-align: justify;\"><span style=\"font-weight: 400;\">Villarreal Ongay, solicit\u00f3 a los buscadores de empleo participar y estar al pendiente de las fechas de los eventos, a fin de que puedan ser vinculados y lograr el empleo que buscan.\u00a0<\/span><\/p>\n<p style=\"text-align: center;\"><span style=\"font-weight: 400;\">###<\/span><\/p>\n<div class='owl-gallery'><div class='item'><a href='https:\/\/www.tamaulipas.gob.mx\/trabajo\/wp-content\/uploads\/sites\/11\/2021\/02\/1ra_feria_01.jpeg' rel='galeria'><img src='https:\/\/www.tamaulipas.gob.mx\/trabajo\/wp-content\/uploads\/sites\/11\/2021\/02\/1ra_feria_01-850x500.jpeg' srcset='' sizes='auto' alt=''><\/a><figcaption><\/figcaption><\/div><div class='item'><a href='https:\/\/www.tamaulipas.gob.mx\/trabajo\/wp-content\/uploads\/sites\/11\/2021\/02\/1ra_feria_02.jpeg' rel='galeria'><img src='https:\/\/www.tamaulipas.gob.mx\/trabajo\/wp-content\/uploads\/sites\/11\/2021\/02\/1ra_feria_02-850x500.jpeg' srcset='' sizes='auto' alt=''><\/a><figcaption><\/figcaption><\/div><div class='item'><a href='https:\/\/www.tamaulipas.gob.mx\/trabajo\/wp-content\/uploads\/sites\/11\/2021\/02\/1ra_feria_03.jpeg' rel='galeria'><img src='https:\/\/www.tamaulipas.gob.mx\/trabajo\/wp-content\/uploads\/sites\/11\/2021\/02\/1ra_feria_03-850x500.jpeg' srcset='' sizes='auto' alt=''><\/a><figcaption><\/figcaption><\/div><div class='item'><a href='https:\/\/www.tamaulipas.gob.mx\/trabajo\/wp-content\/uploads\/sites\/11\/2021\/02\/1ra_feria_04.jpeg' rel='galeria'><img src='https:\/\/www.tamaulipas.gob.mx\/trabajo\/wp-content\/uploads\/sites\/11\/2021\/02\/1ra_feria_04-850x500.jpeg' srcset='' sizes='auto' alt=''><\/a><figcaption><\/figcaption><\/div><div class='item'><a href='https:\/\/www.tamaulipas.gob.mx\/trabajo\/wp-content\/uploads\/sites\/11\/2021\/02\/1ra_feria_05.jpeg' rel='galeria'><img src='https:\/\/www.tamaulipas.gob.mx\/trabajo\/wp-content\/uploads\/sites\/11\/2021\/02\/1ra_feria_05-850x500.jpeg' srcset='' sizes='auto' alt=''><\/a><figcaption><\/figcaption><\/div><div class='item'><a href='https:\/\/www.tamaulipas.gob.mx\/trabajo\/wp-content\/uploads\/sites\/11\/2021\/02\/1ra_feria_06.jpeg' rel='galeria'><img src='https:\/\/www.tamaulipas.gob.mx\/trabajo\/wp-content\/uploads\/sites\/11\/2021\/02\/1ra_feria_06-850x500.jpeg' srcset='' sizes='auto' alt=''><\/a><figcaption><\/figcaption><\/div><\/div>\n","protected":false},"excerpt":{"rendered":"<p>Derivado a la emergencia sanitaria por Covid-19, las Ferias de Empleo se desarrollar\u00e1n de manera virtual, para prevenir y evitar los contagios. ST-005-2021 \u00a0Febrero 09\u2026<\/p>\n","protected":false},"author":63,"featured_media":1871,"comment_status":"closed","ping_status":"closed","sticky":false,"template":"","format":"standard","meta":{"footnotes":""},"categories":[1],"tags":[],"class_list":["post-1867","post","type-post","status-publish","format-standard","has-post-thumbnail","hentry","category-prensa"],"publishpress_future_action":{"enabled":false,"date":"2026-05-08 14:25:06","action":"change-status","newStatus":"draft","terms":[],"taxonomy":"category"},"_links":{"self":[{"href":"https:\/\/www.tamaulipas.gob.mx\/trabajo\/wp-json\/wp\/v2\/posts\/1867"}],"collection":[{"href":"https:\/\/www.tamaulipas.gob.mx\/trabajo\/wp-json\/wp\/v2\/posts"}],"about":[{"href":"https:\/\/www.tamaulipas.gob.mx\/trabajo\/wp-json\/wp\/v2\/types\/post"}],"author":[{"embeddable":true,"href":"https:\/\/www.tamaulipas.gob.mx\/trabajo\/wp-json\/wp\/v2\/users\/63"}],"replies":[{"embeddable":true,"href":"https:\/\/www.tamaulipas.gob.mx\/trabajo\/wp-json\/wp\/v2\/comments?post=1867"}],"version-history":[{"count":1,"href":"https:\/\/www.tamaulipas.gob.mx\/trabajo\/wp-json\/wp\/v2\/posts\/1867\/revisions"}],"predecessor-version":[{"id":1874,"href":"https:\/\/www.tamaulipas.gob.mx\/trabajo\/wp-json\/wp\/v2\/posts\/1867\/revisions\/1874"}],"wp:featuredmedia":[{"embeddable":true,"href":"https:\/\/www.tamaulipas.gob.mx\/trabajo\/wp-json\/wp\/v2\/media\/1871"}],"wp:attachment":[{"href":"https:\/\/www.tamaulipas.gob.mx\/trabajo\/wp-json\/wp\/v2\/media?parent=1867"}],"wp:term":[{"taxonomy":"category","embeddable":true,"href":"https:\/\/www.tamaulipas.gob.mx\/trabajo\/wp-json\/wp\/v2\/categories?post=1867"},{"taxonomy":"post_tag","embeddable":true,"href":"https:\/\/www.tamaulipas.gob.mx\/trabajo\/wp-json\/wp\/v2\/tags?post=1867"}],"curies":[{"name":"wp","href":"https:\/\/api.w.org\/{rel}","templated":true}]}}