{"id":1849,"date":"2021-01-15T22:00:03","date_gmt":"2021-01-16T04:00:03","guid":{"rendered":"https:\/\/www.tamaulipas.gob.mx\/trabajo\/?p=1849"},"modified":"2021-01-22T15:40:13","modified_gmt":"2021-01-22T21:40:13","slug":"ofreceran-en-tamaulipas-mas-de-250-talleres-para-buscadores-de-empleo","status":"publish","type":"post","link":"https:\/\/www.tamaulipas.gob.mx\/trabajo\/2021\/01\/ofreceran-en-tamaulipas-mas-de-250-talleres-para-buscadores-de-empleo\/","title":{"rendered":"Ofrecer\u00e1n en Tamaulipas m\u00e1s de 250 Talleres para Buscadores de Empleo"},"content":{"rendered":"<p><em><strong>El Gobernador, Francisco Garc\u00eda Cabeza de Vaca, busca hacer frente a los efectos negativos que ha dejado la emergencia sanitaria por Covid-19, ayudando a quienes tienen la necesidad de encontrar una fuente de empleo.<\/strong><\/em><\/p>\n<p style=\"text-align: right;\">ST-002-2021<\/p>\n<p>Enero 15 del 2021<\/p>\n<p style=\"text-align: justify;\">Ciudad Victoria, Tamaulipas.- M\u00e1s de 250 Talleres para Buscadores de Empleo Virtuales, se prev\u00e9 sean impartidos por el Gobierno de Tamaulipas durante el presente a\u00f1o, a quienes est\u00e1n en la b\u00fasqueda de una oferta de trabajo.<\/p>\n<p style=\"text-align: justify;\">Mediante estas acciones, se pretende otorgar a las personas, las herramientas para lograr el \u00e9xito laboral, es decir, brindar consejos y apoyos necesarios para mejorar sus habilidades, fortalezas y competencias, dijo el Secretario del Trabajo, Miguel \u00c1ngel Villarreal Ongay.<\/p>\n<p style=\"text-align: justify;\">\u201cArrancamos desde el pasado 11 de enero con este ejercicio, el Gobernador, Francisco Garc\u00eda Cabeza de Vaca, busca hacer frente a los efectos negativos que ha dejado la emergencia sanitaria por Covid-19, ayudando a quienes tienen la necesidad de encontrar una fuente de empleo\u00bb, dijo.<\/p>\n<p style=\"text-align: justify;\">El Servicio Nacional de Empleo Tamaulipas, cuenta con personal capacitado, quienes a trav\u00e9s de la plataforma Zoom y las redes sociales oficiales, cumpliendo con los protocolos sanitarios derivado a la pandemia, han elaborado un plan de trabajo para llevar a los municipios de la entidad, asistencia en cuanto a c\u00f3mo elaborar un Curr\u00edculo Vitae, hasta c\u00f3mo prepararse para una entrevista de trabajo o decidir por la mejor opci\u00f3n y conservar el empleo.<\/p>\n<p style=\"text-align: justify;\">\u201cLos TBE, se desarrollar\u00e1n todos los lunes en punto de las 11:00 am, y se abordar\u00e1n diferentes temas relacionados con el mundo laboral, bolsa de trabajo y los respectivos consejos para el \u00e9xito, es importante el registro en l\u00ednea para obtener el acceso a la sesi\u00f3n\u201d.<\/p>\n<p style=\"text-align: justify;\">Durante el 2020, la dependencia laboral, ofreci\u00f3 217 Talleres para Buscadores de Empleo, presenciales y virtuales, en los que se lograron atender a 2 mil 077 personas, de los cuales 1, 267 fueron hombres y 810 mujeres.<\/p>\n<p style=\"text-align: justify;\">Villarreal Ongay, expuso que lo indispensable en el desarrollo profesional y personal es no dejar de aprender o actualizar los conocimientos, y los TBE son de gran ayuda para facilitar la b\u00fasqueda de empleo acorde al perfil y expectativas.<\/p>\n<p style=\"text-align: center;\">###<\/p>\n<div class='owl-gallery'><div class='item'><a href='https:\/\/www.tamaulipas.gob.mx\/trabajo\/wp-content\/uploads\/sites\/11\/2021\/01\/boletin_tbe_01.jpeg' rel='galeria'><img src='https:\/\/www.tamaulipas.gob.mx\/trabajo\/wp-content\/uploads\/sites\/11\/2021\/01\/boletin_tbe_01-850x500.jpeg' srcset='' sizes='auto' alt=''><\/a><figcaption><\/figcaption><\/div><div class='item'><a href='https:\/\/www.tamaulipas.gob.mx\/trabajo\/wp-content\/uploads\/sites\/11\/2021\/01\/boletin_tbe_02.jpeg' rel='galeria'><img src='https:\/\/www.tamaulipas.gob.mx\/trabajo\/wp-content\/uploads\/sites\/11\/2021\/01\/boletin_tbe_02-850x500.jpeg' srcset='' sizes='auto' alt=''><\/a><figcaption><\/figcaption><\/div><div class='item'><a href='https:\/\/www.tamaulipas.gob.mx\/trabajo\/wp-content\/uploads\/sites\/11\/2021\/01\/boletin_tbe_03.jpeg' rel='galeria'><img src='https:\/\/www.tamaulipas.gob.mx\/trabajo\/wp-content\/uploads\/sites\/11\/2021\/01\/boletin_tbe_03-850x500.jpeg' srcset='' sizes='auto' alt=''><\/a><figcaption><\/figcaption><\/div><div class='item'><a href='https:\/\/www.tamaulipas.gob.mx\/trabajo\/wp-content\/uploads\/sites\/11\/2021\/01\/boletin_tbe_04.jpeg' rel='galeria'><img src='https:\/\/www.tamaulipas.gob.mx\/trabajo\/wp-content\/uploads\/sites\/11\/2021\/01\/boletin_tbe_04-850x500.jpeg' srcset='' sizes='auto' alt=''><\/a><figcaption><\/figcaption><\/div><div class='item'><a href='https:\/\/www.tamaulipas.gob.mx\/trabajo\/wp-content\/uploads\/sites\/11\/2021\/01\/boletin_tbe_05.jpeg' rel='galeria'><img src='https:\/\/www.tamaulipas.gob.mx\/trabajo\/wp-content\/uploads\/sites\/11\/2021\/01\/boletin_tbe_05-850x500.jpeg' srcset='' sizes='auto' alt=''><\/a><figcaption><\/figcaption><\/div><\/div>\n","protected":false},"excerpt":{"rendered":"<p>El Gobernador, Francisco Garc\u00eda Cabeza de Vaca, busca hacer frente a los efectos negativos que ha dejado la emergencia sanitaria por Covid-19, ayudando a quienes\u2026<\/p>\n","protected":false},"author":63,"featured_media":1852,"comment_status":"closed","ping_status":"closed","sticky":false,"template":"","format":"standard","meta":{"footnotes":""},"categories":[1],"tags":[],"class_list":["post-1849","post","type-post","status-publish","format-standard","has-post-thumbnail","hentry","category-prensa"],"publishpress_future_action":{"enabled":false,"date":"2026-05-08 14:25:12","action":"change-status","newStatus":"draft","terms":[],"taxonomy":"category"},"_links":{"self":[{"href":"https:\/\/www.tamaulipas.gob.mx\/trabajo\/wp-json\/wp\/v2\/posts\/1849"}],"collection":[{"href":"https:\/\/www.tamaulipas.gob.mx\/trabajo\/wp-json\/wp\/v2\/posts"}],"about":[{"href":"https:\/\/www.tamaulipas.gob.mx\/trabajo\/wp-json\/wp\/v2\/types\/post"}],"author":[{"embeddable":true,"href":"https:\/\/www.tamaulipas.gob.mx\/trabajo\/wp-json\/wp\/v2\/users\/63"}],"replies":[{"embeddable":true,"href":"https:\/\/www.tamaulipas.gob.mx\/trabajo\/wp-json\/wp\/v2\/comments?post=1849"}],"version-history":[{"count":1,"href":"https:\/\/www.tamaulipas.gob.mx\/trabajo\/wp-json\/wp\/v2\/posts\/1849\/revisions"}],"predecessor-version":[{"id":1855,"href":"https:\/\/www.tamaulipas.gob.mx\/trabajo\/wp-json\/wp\/v2\/posts\/1849\/revisions\/1855"}],"wp:featuredmedia":[{"embeddable":true,"href":"https:\/\/www.tamaulipas.gob.mx\/trabajo\/wp-json\/wp\/v2\/media\/1852"}],"wp:attachment":[{"href":"https:\/\/www.tamaulipas.gob.mx\/trabajo\/wp-json\/wp\/v2\/media?parent=1849"}],"wp:term":[{"taxonomy":"category","embeddable":true,"href":"https:\/\/www.tamaulipas.gob.mx\/trabajo\/wp-json\/wp\/v2\/categories?post=1849"},{"taxonomy":"post_tag","embeddable":true,"href":"https:\/\/www.tamaulipas.gob.mx\/trabajo\/wp-json\/wp\/v2\/tags?post=1849"}],"curies":[{"name":"wp","href":"https:\/\/api.w.org\/{rel}","templated":true}]}}