{"id":1843,"date":"2020-12-02T22:00:24","date_gmt":"2020-12-03T04:00:24","guid":{"rendered":"https:\/\/www.tamaulipas.gob.mx\/trabajo\/?p=1843"},"modified":"2021-01-22T15:35:49","modified_gmt":"2021-01-22T21:35:49","slug":"tamaulipas-privilegia-la-inclusion-laboral-y-el-respeto-a-la-igualdad-de-oportunidades","status":"publish","type":"post","link":"https:\/\/www.tamaulipas.gob.mx\/trabajo\/2020\/12\/tamaulipas-privilegia-la-inclusion-laboral-y-el-respeto-a-la-igualdad-de-oportunidades\/","title":{"rendered":"Tamaulipas privilegia la inclusi\u00f3n laboral y el respeto a la igualdad de oportunidades"},"content":{"rendered":"<p><em><strong>El Gobernador, Francisco Garc\u00eda Cabeza de Vaca, trabaja por un Tamaulipas incluyente, donde se respete el derecho a recibir un trato digno, igualdad de oportunidades y asesor\u00eda gratuita.<\/strong><\/em><\/p>\n<p style=\"text-align: right;\">ST-076-2020<\/p>\n<p>Diciembre 2 del 2020<\/p>\n<p style=\"text-align: justify;\">Ciudad Victoria, Tamaulipas.- Toda persona con discapacidad, tiene derecho a trabajar en igualdad de condiciones que las dem\u00e1s, dijo el Secretario del Trabajo, Miguel \u00c1ngel Villarreal Ongay, al conmemorarse este 3 de diciembre, el D\u00eda Internacional de las Personas con Discapacidad.<\/p>\n<p style=\"text-align: justify;\">Dio raz\u00f3n que la dependencia a su cargo, a trav\u00e9s del Servicio Nacional de Empleo Tamaulipas, coadyuva con el sector empresarial para incorporar a un puesto de trabajo a quienes enfrentan alguna imposibilidad f\u00edsica o son adultos mayores.<\/p>\n<p style=\"text-align: justify;\">A trav\u00e9s del programa Abriendo Espacios, se vincula y coloca en fuentes de trabajo o actividades productivas a las personas, privilegiando as\u00ed la inclusi\u00f3n laboral, coment\u00f3 el funcionario.<\/p>\n<p style=\"text-align: justify;\">\u201cEl Gobernador, Francisco Garc\u00eda Cabeza de Vaca, trabaja por un Tamaulipas incluyente, en lo que va de la administraci\u00f3n, mediante esta Secretar\u00eda, hemos atendido a m\u00e1s de 3 mil 255 personas buscadoras de empleo con alguna discapacidad, logrando la colocaci\u00f3n de 702 en una vacante\u201d, se\u00f1al\u00f3.<\/p>\n<p style=\"text-align: justify;\">Expuso que un ejemplo de inclusi\u00f3n laboral, es el de Leonel Eliud Ruiz L\u00f3pez, de 19 a\u00f1os, quien desde peque\u00f1o los m\u00e9dicos le diagnosticaron dismetr\u00eda en sus extremidades inferiores, lo que le dificulto encontrar trabajo.<\/p>\n<p style=\"text-align: justify;\">Ruiz L\u00f3pez, despu\u00e9s de visitar varios establecimientos sin \u00e9xito, logr\u00f3 ser aceptado en una maquiladora de Ciudad Victoria, dedicada a la fabricaci\u00f3n de bolsas de polipropileno, donde cuenta con las prestaciones de ley y el apoyo de sus compa\u00f1eros.<\/p>\n<p style=\"text-align: justify;\">\u201cGracias a Dios deje solicitud y me llamaron, antes trabajaba en un carret\u00f3n de tacos, no era un trabajo formal y no hab\u00eda d\u00edas de descanso, ahora me siento bien donde estoy, verificando la calidad del material\u201d.<\/p>\n<p style=\"text-align: justify;\">Villarreal Ongay, asegur\u00f3 que el mandatario cumple con las Leyes Federales del Trabajo y en materia de discapacidad, as\u00ed como con la Constituci\u00f3n Pol\u00edtica Mexicana, que se\u00f1alan que a ninguna persona se le puede impedir el trabajo, y el derecho a recibir un trato digno, igualdad de oportunidades y asesor\u00eda gratuita.<\/p>\n<p style=\"text-align: center;\">###<\/p>\n<p>&nbsp;<\/p>\n<div class='owl-gallery'><div class='item'><a href='https:\/\/www.tamaulipas.gob.mx\/trabajo\/wp-content\/uploads\/sites\/11\/2021\/01\/boletin_discapacidad01.jpeg' rel='galeria'><img src='https:\/\/www.tamaulipas.gob.mx\/trabajo\/wp-content\/uploads\/sites\/11\/2021\/01\/boletin_discapacidad01-850x500.jpeg' srcset='' sizes='auto' alt=''><\/a><figcaption><\/figcaption><\/div><div class='item'><a href='https:\/\/www.tamaulipas.gob.mx\/trabajo\/wp-content\/uploads\/sites\/11\/2021\/01\/boletin_discapacidad02.jpeg' rel='galeria'><img src='https:\/\/www.tamaulipas.gob.mx\/trabajo\/wp-content\/uploads\/sites\/11\/2021\/01\/boletin_discapacidad02-850x500.jpeg' srcset='' sizes='auto' alt=''><\/a><figcaption><\/figcaption><\/div><div class='item'><a href='https:\/\/www.tamaulipas.gob.mx\/trabajo\/wp-content\/uploads\/sites\/11\/2021\/01\/boletin_discapacidad03.jpeg' rel='galeria'><img src='https:\/\/www.tamaulipas.gob.mx\/trabajo\/wp-content\/uploads\/sites\/11\/2021\/01\/boletin_discapacidad03-850x500.jpeg' srcset='' sizes='auto' alt=''><\/a><figcaption><\/figcaption><\/div><div class='item'><a href='https:\/\/www.tamaulipas.gob.mx\/trabajo\/wp-content\/uploads\/sites\/11\/2021\/01\/boletin_discapacidad04.jpeg' rel='galeria'><img src='https:\/\/www.tamaulipas.gob.mx\/trabajo\/wp-content\/uploads\/sites\/11\/2021\/01\/boletin_discapacidad04-850x500.jpeg' srcset='' sizes='auto' alt=''><\/a><figcaption><\/figcaption><\/div><\/div>\n","protected":false},"excerpt":{"rendered":"<p>El Gobernador, Francisco Garc\u00eda Cabeza de Vaca, trabaja por un Tamaulipas incluyente, donde se respete el derecho a recibir un trato digno, igualdad de oportunidades\u2026<\/p>\n","protected":false},"author":63,"featured_media":1847,"comment_status":"closed","ping_status":"closed","sticky":false,"template":"","format":"standard","meta":{"footnotes":""},"categories":[1],"tags":[],"class_list":["post-1843","post","type-post","status-publish","format-standard","has-post-thumbnail","hentry","category-prensa"],"publishpress_future_action":{"enabled":false,"date":"2026-05-08 14:25:26","action":"change-status","newStatus":"draft","terms":[],"taxonomy":"category"},"_links":{"self":[{"href":"https:\/\/www.tamaulipas.gob.mx\/trabajo\/wp-json\/wp\/v2\/posts\/1843"}],"collection":[{"href":"https:\/\/www.tamaulipas.gob.mx\/trabajo\/wp-json\/wp\/v2\/posts"}],"about":[{"href":"https:\/\/www.tamaulipas.gob.mx\/trabajo\/wp-json\/wp\/v2\/types\/post"}],"author":[{"embeddable":true,"href":"https:\/\/www.tamaulipas.gob.mx\/trabajo\/wp-json\/wp\/v2\/users\/63"}],"replies":[{"embeddable":true,"href":"https:\/\/www.tamaulipas.gob.mx\/trabajo\/wp-json\/wp\/v2\/comments?post=1843"}],"version-history":[{"count":1,"href":"https:\/\/www.tamaulipas.gob.mx\/trabajo\/wp-json\/wp\/v2\/posts\/1843\/revisions"}],"predecessor-version":[{"id":1848,"href":"https:\/\/www.tamaulipas.gob.mx\/trabajo\/wp-json\/wp\/v2\/posts\/1843\/revisions\/1848"}],"wp:featuredmedia":[{"embeddable":true,"href":"https:\/\/www.tamaulipas.gob.mx\/trabajo\/wp-json\/wp\/v2\/media\/1847"}],"wp:attachment":[{"href":"https:\/\/www.tamaulipas.gob.mx\/trabajo\/wp-json\/wp\/v2\/media?parent=1843"}],"wp:term":[{"taxonomy":"category","embeddable":true,"href":"https:\/\/www.tamaulipas.gob.mx\/trabajo\/wp-json\/wp\/v2\/categories?post=1843"},{"taxonomy":"post_tag","embeddable":true,"href":"https:\/\/www.tamaulipas.gob.mx\/trabajo\/wp-json\/wp\/v2\/tags?post=1843"}],"curies":[{"name":"wp","href":"https:\/\/api.w.org\/{rel}","templated":true}]}}