{"id":1820,"date":"2020-11-27T17:20:56","date_gmt":"2020-11-27T23:20:56","guid":{"rendered":"https:\/\/www.tamaulipas.gob.mx\/trabajo\/?p=1820"},"modified":"2020-11-27T17:30:50","modified_gmt":"2020-11-27T23:30:50","slug":"tamaulipas-gestiona-mas-de-138-millones-596-mil-737-pesos-a-favor-de-trabajadores","status":"publish","type":"post","link":"https:\/\/www.tamaulipas.gob.mx\/trabajo\/2020\/11\/tamaulipas-gestiona-mas-de-138-millones-596-mil-737-pesos-a-favor-de-trabajadores\/","title":{"rendered":"Tamaulipas gestiona m\u00e1s de $138 millones 596 mil 737 pesos a favor de trabajadores"},"content":{"rendered":"<p><em><strong>La procuraci\u00f3n ha evitado que se presenten cargas de trabajo en las Juntas de Conciliaci\u00f3n y Arbitraje, favoreciendo el desahogo o demora de los procesos y soluci\u00f3n de controversias.<\/strong><\/em><\/p>\n<p style=\"text-align: right;\">ST-075-2020<\/p>\n<p>Noviembre 27 del 2020<\/p>\n<p style=\"text-align: justify;\">Ciudad Victoria, Tamaulipas.- Vigilar el cumplimiento de la normatividad laboral mediante la procuraci\u00f3n de justicia en favor de ante quienes han visto vulnerados sus derechos laborales, ha sido prioridad para el Gobernador Francisco Garc\u00eda Cabeza de Vaca.<\/p>\n<p style=\"text-align: justify;\">A trav\u00e9s de la Procuradur\u00eda General de la Defensa del Trabajo, es que se contribuye con esta encomienda, en la que se garantiza al trabajador protecci\u00f3n jur\u00eddica laboral, desde su inicio hasta su conclusi\u00f3n mediante un ambiente de seguridad y certeza, dijo Miguel \u00c1ngel Villarreal Ongay, Secretario del Trabajo.<\/p>\n<p style=\"text-align: justify;\">\u201cLa dependencia ha ejercido una importante labor en cuanto a la impartici\u00f3n de justicia, toda vez que ha rebasado las metas propuestas en sus actividades como asesor\u00edas, orientaci\u00f3n, juicios laborales y de amparo interpuestos para la defensa del trabajador\u201d, explic\u00f3.<\/p>\n<p style=\"text-align: justify;\">Desde el inicio de la administraci\u00f3n, se han brindado m\u00e1s de 20 mil 859 asesor\u00edas, se han entablado m\u00e1s de 2 mil 024 demandas y se han realizado m\u00e1s de 6 mil 035 convenios, gestionando para los trabajadores m\u00e1s de $138, 596, 737 pesos.<\/p>\n<p style=\"text-align: justify;\">El funcionario explic\u00f3 que se ha cumplido con los prop\u00f3sitos constitucionales, de justicia laboral pronta, expedita, completa e imparcial, garantizando a las partes, mediante un recurso amistoso, la soluci\u00f3n a sus conflictos.<\/p>\n<p style=\"text-align: justify;\">Expuso que en gran medida, la procuraci\u00f3n ha evitado que se presenten cargas de trabajo en las Juntas de Conciliaci\u00f3n y Arbitraje, favorecido con ello, el desahogo o demora de los procesos y soluci\u00f3n de controversias.<\/p>\n<p style=\"text-align: justify;\">Invit\u00f3 a quienes han enfrentado alg\u00fan conflicto laboral por despido injustificado, a acercarse a la Procuradur\u00eda General de la Defensa del Trabajo, ubicadas en los principales municipios, a fin de que puedan ser representados y que los trabajadores sean v\u00edctimas de procesos in\u00fatiles y costosos.<\/p>\n<p>&nbsp;<\/p>\n<p style=\"text-align: center;\">###<\/p>\n<div class='owl-gallery'><div class='item'><a href='https:\/\/www.tamaulipas.gob.mx\/trabajo\/wp-content\/uploads\/sites\/11\/2020\/11\/boletin_proc_nov_01.jpeg' rel='galeria'><img src='https:\/\/www.tamaulipas.gob.mx\/trabajo\/wp-content\/uploads\/sites\/11\/2020\/11\/boletin_proc_nov_01-850x500.jpeg' srcset='' sizes='auto' alt=''><\/a><figcaption><\/figcaption><\/div><div class='item'><a href='https:\/\/www.tamaulipas.gob.mx\/trabajo\/wp-content\/uploads\/sites\/11\/2020\/11\/boletin_proc_nov_02.jpeg' rel='galeria'><img src='https:\/\/www.tamaulipas.gob.mx\/trabajo\/wp-content\/uploads\/sites\/11\/2020\/11\/boletin_proc_nov_02-850x500.jpeg' srcset='' sizes='auto' alt=''><\/a><figcaption><\/figcaption><\/div><div class='item'><a href='https:\/\/www.tamaulipas.gob.mx\/trabajo\/wp-content\/uploads\/sites\/11\/2020\/11\/boletin_proc_nov_03.jpeg' rel='galeria'><img src='https:\/\/www.tamaulipas.gob.mx\/trabajo\/wp-content\/uploads\/sites\/11\/2020\/11\/boletin_proc_nov_03-850x500.jpeg' srcset='' sizes='auto' alt=''><\/a><figcaption><\/figcaption><\/div><div class='item'><a href='https:\/\/www.tamaulipas.gob.mx\/trabajo\/wp-content\/uploads\/sites\/11\/2020\/11\/boletin_proc_nov_04.jpeg' rel='galeria'><img src='https:\/\/www.tamaulipas.gob.mx\/trabajo\/wp-content\/uploads\/sites\/11\/2020\/11\/boletin_proc_nov_04-850x500.jpeg' srcset='' sizes='auto' alt=''><\/a><figcaption><\/figcaption><\/div><div class='item'><a href='https:\/\/www.tamaulipas.gob.mx\/trabajo\/wp-content\/uploads\/sites\/11\/2020\/11\/boletin_proc_nov_05.jpeg' rel='galeria'><img src='https:\/\/www.tamaulipas.gob.mx\/trabajo\/wp-content\/uploads\/sites\/11\/2020\/11\/boletin_proc_nov_05-850x500.jpeg' srcset='' sizes='auto' alt=''><\/a><figcaption><\/figcaption><\/div><div class='item'><a href='https:\/\/www.tamaulipas.gob.mx\/trabajo\/wp-content\/uploads\/sites\/11\/2020\/11\/boletin_proc_nov_06.jpeg' rel='galeria'><img src='https:\/\/www.tamaulipas.gob.mx\/trabajo\/wp-content\/uploads\/sites\/11\/2020\/11\/boletin_proc_nov_06-850x500.jpeg' srcset='' sizes='auto' alt=''><\/a><figcaption><\/figcaption><\/div><\/div>\n","protected":false},"excerpt":{"rendered":"<p>La procuraci\u00f3n ha evitado que se presenten cargas de trabajo en las Juntas de Conciliaci\u00f3n y Arbitraje, favoreciendo el desahogo o demora de los procesos\u2026<\/p>\n","protected":false},"author":63,"featured_media":1825,"comment_status":"closed","ping_status":"closed","sticky":false,"template":"","format":"standard","meta":{"footnotes":""},"categories":[1],"tags":[],"class_list":["post-1820","post","type-post","status-publish","format-standard","has-post-thumbnail","hentry","category-prensa"],"publishpress_future_action":{"enabled":false,"date":"2026-05-08 14:13:15","action":"change-status","newStatus":"draft","terms":[],"taxonomy":"category"},"_links":{"self":[{"href":"https:\/\/www.tamaulipas.gob.mx\/trabajo\/wp-json\/wp\/v2\/posts\/1820"}],"collection":[{"href":"https:\/\/www.tamaulipas.gob.mx\/trabajo\/wp-json\/wp\/v2\/posts"}],"about":[{"href":"https:\/\/www.tamaulipas.gob.mx\/trabajo\/wp-json\/wp\/v2\/types\/post"}],"author":[{"embeddable":true,"href":"https:\/\/www.tamaulipas.gob.mx\/trabajo\/wp-json\/wp\/v2\/users\/63"}],"replies":[{"embeddable":true,"href":"https:\/\/www.tamaulipas.gob.mx\/trabajo\/wp-json\/wp\/v2\/comments?post=1820"}],"version-history":[{"count":1,"href":"https:\/\/www.tamaulipas.gob.mx\/trabajo\/wp-json\/wp\/v2\/posts\/1820\/revisions"}],"predecessor-version":[{"id":1827,"href":"https:\/\/www.tamaulipas.gob.mx\/trabajo\/wp-json\/wp\/v2\/posts\/1820\/revisions\/1827"}],"wp:featuredmedia":[{"embeddable":true,"href":"https:\/\/www.tamaulipas.gob.mx\/trabajo\/wp-json\/wp\/v2\/media\/1825"}],"wp:attachment":[{"href":"https:\/\/www.tamaulipas.gob.mx\/trabajo\/wp-json\/wp\/v2\/media?parent=1820"}],"wp:term":[{"taxonomy":"category","embeddable":true,"href":"https:\/\/www.tamaulipas.gob.mx\/trabajo\/wp-json\/wp\/v2\/categories?post=1820"},{"taxonomy":"post_tag","embeddable":true,"href":"https:\/\/www.tamaulipas.gob.mx\/trabajo\/wp-json\/wp\/v2\/tags?post=1820"}],"curies":[{"name":"wp","href":"https:\/\/api.w.org\/{rel}","templated":true}]}}