{"id":1800,"date":"2020-11-20T22:00:18","date_gmt":"2020-11-21T04:00:18","guid":{"rendered":"https:\/\/www.tamaulipas.gob.mx\/trabajo\/?p=1800"},"modified":"2020-11-23T09:23:43","modified_gmt":"2020-11-23T15:23:43","slug":"entrega-gobierno-de-tamaulipas-ultimas-actas-de-bienes-a-beneficiarios-de-fomento-al-autoempleo","status":"publish","type":"post","link":"https:\/\/www.tamaulipas.gob.mx\/trabajo\/2020\/11\/entrega-gobierno-de-tamaulipas-ultimas-actas-de-bienes-a-beneficiarios-de-fomento-al-autoempleo\/","title":{"rendered":"Entrega Gobierno de Tamaulipas \u00faltimas actas de bienes a beneficiarios de Fomento al Autoempleo"},"content":{"rendered":"<p><em><strong>Son parte de los recursos destinados a las iniciativas por cuenta propia, luego de que el Gobierno Federal opt\u00f3 por desaparecer el Subprograma Fomento al Autoempleo.<\/strong><\/em><\/p>\n<p>&nbsp;<\/p>\n<p style=\"text-align: right;\">ST-073-2020<\/p>\n<p>Noviembre 20 del 2020<\/p>\n<p style=\"text-align: justify;\">Ciudad Victoria, Tamaulipas.- El Gobierno de Tamaulipas, entreg\u00f3 Actas de Bienes en Propiedad, a 10 beneficiarios del Subprograma Fomento al Autoempleo, quienes recibieron mobiliario, maquinaria o herramienta, para el equipamiento de sus Iniciativas de Ocupaci\u00f3n por Cuenta Propia.<\/p>\n<p style=\"text-align: justify;\">Dichos recursos se destinaron a trav\u00e9s de la Secretar\u00eda del Trabajo, en coordinaci\u00f3n con el Servicio Nacional de Empleo Tamaulipas, para establecimientos dedicados a la preparaci\u00f3n de alimentos, fabricaci\u00f3n de muebles, rehabilitaci\u00f3n f\u00edsica, reparaci\u00f3n y mantenimiento de climas y refrigeraci\u00f3n.<\/p>\n<p style=\"text-align: justify;\">Miguel \u00c1ngel Villarreal Ongay, titular de la dependencia laboral, coment\u00f3 que durante el ejercicio 2019, se aprobaron 66 proyectos en diversos municipios del estado, en los que propietarios recibieron bienes en custodia por m\u00e1s de $1, 534,514 pesos, con el fin de incentivar y consolidar la generaci\u00f3n de empleo.<\/p>\n<p style=\"text-align: justify;\">\u201cDesde el inicio de la administraci\u00f3n, el Gobernador, Francisco Garc\u00eda Cabeza de Vaca, destin\u00f3 en montos federales y estatales, m\u00e1s de $4, 143,270 pesos, para la adquisici\u00f3n de herramienta de trabajo para 176 proyectos, a fin de fortalecer habilidades y experiencias de 207 personas\u201d, refiri\u00f3 el funcionario.<\/p>\n<p style=\"text-align: justify;\">Durante 12 meses los equipos fueron puestos en operaci\u00f3n, y personal del SNETam llev\u00f3 a cabo su supervisi\u00f3n para el buen uso y funcionamiento.<\/p>\n<p style=\"text-align: justify;\">Ignacio Requena Guillen, quien cuenta con el expendio de carnitas y chorizo, dijo haber recibido un apoyo de poco m\u00e1s de $23, 399 pesos, con los que cubri\u00f3 las necesidades que ten\u00eda de aparatos, le entregaron un refrigerador, una b\u00e1scula y una mesa para trabajo.<\/p>\n<p style=\"text-align: justify;\">\u201cGracias a Dios y al gobernador que me dieron ese apoyo, estoy muy agradecido, durante estos meses a pesar de los problemas sanitarios, estoy trabajando, el equipo me ha ayudado bastante\u201d, explic\u00f3.<\/p>\n<p style=\"text-align: justify;\">Roci\u00f3 Yamileth Montiel Medrano, quien actualmente estudia una carrera universitaria, apost\u00f3 por un negocio de comida r\u00e1pida: alitas, boneless y hamburguesas, se acerc\u00f3 al SNETam y luego de integrar su documentaci\u00f3n, le entregaron una parrilla, una licuadora y un congelador, el cual tuvo un costo de m\u00e1s de $24, 980.00 pesos.<\/p>\n<p style=\"text-align: justify;\">Junto con ellos, tambi\u00e9n recibieron sus Actas: Idalia Mart\u00ednez Z\u00fa\u00f1iga, dedicada a la reposter\u00eda; Juan H\u00e9ctor Vega y Alberto C\u00e1rdenas Garc\u00eda, dedicados a la refrigeraci\u00f3n y climatizaci\u00f3n; Francisco Ram\u00edrez Vargas, quien cuenta con una cenadur\u00eda; Carlos Eliud Garza \u00c1lvarez y Marisa Guadalupe Salazar, quienes operan una unidad de fisioterapia; Pablo Z\u00fa\u00f1iga Arias, propietario de una carpinter\u00eda y Jessica Lizbeth Rosales y Ernesto Almaguer Sustaita, quienes preparan hot-dog.<\/p>\n<p style=\"text-align: justify;\">Villarreal Ongay, coment\u00f3 que las actas entregadas, son parte de los recursos destinados a las iniciativas por cuenta propia, luego de que la federaci\u00f3n optar\u00e1 por desaparecer el Subprograma Fomento al Autoempleo.<\/p>\n<p>&nbsp;<\/p>\n<p style=\"text-align: center;\">###<\/p>\n<div class='owl-gallery'><div class='item'><a href='https:\/\/www.tamaulipas.gob.mx\/trabajo\/wp-content\/uploads\/sites\/11\/2020\/11\/boletin_entrega_actas_01.jpeg' rel='galeria'><img src='https:\/\/www.tamaulipas.gob.mx\/trabajo\/wp-content\/uploads\/sites\/11\/2020\/11\/boletin_entrega_actas_01-850x500.jpeg' srcset='' sizes='auto' alt=''><\/a><figcaption><\/figcaption><\/div><div class='item'><a href='https:\/\/www.tamaulipas.gob.mx\/trabajo\/wp-content\/uploads\/sites\/11\/2020\/11\/boletin_entrega_actas_02.jpeg' rel='galeria'><img src='https:\/\/www.tamaulipas.gob.mx\/trabajo\/wp-content\/uploads\/sites\/11\/2020\/11\/boletin_entrega_actas_02-850x500.jpeg' srcset='' sizes='auto' alt=''><\/a><figcaption><\/figcaption><\/div><div class='item'><a href='https:\/\/www.tamaulipas.gob.mx\/trabajo\/wp-content\/uploads\/sites\/11\/2020\/11\/boletin_entrega_actas_03.jpeg' rel='galeria'><img src='https:\/\/www.tamaulipas.gob.mx\/trabajo\/wp-content\/uploads\/sites\/11\/2020\/11\/boletin_entrega_actas_03-850x500.jpeg' srcset='' sizes='auto' alt=''><\/a><figcaption><\/figcaption><\/div><div class='item'><a href='https:\/\/www.tamaulipas.gob.mx\/trabajo\/wp-content\/uploads\/sites\/11\/2020\/11\/boletin_entrega_actas_04.jpeg' rel='galeria'><img src='https:\/\/www.tamaulipas.gob.mx\/trabajo\/wp-content\/uploads\/sites\/11\/2020\/11\/boletin_entrega_actas_04-850x500.jpeg' srcset='' sizes='auto' alt=''><\/a><figcaption><\/figcaption><\/div><div class='item'><a href='https:\/\/www.tamaulipas.gob.mx\/trabajo\/wp-content\/uploads\/sites\/11\/2020\/11\/boletin_entrega_actas_05.jpeg' rel='galeria'><img src='https:\/\/www.tamaulipas.gob.mx\/trabajo\/wp-content\/uploads\/sites\/11\/2020\/11\/boletin_entrega_actas_05-850x500.jpeg' srcset='' sizes='auto' alt=''><\/a><figcaption><\/figcaption><\/div><div class='item'><a href='https:\/\/www.tamaulipas.gob.mx\/trabajo\/wp-content\/uploads\/sites\/11\/2020\/11\/boletin_entrega_actas_06.jpeg' rel='galeria'><img src='https:\/\/www.tamaulipas.gob.mx\/trabajo\/wp-content\/uploads\/sites\/11\/2020\/11\/boletin_entrega_actas_06-850x500.jpeg' srcset='' sizes='auto' alt=''><\/a><figcaption><\/figcaption><\/div><div class='item'><a href='https:\/\/www.tamaulipas.gob.mx\/trabajo\/wp-content\/uploads\/sites\/11\/2020\/11\/boletin_entrega_actas_07.jpeg' rel='galeria'><img src='https:\/\/www.tamaulipas.gob.mx\/trabajo\/wp-content\/uploads\/sites\/11\/2020\/11\/boletin_entrega_actas_07-850x500.jpeg' srcset='' sizes='auto' alt=''><\/a><figcaption><\/figcaption><\/div><div class='item'><a href='https:\/\/www.tamaulipas.gob.mx\/trabajo\/wp-content\/uploads\/sites\/11\/2020\/11\/boletin_entrega_actas_08.jpeg' rel='galeria'><img src='https:\/\/www.tamaulipas.gob.mx\/trabajo\/wp-content\/uploads\/sites\/11\/2020\/11\/boletin_entrega_actas_08-850x500.jpeg' srcset='' sizes='auto' alt=''><\/a><figcaption><\/figcaption><\/div><div class='item'><a href='https:\/\/www.tamaulipas.gob.mx\/trabajo\/wp-content\/uploads\/sites\/11\/2020\/11\/boletin_entrega_actas_09.jpeg' rel='galeria'><img src='https:\/\/www.tamaulipas.gob.mx\/trabajo\/wp-content\/uploads\/sites\/11\/2020\/11\/boletin_entrega_actas_09-850x500.jpeg' srcset='' sizes='auto' alt=''><\/a><figcaption><\/figcaption><\/div><div class='item'><a href='https:\/\/www.tamaulipas.gob.mx\/trabajo\/wp-content\/uploads\/sites\/11\/2020\/11\/boletin_entrega_actas_10.jpeg' rel='galeria'><img src='https:\/\/www.tamaulipas.gob.mx\/trabajo\/wp-content\/uploads\/sites\/11\/2020\/11\/boletin_entrega_actas_10-850x500.jpeg' srcset='' sizes='auto' alt=''><\/a><figcaption><\/figcaption><\/div><\/div>\n","protected":false},"excerpt":{"rendered":"<p>Son parte de los recursos destinados a las iniciativas por cuenta propia, luego de que el Gobierno Federal opt\u00f3 por desaparecer el Subprograma Fomento al\u2026<\/p>\n","protected":false},"author":63,"featured_media":1806,"comment_status":"closed","ping_status":"closed","sticky":false,"template":"","format":"standard","meta":{"footnotes":""},"categories":[1],"tags":[],"class_list":["post-1800","post","type-post","status-publish","format-standard","has-post-thumbnail","hentry","category-prensa"],"publishpress_future_action":{"enabled":false,"date":"2026-05-08 14:17:00","action":"change-status","newStatus":"draft","terms":[],"taxonomy":"category"},"_links":{"self":[{"href":"https:\/\/www.tamaulipas.gob.mx\/trabajo\/wp-json\/wp\/v2\/posts\/1800"}],"collection":[{"href":"https:\/\/www.tamaulipas.gob.mx\/trabajo\/wp-json\/wp\/v2\/posts"}],"about":[{"href":"https:\/\/www.tamaulipas.gob.mx\/trabajo\/wp-json\/wp\/v2\/types\/post"}],"author":[{"embeddable":true,"href":"https:\/\/www.tamaulipas.gob.mx\/trabajo\/wp-json\/wp\/v2\/users\/63"}],"replies":[{"embeddable":true,"href":"https:\/\/www.tamaulipas.gob.mx\/trabajo\/wp-json\/wp\/v2\/comments?post=1800"}],"version-history":[{"count":1,"href":"https:\/\/www.tamaulipas.gob.mx\/trabajo\/wp-json\/wp\/v2\/posts\/1800\/revisions"}],"predecessor-version":[{"id":1811,"href":"https:\/\/www.tamaulipas.gob.mx\/trabajo\/wp-json\/wp\/v2\/posts\/1800\/revisions\/1811"}],"wp:featuredmedia":[{"embeddable":true,"href":"https:\/\/www.tamaulipas.gob.mx\/trabajo\/wp-json\/wp\/v2\/media\/1806"}],"wp:attachment":[{"href":"https:\/\/www.tamaulipas.gob.mx\/trabajo\/wp-json\/wp\/v2\/media?parent=1800"}],"wp:term":[{"taxonomy":"category","embeddable":true,"href":"https:\/\/www.tamaulipas.gob.mx\/trabajo\/wp-json\/wp\/v2\/categories?post=1800"},{"taxonomy":"post_tag","embeddable":true,"href":"https:\/\/www.tamaulipas.gob.mx\/trabajo\/wp-json\/wp\/v2\/tags?post=1800"}],"curies":[{"name":"wp","href":"https:\/\/api.w.org\/{rel}","templated":true}]}}