{"id":1782,"date":"2020-11-14T22:00:58","date_gmt":"2020-11-15T04:00:58","guid":{"rendered":"https:\/\/www.tamaulipas.gob.mx\/trabajo\/?p=1782"},"modified":"2020-11-17T09:53:00","modified_gmt":"2020-11-17T15:53:00","slug":"suman-esfuerzos-gobierno-y-empresas-de-tamaulipas-para-ofertar-empleo-formal","status":"publish","type":"post","link":"https:\/\/www.tamaulipas.gob.mx\/trabajo\/2020\/11\/suman-esfuerzos-gobierno-y-empresas-de-tamaulipas-para-ofertar-empleo-formal\/","title":{"rendered":"Suman esfuerzos gobierno y empresas de Tamaulipas para ofertar empleo formal"},"content":{"rendered":"<p><em><strong>El Gobernador, Francisco Garc\u00eda Cabeza de Vaca, alienta y promueve las oportunidades de trabajo, y sumando esfuerzos con el sector empresarial, busca reducir las dificultades que enfrenta la poblaci\u00f3n, en particular la poblaci\u00f3n vulnerable, para insertarse al mercado laboral.<\/strong><\/em><\/p>\n<p style=\"text-align: right;\">ST-071-2020<\/p>\n<p>Noviembre 14 del 2020<\/p>\n<p>Ciudad Victoria, Tamaulipas.- Brenda Paola Ibarra C\u00f3rdova, de 25 a\u00f1os de edad, enfrenta discapacidad auditiva y verbal, labora en una empresa dedicada a la elaboraci\u00f3n de bolsas de polipropileno, y para sus superiores, es de las mejores trabajadoras de l\u00ednea, en la operaci\u00f3n de bastilla.<\/p>\n<p>A un a\u00f1o de su ingreso a la maquiladora, argumenta sentirse contenta, pues cuenta con un trabajo formal que le ha ayudado a solventar sus necesidades, adem\u00e1s del apoyo, respeto y confianza de sus compa\u00f1eros.<\/p>\n<p>Brenda Paola, fue una de las 113 personas que participaron del Programa de Apoyo al Empleo, que ofreci\u00f3 el Gobierno de Tamaulipas, mediante los cursos del Subprograma de Capacitaci\u00f3n para la Empleabilidad.<\/p>\n<p>Miguel \u00c1ngel Villarreal Ongay, Secretario del Trabajo, dijo que durante el 2019, el Servicio Nacional de Empleo Tamaulipas, le dio la oportunidad a buscadores de trabajo, con el curso de \u201cCostura Industrial\u201d en la modalidad de capacitaci\u00f3n mixta en empresas medianas y grandes.<\/p>\n<p>\u201cEl Gobernador, Francisco Garc\u00eda Cabeza de Vaca, alienta y promueve las oportunidades de trabajo, y sumando esfuerzos con el sector empresarial, busca reducir las dificultades que enfrenta la poblaci\u00f3n, en particular la poblaci\u00f3n vulnerable, para insertarse al mercado laboral\u201d explic\u00f3.<\/p>\n<p>Entre el 2019 y 2020, la Secretar\u00eda del Trabajo a trav\u00e9s del SNETam, llev\u00f3 a cabo 95 cursos en los que participaron m\u00e1s de mil 560 personas adquiriendo conocimientos, orientaci\u00f3n y fortaleciendo competencias para lograr un empleo formal.<\/p>\n<p>Seis cursos de capacitaci\u00f3n, se realizaron en la empresa Bulk-Pack de M\u00e9xico, instalada en Ciudad Victoria, a petici\u00f3n de los empleadores que requieren de personal, en los que se invirtieron m\u00e1s de 526 mil pesos, logrando la contrataci\u00f3n de 70 personas.<\/p>\n<p>Dayra Mart\u00ednez Alan\u00eds, supervisora en la empresa, explic\u00f3 que Paola Ibarra, trabaj\u00f3 en una tienda de conveniencia, y al enterarse de los cursos y la oportunidad de empleo, acudi\u00f3 junto con cuatro compa\u00f1eras, dio raz\u00f3n que Paola tra\u00eda conocimientos de costura y a pesar de su discapacidad, esto le ayud\u00f3 a quedarse con el trabajo.<\/p>\n<p>En lo que va de la administraci\u00f3n, el gobernador ha proporcionado a trav\u00e9s de las instancias laborales, 245 cursos, beneficiando a 5 mil 138 personas, con el \u00fanico fin de procurar su superaci\u00f3n personal, laboral y familiar.<\/p>\n<p>&nbsp;<\/p>\n<p style=\"text-align: center;\">###<\/p>\n<div class='owl-gallery'><div class='item'><a href='https:\/\/www.tamaulipas.gob.mx\/trabajo\/wp-content\/uploads\/sites\/11\/2020\/11\/boletin-historiaexito_01.jpeg' rel='galeria'><img src='https:\/\/www.tamaulipas.gob.mx\/trabajo\/wp-content\/uploads\/sites\/11\/2020\/11\/boletin-historiaexito_01-850x500.jpeg' srcset='' sizes='auto' alt=''><\/a><figcaption><\/figcaption><\/div><div class='item'><a href='https:\/\/www.tamaulipas.gob.mx\/trabajo\/wp-content\/uploads\/sites\/11\/2020\/11\/boletin-historiaexito_02.jpeg' rel='galeria'><img src='https:\/\/www.tamaulipas.gob.mx\/trabajo\/wp-content\/uploads\/sites\/11\/2020\/11\/boletin-historiaexito_02-850x500.jpeg' srcset='' sizes='auto' alt=''><\/a><figcaption><\/figcaption><\/div><div class='item'><a href='https:\/\/www.tamaulipas.gob.mx\/trabajo\/wp-content\/uploads\/sites\/11\/2020\/11\/boletin-historiaexito_03.jpeg' rel='galeria'><img src='https:\/\/www.tamaulipas.gob.mx\/trabajo\/wp-content\/uploads\/sites\/11\/2020\/11\/boletin-historiaexito_03-850x500.jpeg' srcset='' sizes='auto' alt=''><\/a><figcaption><\/figcaption><\/div><div class='item'><a href='https:\/\/www.tamaulipas.gob.mx\/trabajo\/wp-content\/uploads\/sites\/11\/2020\/11\/boletin-historiaexito_04.jpeg' rel='galeria'><img src='https:\/\/www.tamaulipas.gob.mx\/trabajo\/wp-content\/uploads\/sites\/11\/2020\/11\/boletin-historiaexito_04-850x500.jpeg' srcset='' sizes='auto' alt=''><\/a><figcaption><\/figcaption><\/div><div class='item'><a href='https:\/\/www.tamaulipas.gob.mx\/trabajo\/wp-content\/uploads\/sites\/11\/2020\/11\/boletin-historiaexito_05.jpeg' rel='galeria'><img src='https:\/\/www.tamaulipas.gob.mx\/trabajo\/wp-content\/uploads\/sites\/11\/2020\/11\/boletin-historiaexito_05-850x500.jpeg' srcset='' sizes='auto' alt=''><\/a><figcaption><\/figcaption><\/div><div class='item'><a href='https:\/\/www.tamaulipas.gob.mx\/trabajo\/wp-content\/uploads\/sites\/11\/2020\/11\/boletin-historiaexito_06.jpeg' rel='galeria'><img src='https:\/\/www.tamaulipas.gob.mx\/trabajo\/wp-content\/uploads\/sites\/11\/2020\/11\/boletin-historiaexito_06-850x500.jpeg' srcset='' sizes='auto' alt=''><\/a><figcaption><\/figcaption><\/div><\/div>\n","protected":false},"excerpt":{"rendered":"<p>El Gobernador, Francisco Garc\u00eda Cabeza de Vaca, alienta y promueve las oportunidades de trabajo, y sumando esfuerzos con el sector empresarial, busca reducir las dificultades\u2026<\/p>\n","protected":false},"author":63,"featured_media":1788,"comment_status":"closed","ping_status":"closed","sticky":false,"template":"","format":"standard","meta":{"footnotes":""},"categories":[1],"tags":[],"class_list":["post-1782","post","type-post","status-publish","format-standard","has-post-thumbnail","hentry","category-prensa"],"publishpress_future_action":{"enabled":false,"date":"2026-05-08 14:20:26","action":"change-status","newStatus":"draft","terms":[],"taxonomy":"category"},"_links":{"self":[{"href":"https:\/\/www.tamaulipas.gob.mx\/trabajo\/wp-json\/wp\/v2\/posts\/1782"}],"collection":[{"href":"https:\/\/www.tamaulipas.gob.mx\/trabajo\/wp-json\/wp\/v2\/posts"}],"about":[{"href":"https:\/\/www.tamaulipas.gob.mx\/trabajo\/wp-json\/wp\/v2\/types\/post"}],"author":[{"embeddable":true,"href":"https:\/\/www.tamaulipas.gob.mx\/trabajo\/wp-json\/wp\/v2\/users\/63"}],"replies":[{"embeddable":true,"href":"https:\/\/www.tamaulipas.gob.mx\/trabajo\/wp-json\/wp\/v2\/comments?post=1782"}],"version-history":[{"count":1,"href":"https:\/\/www.tamaulipas.gob.mx\/trabajo\/wp-json\/wp\/v2\/posts\/1782\/revisions"}],"predecessor-version":[{"id":1789,"href":"https:\/\/www.tamaulipas.gob.mx\/trabajo\/wp-json\/wp\/v2\/posts\/1782\/revisions\/1789"}],"wp:featuredmedia":[{"embeddable":true,"href":"https:\/\/www.tamaulipas.gob.mx\/trabajo\/wp-json\/wp\/v2\/media\/1788"}],"wp:attachment":[{"href":"https:\/\/www.tamaulipas.gob.mx\/trabajo\/wp-json\/wp\/v2\/media?parent=1782"}],"wp:term":[{"taxonomy":"category","embeddable":true,"href":"https:\/\/www.tamaulipas.gob.mx\/trabajo\/wp-json\/wp\/v2\/categories?post=1782"},{"taxonomy":"post_tag","embeddable":true,"href":"https:\/\/www.tamaulipas.gob.mx\/trabajo\/wp-json\/wp\/v2\/tags?post=1782"}],"curies":[{"name":"wp","href":"https:\/\/api.w.org\/{rel}","templated":true}]}}