{"id":1775,"date":"2020-10-28T22:00:39","date_gmt":"2020-10-29T04:00:39","guid":{"rendered":"https:\/\/www.tamaulipas.gob.mx\/trabajo\/?p=1775"},"modified":"2020-11-11T10:17:42","modified_gmt":"2020-11-11T16:17:42","slug":"inaugura-tamaulipas-feria-nacional-de-empleo-2020-de-apoyo-a-la-reactivacion-economica","status":"publish","type":"post","link":"https:\/\/www.tamaulipas.gob.mx\/trabajo\/2020\/10\/inaugura-tamaulipas-feria-nacional-de-empleo-2020-de-apoyo-a-la-reactivacion-economica\/","title":{"rendered":"Inaugura Tamaulipas Feria Nacional de Empleo 2020 de apoyo a la Reactivaci\u00f3n Econ\u00f3mica"},"content":{"rendered":"<p align=\"justify\"><em><strong><span style=\"font-family: HelveticaNeueLT Std Lt, serif;\"><span style=\"font-size: medium;\">El Gobernador Francisco Garc\u00eda Cabeza de Vaca, <\/span><\/span><span style=\"font-size: medium;\"><span style=\"font-family: HelveticaNeueLT Std Lt, serif;\">sigue impulsando y promoviendo la creaci\u00f3n de fuentes de empleo, as\u00ed como las condiciones para que buscadores de trabajo encuentren las vacantes de acuerdo a su perfil.<\/span><\/span><\/strong><\/em><\/p>\n<p align=\"right\"><span style=\"font-family: HelveticaNeueLT Std Lt, serif;\"><span style=\"font-size: medium;\">ST-067-2020<\/span><\/span><\/p>\n<p align=\"justify\"><span style=\"font-family: HelveticaNeueLT Std Lt, serif;\"><span style=\"font-size: medium;\">Octubre 28 del 2020<\/span><\/span><\/p>\n<p align=\"justify\"><span style=\"font-family: HelveticaNeueLT Std Lt, serif;\"><span style=\"font-size: medium;\">Ciudad Victoria Tamaulipas.- El Gobierno del Tamaulipas, a trav\u00e9s de la Secretar\u00eda del Trabajo, inaugur\u00f3 la Feria Nacional de Empleo,<\/span><\/span><span style=\"font-size: medium;\"><span style=\"font-family: HelveticaNeueLT Std Lt, serif;\"> de Apoyo a la Reactivaci\u00f3n Econ\u00f3mica 2020, sum\u00e1ndose a los eventos desarrollados en las 32 entidades federativas del pa\u00eds. <\/span><\/span><\/p>\n<p align=\"justify\"><span style=\"font-family: HelveticaNeueLT Std Lt, serif;\"><span style=\"font-size: medium;\">Las Unidades Regionales del Servicio Nacional de Empleo Tamaulipas, ubicadas en los municipios de Reynosa, Victoria y Tampico, reunieron a m\u00e1s de 65 empleadores quienes <\/span><\/span><span style=\"font-size: medium;\"><span style=\"font-family: HelveticaNeueLT Std Lt, serif;\">ofertaron cerca de mil oportunidades de empleo, para el sector industrial, comercio y servicios.<\/span><\/span><\/p>\n<p align=\"justify\"><span style=\"font-size: medium;\"><span style=\"font-family: HelveticaNeueLT Std Lt, serif;\">Durante la inauguraci\u00f3n que se llev\u00f3 a cabo de manera virtual, el Secretario del Trabajo, Miguel \u00c1ngel Villarreal Ongay, destac\u00f3 que el Gobernador Francisco Garc\u00eda Cabeza de Vaca, sigue impulsando y promoviendo la creaci\u00f3n de fuentes de empleo, as\u00ed como las condiciones para que buscadores de trabajo encuentren las vacantes de acuerdo a su perfil.<\/span><\/span><\/p>\n<p align=\"justify\">\u201c<span style=\"font-family: HelveticaNeueLT Std Lt, serif;\"><span style=\"font-size: medium;\">Desde el inicio de la administraci\u00f3n, el gobernador ha mantenido el compromiso de generar mayor bienestar a las familias mediante un empleo, brindando atenci\u00f3n y asesor\u00eda laboral a m\u00e1s de 397 mil 440 personas, y logrando una colocaci\u00f3n exitosa de 56 mil 505 buscadores de empleo\u201d, se\u00f1al\u00f3. <\/span><\/span><\/p>\n<p align=\"justify\"><a name=\"_GoBack\"><\/a> <span style=\"font-size: medium;\"><span style=\"font-family: HelveticaNeueLT Std Lt, serif;\">El encargado de la pol\u00edtica laboral, dijo que a pesar de los efectos adversos por la emergencia sanitaria por Covid-19, Tamaulipas se encuentra en un periodo de recuperaci\u00f3n, mencion\u00f3 que durante los meses de julio, agosto y septiembre, la entidad ha mostrado variaciones positivas con m\u00e1s de 13 mil 400 empleos formales, de los cuales suman m\u00e1s de 21 mil 690 en lo que va del a\u00f1o, de acuerdo a datos del IMSS.<\/span><\/span><\/p>\n<p align=\"justify\"><span style=\"font-size: medium;\"><span style=\"font-family: HelveticaNeueLT Std Lt, serif;\">Villarreal Ongay se\u00f1al\u00f3, que a trav\u00e9s del trabajo conjunto con el sector empresarial, el mandatario sigue creando espacios id\u00f3neos para la vinculaci\u00f3n laboral, impulsando con ello una mejor calidad de vida para los tamaulipecos. <\/span><\/span><\/p>\n<p align=\"justify\"><span style=\"font-size: medium;\"><span style=\"font-family: HelveticaNeueLT Std Lt, serif;\"><span style=\"font-family: Times New Roman, serif;\">Como actividades adicionales a la Feria Nacional de Empleo, se desarrollaron diversos eventos virtuales, como la conferencia \u201cReinv\u00e9ntate ante la Crisis Laboral\u201d, expuesta por el Coach <\/span><\/span><\/span><span style=\"font-family: HelveticaNeueLT Std Lt, serif;\">Oscar Alberto Donati Ram\u00edrez, <\/span><span style=\"font-family: HelveticaNeueLT Std Lt, serif;\">el Webinar \u201cImagen y el Mundo Laboral\u201d, ofrecido por <\/span><span style=\"font-family: HelveticaNeueLT Std Lt, serif;\">Gabriela Perales Preciado, <\/span><span style=\"font-family: HelveticaNeueLT Std Lt, serif;\">consultora de imagen p\u00fablica<\/span><span style=\"font-family: HelveticaNeueLT Std Lt, serif;\">, as\u00ed como un Taller para Buscadores de Empleo. <\/span><\/p>\n<p align=\"center\"><span style=\"font-family: HelveticaNeueLT Std Lt, serif;\"><span style=\"font-size: medium;\">###<\/span><\/span><\/p>\n<div class='owl-gallery'><div class='item'><a href='https:\/\/www.tamaulipas.gob.mx\/trabajo\/wp-content\/uploads\/sites\/11\/2020\/11\/inauguracion_ferianac_01.jpeg' rel='galeria'><img src='https:\/\/www.tamaulipas.gob.mx\/trabajo\/wp-content\/uploads\/sites\/11\/2020\/11\/inauguracion_ferianac_01-850x500.jpeg' srcset='' sizes='auto' alt=''><\/a><figcaption><\/figcaption><\/div><div class='item'><a href='https:\/\/www.tamaulipas.gob.mx\/trabajo\/wp-content\/uploads\/sites\/11\/2020\/11\/inauguracion_ferianac_02.jpeg' rel='galeria'><img src='https:\/\/www.tamaulipas.gob.mx\/trabajo\/wp-content\/uploads\/sites\/11\/2020\/11\/inauguracion_ferianac_02-850x500.jpeg' srcset='' sizes='auto' alt=''><\/a><figcaption><\/figcaption><\/div><div class='item'><a href='https:\/\/www.tamaulipas.gob.mx\/trabajo\/wp-content\/uploads\/sites\/11\/2020\/11\/inauguracion_ferianac_03.jpeg' rel='galeria'><img src='https:\/\/www.tamaulipas.gob.mx\/trabajo\/wp-content\/uploads\/sites\/11\/2020\/11\/inauguracion_ferianac_03-850x500.jpeg' srcset='' sizes='auto' alt=''><\/a><figcaption><\/figcaption><\/div><div class='item'><a href='https:\/\/www.tamaulipas.gob.mx\/trabajo\/wp-content\/uploads\/sites\/11\/2020\/11\/inauguracion_ferianac_04.jpeg' rel='galeria'><img src='https:\/\/www.tamaulipas.gob.mx\/trabajo\/wp-content\/uploads\/sites\/11\/2020\/11\/inauguracion_ferianac_04-850x500.jpeg' srcset='' sizes='auto' alt=''><\/a><figcaption><\/figcaption><\/div><\/div>\n","protected":false},"excerpt":{"rendered":"<p>El Gobernador Francisco Garc\u00eda Cabeza de Vaca, sigue impulsando y promoviendo la creaci\u00f3n de fuentes de empleo, as\u00ed como las condiciones para que buscadores de\u2026<\/p>\n","protected":false},"author":63,"featured_media":1777,"comment_status":"closed","ping_status":"closed","sticky":false,"template":"","format":"standard","meta":{"footnotes":""},"categories":[1],"tags":[],"class_list":["post-1775","post","type-post","status-publish","format-standard","has-post-thumbnail","hentry","category-prensa"],"publishpress_future_action":{"enabled":false,"date":"2026-05-08 14:20:20","action":"change-status","newStatus":"draft","terms":[],"taxonomy":"category"},"_links":{"self":[{"href":"https:\/\/www.tamaulipas.gob.mx\/trabajo\/wp-json\/wp\/v2\/posts\/1775"}],"collection":[{"href":"https:\/\/www.tamaulipas.gob.mx\/trabajo\/wp-json\/wp\/v2\/posts"}],"about":[{"href":"https:\/\/www.tamaulipas.gob.mx\/trabajo\/wp-json\/wp\/v2\/types\/post"}],"author":[{"embeddable":true,"href":"https:\/\/www.tamaulipas.gob.mx\/trabajo\/wp-json\/wp\/v2\/users\/63"}],"replies":[{"embeddable":true,"href":"https:\/\/www.tamaulipas.gob.mx\/trabajo\/wp-json\/wp\/v2\/comments?post=1775"}],"version-history":[{"count":1,"href":"https:\/\/www.tamaulipas.gob.mx\/trabajo\/wp-json\/wp\/v2\/posts\/1775\/revisions"}],"predecessor-version":[{"id":1780,"href":"https:\/\/www.tamaulipas.gob.mx\/trabajo\/wp-json\/wp\/v2\/posts\/1775\/revisions\/1780"}],"wp:featuredmedia":[{"embeddable":true,"href":"https:\/\/www.tamaulipas.gob.mx\/trabajo\/wp-json\/wp\/v2\/media\/1777"}],"wp:attachment":[{"href":"https:\/\/www.tamaulipas.gob.mx\/trabajo\/wp-json\/wp\/v2\/media?parent=1775"}],"wp:term":[{"taxonomy":"category","embeddable":true,"href":"https:\/\/www.tamaulipas.gob.mx\/trabajo\/wp-json\/wp\/v2\/categories?post=1775"},{"taxonomy":"post_tag","embeddable":true,"href":"https:\/\/www.tamaulipas.gob.mx\/trabajo\/wp-json\/wp\/v2\/tags?post=1775"}],"curies":[{"name":"wp","href":"https:\/\/api.w.org\/{rel}","templated":true}]}}