{"id":1767,"date":"2020-10-16T22:00:42","date_gmt":"2020-10-17T03:00:42","guid":{"rendered":"https:\/\/www.tamaulipas.gob.mx\/trabajo\/?p=1767"},"modified":"2020-11-11T10:15:06","modified_gmt":"2020-11-11T16:15:06","slug":"tamaulipas-privilegia-acuerdos-entre-trabajadores-y-patrones-para-generar-paz-social-y-laboral","status":"publish","type":"post","link":"https:\/\/www.tamaulipas.gob.mx\/trabajo\/2020\/10\/tamaulipas-privilegia-acuerdos-entre-trabajadores-y-patrones-para-generar-paz-social-y-laboral\/","title":{"rendered":"Tamaulipas privilegia acuerdos entre trabajadores y patrones para generar paz social y laboral"},"content":{"rendered":"<p align=\"justify\"><em><strong><span style=\"font-family: HelveticaNeueLT Std Lt, serif;\"><span style=\"font-size: medium;\">La PGDT coadyuva en generar para la entidad, no solo un clima de paz social y laboral, sino las condiciones para que se privilegie la conformidad y los acuerdos entre trabajadores y patrones.<\/span><\/span><\/strong><\/em><\/p>\n<p align=\"right\"><span style=\"font-family: HelveticaNeueLT Std Lt, serif;\"><span style=\"font-size: medium;\">ST-065-2020<\/span><\/span><\/p>\n<p align=\"justify\"><span style=\"font-family: HelveticaNeueLT Std Lt, serif;\"><span style=\"font-size: medium;\">Octubre 16 del 2020<\/span><\/span><\/p>\n<p align=\"justify\"><span style=\"font-family: HelveticaNeueLT Std Lt, serif;\"><span style=\"font-size: medium;\">Ciudad Victoria Tamaulipas.- A trav\u00e9s de la Procuradur\u00eda General de la Defensa del Trabajo, el Gobierno de Tamaulipas, ha gestionado para los trabajadores m\u00e1s de $27, 098,870 pesos, como resultado de los acuerdos realizados ante un conflicto laboral.<\/span><\/span><\/p>\n<p align=\"justify\"><span style=\"font-family: HelveticaNeueLT Std Lt, serif;\"><span style=\"font-size: medium;\">En lo que va del a\u00f1o, la dependencia a cargo de la Secretar\u00eda del Trabajo, ha brindado atenci\u00f3n a m\u00e1s de 3 mil 309 personas que requirieron de una asesor\u00eda laboral, efectuando con ello 310 demandas y 737 convenios.<\/span><\/span><\/p>\n<p align=\"justify\"><span style=\"font-family: HelveticaNeueLT Std Lt, serif;\"><span style=\"font-size: medium;\">El encargado de la pol\u00edtica laboral, Miguel \u00c1ngel Villarreal Ongay, dio a conocer que aun y con la emergencia sanitaria por Covid-19, se sigue cumpliendo la encomienda, de proteger los derechos de las personas trabajadoras, y brindar una soluci\u00f3n amistosa para el arreglo de sus inconvenientes de trabajo.<\/span><\/span><\/p>\n<p align=\"justify\">\u201c<span style=\"font-family: HelveticaNeueLT Std Lt, serif;\"><span style=\"font-size: medium;\">Trabajamos en garantizar el derecho laboral, el Gobernador Francisco Garc\u00eda Cabeza de Vaca, nos instruy\u00f3 fu\u00e9ramos precisos en brindar todas las atenciones en base a la Ley Federal del Trabajo\u201d, expres\u00f3.<\/span><\/span><\/p>\n<p align=\"justify\"><span style=\"font-family: HelveticaNeueLT Std Lt, serif;\"><span style=\"font-size: medium;\">Mediante la representaci\u00f3n legal, la PGDT coadyuva en generar para la entidad, no solo un clima de paz social y laboral, sino las condiciones para que se privilegie de conformidad, los acuerdos entre trabajadores y patrones, argument\u00f3 el funcionario estatal.<\/span><\/span><\/p>\n<p align=\"justify\"><span style=\"font-family: HelveticaNeueLT Std Lt, serif;\"><span style=\"font-size: medium;\">Apunt\u00f3 que las quejas relacionadas al despido injustificado, pago de aguinaldo, utilidades y dem\u00e1s prestaciones, disminuyeron de mil 945 registradas durante el 2019, a 983 asentadas en el mismo periodo del 2020.<\/span><\/span><\/p>\n<p align=\"justify\"><span style=\"font-family: HelveticaNeueLT Std Lt, serif;\"><span style=\"font-size: medium;\">El Secretario del Trabajo inform\u00f3 que la PGDT, se mantiene atenta a los trabajadores y a los efectos adversos que pudieran generarse para ellos por la pandemia derivada al coronavirus, para responder imparcialmente y con apego a derecho, a las dificultades que pudieran suscitarse entre los factores de la producci\u00f3n.<\/span><\/span><\/p>\n<p align=\"center\"><span style=\"font-family: HelveticaNeueLT Std Lt, serif;\"><span style=\"font-size: medium;\">###<\/span><\/span><\/p>\n<div class='owl-gallery'><div class='item'><a href='https:\/\/www.tamaulipas.gob.mx\/trabajo\/wp-content\/uploads\/sites\/11\/2020\/11\/boletin_procu_01.jpeg' rel='galeria'><img src='https:\/\/www.tamaulipas.gob.mx\/trabajo\/wp-content\/uploads\/sites\/11\/2020\/11\/boletin_procu_01-850x500.jpeg' srcset='' sizes='auto' alt=''><\/a><figcaption><\/figcaption><\/div><div class='item'><a href='https:\/\/www.tamaulipas.gob.mx\/trabajo\/wp-content\/uploads\/sites\/11\/2020\/11\/boletin_procu_02.jpeg' rel='galeria'><img src='https:\/\/www.tamaulipas.gob.mx\/trabajo\/wp-content\/uploads\/sites\/11\/2020\/11\/boletin_procu_02-850x500.jpeg' srcset='' sizes='auto' alt=''><\/a><figcaption><\/figcaption><\/div><div class='item'><a href='https:\/\/www.tamaulipas.gob.mx\/trabajo\/wp-content\/uploads\/sites\/11\/2020\/11\/boletin_procu_03.jpeg' rel='galeria'><img src='https:\/\/www.tamaulipas.gob.mx\/trabajo\/wp-content\/uploads\/sites\/11\/2020\/11\/boletin_procu_03-850x500.jpeg' srcset='' sizes='auto' alt=''><\/a><figcaption><\/figcaption><\/div><div class='item'><a href='https:\/\/www.tamaulipas.gob.mx\/trabajo\/wp-content\/uploads\/sites\/11\/2020\/11\/boletin_procu_04..jpeg' rel='galeria'><img src='https:\/\/www.tamaulipas.gob.mx\/trabajo\/wp-content\/uploads\/sites\/11\/2020\/11\/boletin_procu_04.-850x500.jpeg' srcset='' sizes='auto' alt=''><\/a><figcaption><\/figcaption><\/div><div class='item'><a href='https:\/\/www.tamaulipas.gob.mx\/trabajo\/wp-content\/uploads\/sites\/11\/2020\/11\/boletin_procu_05.jpeg' rel='galeria'><img src='https:\/\/www.tamaulipas.gob.mx\/trabajo\/wp-content\/uploads\/sites\/11\/2020\/11\/boletin_procu_05-850x500.jpeg' srcset='' sizes='auto' alt=''><\/a><figcaption><\/figcaption><\/div><\/div>\n","protected":false},"excerpt":{"rendered":"<p>La PGDT coadyuva en generar para la entidad, no solo un clima de paz social y laboral, sino las condiciones para que se privilegie la\u2026<\/p>\n","protected":false},"author":63,"featured_media":1771,"comment_status":"closed","ping_status":"closed","sticky":false,"template":"","format":"standard","meta":{"footnotes":""},"categories":[1],"tags":[],"class_list":["post-1767","post","type-post","status-publish","format-standard","has-post-thumbnail","hentry","category-prensa"],"publishpress_future_action":{"enabled":false,"date":"2026-05-08 14:13:39","action":"change-status","newStatus":"draft","terms":[],"taxonomy":"category"},"_links":{"self":[{"href":"https:\/\/www.tamaulipas.gob.mx\/trabajo\/wp-json\/wp\/v2\/posts\/1767"}],"collection":[{"href":"https:\/\/www.tamaulipas.gob.mx\/trabajo\/wp-json\/wp\/v2\/posts"}],"about":[{"href":"https:\/\/www.tamaulipas.gob.mx\/trabajo\/wp-json\/wp\/v2\/types\/post"}],"author":[{"embeddable":true,"href":"https:\/\/www.tamaulipas.gob.mx\/trabajo\/wp-json\/wp\/v2\/users\/63"}],"replies":[{"embeddable":true,"href":"https:\/\/www.tamaulipas.gob.mx\/trabajo\/wp-json\/wp\/v2\/comments?post=1767"}],"version-history":[{"count":2,"href":"https:\/\/www.tamaulipas.gob.mx\/trabajo\/wp-json\/wp\/v2\/posts\/1767\/revisions"}],"predecessor-version":[{"id":1774,"href":"https:\/\/www.tamaulipas.gob.mx\/trabajo\/wp-json\/wp\/v2\/posts\/1767\/revisions\/1774"}],"wp:featuredmedia":[{"embeddable":true,"href":"https:\/\/www.tamaulipas.gob.mx\/trabajo\/wp-json\/wp\/v2\/media\/1771"}],"wp:attachment":[{"href":"https:\/\/www.tamaulipas.gob.mx\/trabajo\/wp-json\/wp\/v2\/media?parent=1767"}],"wp:term":[{"taxonomy":"category","embeddable":true,"href":"https:\/\/www.tamaulipas.gob.mx\/trabajo\/wp-json\/wp\/v2\/categories?post=1767"},{"taxonomy":"post_tag","embeddable":true,"href":"https:\/\/www.tamaulipas.gob.mx\/trabajo\/wp-json\/wp\/v2\/tags?post=1767"}],"curies":[{"name":"wp","href":"https:\/\/api.w.org\/{rel}","templated":true}]}}