{"id":1761,"date":"2020-10-21T22:00:39","date_gmt":"2020-10-22T03:00:39","guid":{"rendered":"https:\/\/www.tamaulipas.gob.mx\/trabajo\/?p=1761"},"modified":"2020-11-11T10:12:34","modified_gmt":"2020-11-11T16:12:34","slug":"participa-tamaulipas-en-la-feria-nacional-de-empleo-2020-en-apoyo-a-la-reactivacion-economica","status":"publish","type":"post","link":"https:\/\/www.tamaulipas.gob.mx\/trabajo\/2020\/10\/participa-tamaulipas-en-la-feria-nacional-de-empleo-2020-en-apoyo-a-la-reactivacion-economica\/","title":{"rendered":"Participa Tamaulipas en la Feria Nacional de Empleo 2020 en apoyo a la reactivaci\u00f3n econ\u00f3mica"},"content":{"rendered":"<p align=\"justify\"><em><strong><span style=\"font-family: HelveticaNeueLT Std Lt, serif;\"><span style=\"font-size: medium;\">El Gobernador Francisco Garc\u00eda Cabeza de Vaca <\/span><\/span><span style=\"font-size: medium;\"><span style=\"font-family: HelveticaNeueLT Std Lt, serif;\">sigue fomentado confianza entre los inversionistas y generado empleo, debido a que la entidad <\/span><\/span><span style=\"font-family: HelveticaNeueLT Std Lt, serif;\"><span style=\"font-size: medium;\"><span style=\"color: #000000;\">cuenta con un dinamismo econ\u00f3mico y mano de obra calificada.<\/span><\/span><\/span><\/strong><\/em><\/p>\n<p align=\"right\"><span style=\"font-family: HelveticaNeueLT Std Lt, serif;\"><span style=\"font-size: medium;\">ST-066-2020<\/span><\/span><\/p>\n<p align=\"justify\"><span style=\"font-family: HelveticaNeueLT Std Lt, serif;\"><span style=\"font-size: medium;\">Octubre 21 del 2020<\/span><\/span><\/p>\n<p align=\"justify\"><span style=\"font-family: HelveticaNeueLT Std Lt, serif;\"><span style=\"font-size: medium;\">Ciudad Victoria Tamaulipas.- La Secretar\u00eda del Trabajo a trav\u00e9s del Servicio Nacional de Empleo Tamaulipas, participar\u00e1 de la Feria Nacional de Empleo <\/span><\/span><span style=\"font-size: medium;\"><span style=\"font-family: HelveticaNeueLT Std Lt, serif;\">en Apoyo a la Reactivaci\u00f3n Econ\u00f3mica 2020, en beneficio de las personas que buscan trabajo.<\/span><\/span><\/p>\n<p align=\"justify\"><span style=\"font-size: medium;\"><span style=\"font-family: HelveticaNeueLT Std Lt, serif;\">Dicha actividad se desarrollar\u00e1 de manera simult\u00e1nea en las entidades federativas, en el caso de Tamaulipas, se tiene programado para el d\u00eda 28 de octubre de 9:00 a 14:00 hrs, siendo sedes los municipios de Reynosa, Ciudad Victoria y Tampico.<\/span><\/span><\/p>\n<p align=\"justify\"><span style=\"font-size: medium;\"><span style=\"font-family: HelveticaNeueLT Std Lt, serif;\">Se trata de un evento virtual que ser\u00e1 transmitido a trav\u00e9s de redes sociales oficiales de la Secretar\u00eda y del SNETam, as\u00ed como la plataforma Zoom, en el que se espera la intervenci\u00f3n de m\u00e1s de 50 empresas que estar\u00e1n vinculando y ofertando cerca de mil vacantes para la industria, comercio y servicios.<\/span><\/span><\/p>\n<p align=\"justify\"><span style=\"font-size: medium;\"><span style=\"font-family: HelveticaNeueLT Std Lt, serif;\">El titular de la dependencia laboral, Miguel \u00c1ngel Villarreal Ongay, explic\u00f3 que la idea es ofrecer a los tamaulipecos la oportunidad de obtener o mejorar su empleo, que les retribuya econ\u00f3micamente y les brinde mayor bienestar social. <\/span><\/span><\/p>\n<p align=\"justify\">\u201c<span style=\"font-family: HelveticaNeueLT Std Lt, serif;\"><span style=\"font-size: medium;\">Como gobierno participamos y coadyuvamos con el sector empresarial, el Gobernador Francisco Garc\u00eda Cabeza de Vaca, nos pidi\u00f3 trabajar de la mano y atender las necesidades de las personas que requieren de un empleo\u201d, dijo.<\/span><\/span><\/p>\n<p align=\"justify\"><span style=\"font-size: medium;\"><span style=\"font-family: HelveticaNeueLT Std Lt, serif;\">Previo a la Feria Nacional de Empleo, <\/span><\/span><span style=\"font-family: HelveticaNeueLT Std Lt, serif;\"><span style=\"font-size: medium;\"><span style=\"color: #000000;\">se efectuar\u00e1n diversas actividades mediante transmisiones en vivo, como Talleres para Buscadores de Empleo, conferencias y un Webinar con especialistas en temas laborales. <\/span><\/span><\/span><\/p>\n<p align=\"justify\"><span style=\"font-size: medium;\"><span style=\"font-family: HelveticaNeueLT Std Lt, serif;\">A pesar de la emergencia sanitaria por covid-19, el ejecutivo fomenta la confianza entre los inversionistas y genera empleo, debido a que la entidad <\/span><\/span><span style=\"font-family: HelveticaNeueLT Std Lt, serif;\"><span style=\"font-size: medium;\"><span style=\"color: #000000;\">cuenta con un dinamismo econ\u00f3mico y mano de obra calificada, mencion\u00f3 e<\/span><\/span><\/span><span style=\"font-size: medium;\"><span style=\"font-family: HelveticaNeueLT Std Lt, serif;\">l funcionario.<\/span><\/span><\/p>\n<p align=\"justify\"><span style=\"font-family: HelveticaNeueLT Std Lt, serif;\"><span style=\"font-size: medium;\"><span style=\"color: #000000;\">Destac\u00f3 que para finales del <\/span><\/span><\/span><span style=\"font-size: medium;\"><span style=\"font-family: HelveticaNeueLT Std Lt, serif;\">2020 se vislumbra una recuperaci\u00f3n positiva en cuanto a empleos, derivado a las estrategias implementadas en los \u00faltimos tres meses, por lo que se podr\u00eda alcanzar una cifra semejante al a\u00f1o pasado, y lograr rescatar los 23 mil empleos perdidos desde el inicio de la pandemia. <\/span><\/span><\/p>\n<p align=\"center\"><span style=\"font-family: HelveticaNeueLT Std Lt, serif;\"><span style=\"font-size: medium;\">###<\/span><\/span><\/p>\n<div class='owl-gallery'><div class='item'><a href='https:\/\/www.tamaulipas.gob.mx\/trabajo\/wp-content\/uploads\/sites\/11\/2020\/11\/boletin_ferianac_01.jpeg' rel='galeria'><img src='https:\/\/www.tamaulipas.gob.mx\/trabajo\/wp-content\/uploads\/sites\/11\/2020\/11\/boletin_ferianac_01-850x500.jpeg' srcset='' sizes='auto' alt=''><\/a><figcaption><\/figcaption><\/div><div class='item'><a href='https:\/\/www.tamaulipas.gob.mx\/trabajo\/wp-content\/uploads\/sites\/11\/2020\/11\/boletin_ferianac_02.jpeg' rel='galeria'><img src='https:\/\/www.tamaulipas.gob.mx\/trabajo\/wp-content\/uploads\/sites\/11\/2020\/11\/boletin_ferianac_02-850x500.jpeg' srcset='' sizes='auto' alt=''><\/a><figcaption><\/figcaption><\/div><div class='item'><a href='https:\/\/www.tamaulipas.gob.mx\/trabajo\/wp-content\/uploads\/sites\/11\/2020\/11\/boletin_ferianac_03.jpeg' rel='galeria'><img src='https:\/\/www.tamaulipas.gob.mx\/trabajo\/wp-content\/uploads\/sites\/11\/2020\/11\/boletin_ferianac_03-850x500.jpeg' srcset='' sizes='auto' alt=''><\/a><figcaption><\/figcaption><\/div><div class='item'><a href='https:\/\/www.tamaulipas.gob.mx\/trabajo\/wp-content\/uploads\/sites\/11\/2020\/11\/boletin_ferianac_04.jpeg' rel='galeria'><img src='https:\/\/www.tamaulipas.gob.mx\/trabajo\/wp-content\/uploads\/sites\/11\/2020\/11\/boletin_ferianac_04-850x500.jpeg' srcset='' sizes='auto' alt=''><\/a><figcaption><\/figcaption><\/div><\/div>\n","protected":false},"excerpt":{"rendered":"<p>El Gobernador Francisco Garc\u00eda Cabeza de Vaca sigue fomentado confianza entre los inversionistas y generado empleo, debido a que la entidad cuenta con un dinamismo\u2026<\/p>\n","protected":false},"author":63,"featured_media":1765,"comment_status":"closed","ping_status":"closed","sticky":false,"template":"","format":"standard","meta":{"footnotes":""},"categories":[1],"tags":[],"class_list":["post-1761","post","type-post","status-publish","format-standard","has-post-thumbnail","hentry","category-prensa"],"publishpress_future_action":{"enabled":false,"date":"2026-05-08 14:20:25","action":"change-status","newStatus":"draft","terms":[],"taxonomy":"category"},"_links":{"self":[{"href":"https:\/\/www.tamaulipas.gob.mx\/trabajo\/wp-json\/wp\/v2\/posts\/1761"}],"collection":[{"href":"https:\/\/www.tamaulipas.gob.mx\/trabajo\/wp-json\/wp\/v2\/posts"}],"about":[{"href":"https:\/\/www.tamaulipas.gob.mx\/trabajo\/wp-json\/wp\/v2\/types\/post"}],"author":[{"embeddable":true,"href":"https:\/\/www.tamaulipas.gob.mx\/trabajo\/wp-json\/wp\/v2\/users\/63"}],"replies":[{"embeddable":true,"href":"https:\/\/www.tamaulipas.gob.mx\/trabajo\/wp-json\/wp\/v2\/comments?post=1761"}],"version-history":[{"count":1,"href":"https:\/\/www.tamaulipas.gob.mx\/trabajo\/wp-json\/wp\/v2\/posts\/1761\/revisions"}],"predecessor-version":[{"id":1766,"href":"https:\/\/www.tamaulipas.gob.mx\/trabajo\/wp-json\/wp\/v2\/posts\/1761\/revisions\/1766"}],"wp:featuredmedia":[{"embeddable":true,"href":"https:\/\/www.tamaulipas.gob.mx\/trabajo\/wp-json\/wp\/v2\/media\/1765"}],"wp:attachment":[{"href":"https:\/\/www.tamaulipas.gob.mx\/trabajo\/wp-json\/wp\/v2\/media?parent=1761"}],"wp:term":[{"taxonomy":"category","embeddable":true,"href":"https:\/\/www.tamaulipas.gob.mx\/trabajo\/wp-json\/wp\/v2\/categories?post=1761"},{"taxonomy":"post_tag","embeddable":true,"href":"https:\/\/www.tamaulipas.gob.mx\/trabajo\/wp-json\/wp\/v2\/tags?post=1761"}],"curies":[{"name":"wp","href":"https:\/\/api.w.org\/{rel}","templated":true}]}}