{"id":1754,"date":"2020-11-03T22:00:12","date_gmt":"2020-11-04T04:00:12","guid":{"rendered":"https:\/\/www.tamaulipas.gob.mx\/trabajo\/?p=1754"},"modified":"2020-11-11T10:10:07","modified_gmt":"2020-11-11T16:10:07","slug":"salen-mas-enfermeros-de-tamaulipas-para-trabajar-en-hospitales-de-alemania","status":"publish","type":"post","link":"https:\/\/www.tamaulipas.gob.mx\/trabajo\/2020\/11\/salen-mas-enfermeros-de-tamaulipas-para-trabajar-en-hospitales-de-alemania\/","title":{"rendered":"Salen m\u00e1s enfermeros de Tamaulipas para trabajar en hospitales de Alemania"},"content":{"rendered":"<p align=\"justify\"><em><strong><span style=\"font-family: HelveticaNeueLT Std Lt, serif;\"><span style=\"font-size: medium;\">El Gobernador, Francisco Garc\u00eda Cabeza de Vaca, impulsa a los trabajadores a lograr sus metas profesionales con nuevas experiencias laborales, facilitando su vinculaci\u00f3n a una fuente de trabajo.<\/span><\/span><\/strong><\/em><\/p>\n<p align=\"right\"><span style=\"font-family: HelveticaNeueLT Std Lt, serif;\"><span style=\"font-size: medium;\">ST-068-2020<\/span><\/span><\/p>\n<p align=\"justify\"><span style=\"font-family: HelveticaNeueLT Std Lt, serif;\"><span style=\"font-size: medium;\">Noviembre 03 del 2020<\/span><\/span><\/p>\n<p align=\"justify\"><span style=\"font-family: HelveticaNeueLT Std Lt, serif;\"><span style=\"font-size: medium;\">Ciudad Victoria, Tamaulipas.- Ricardo Mart\u00edn Rojas Gonz\u00e1lez, quien radica en Nuevo Laredo, es el s\u00e9ptimo tamaulipeco que se integra a sus compa\u00f1eros enfermeros y enfermeras, que ya laboran y ejercen su profesi\u00f3n en hospitales de Alemania.<\/span><\/span><\/p>\n<p align=\"justify\"><span style=\"font-family: HelveticaNeueLT Std Lt, serif;\"><span style=\"font-size: medium;\">Con 26 a\u00f1os de edad, es egresado de la Facultad de Enfermer\u00eda de la UAT, el en 2019 particip\u00f3 de la convocatoria de reclutamiento que lanz\u00f3 la Agencia Federal de Empleo de Alemania, a la que se sum\u00f3 el Gobierno de Tamaulipas para dar oportunidad de empleo a profesionistas.<\/span><\/span><\/p>\n<p align=\"justify\"><span style=\"font-family: HelveticaNeueLT Std Lt, serif;\"><span style=\"font-size: medium;\">El Secretario del Trabajo, Miguel \u00c1ngel Villarreal Ongay, quien entabl\u00f3 conversaci\u00f3n a trav\u00e9s de la plataforma Zoom con Ricardo Gonz\u00e1lez, dijo que fueron 18 personas postuladas por el Servicio Nacional de Empleo Tamaulipas, y 15 de ellos se seleccionaron, realizaron sus tr\u00e1mites y tomaron un curso de inducci\u00f3n al idioma, refiri\u00f3 que la fecha 8 personas fueron contratadas, y 6 partieron a Alemania desde el pasado 2 de octubre para comenzar sus labores en aquel pa\u00eds.<\/span><\/span><\/p>\n<p align=\"justify\">\u201c<span style=\"font-family: HelveticaNeueLT Std Lt, serif;\"><span style=\"font-size: medium;\">Para nosotros es un orgullo que tamaulipecos vayan a trabajar a otros pa\u00edses, el Gobernador, Francisco Garc\u00eda Cabeza de Vaca, impulsa en los trabajadores lograr sus metas profesionales con nuevas experiencias laborales, facilitando su vinculaci\u00f3n a una fuente de trabajo\u201d, indic\u00f3. <\/span><\/span><\/p>\n<p align=\"justify\"><span style=\"font-family: HelveticaNeueLT Std Lt, serif;\"><span style=\"font-size: medium;\">Los profesionistas contratados laborar\u00e1n en los hospitales Universit\u00e4tsklinikum y Klinikum des Saarbr\u00fccken, as\u00ed como en <\/span><\/span><a href=\"https:\/\/www.charite.de\/en\/\"><span style=\"font-family: HelveticaNeueLT Std Lt, serif;\"><span style=\"font-size: medium;\">Charit\u00e9 Universit\u00e4tsmedizin de Berl\u00edn<\/span><\/span><\/a><span style=\"font-family: HelveticaNeueLT Std Lt, serif;\"><span style=\"font-size: medium;\">, como auxiliares de enfermer\u00eda y cirug\u00eda reconstructiva de mano entre otras labores.<\/span><\/span><\/p>\n<p align=\"justify\"><a name=\"_GoBack\"><\/a> <span style=\"font-family: HelveticaNeueLT Std Lt, serif;\"><span style=\"font-size: medium;\">Ang\u00e9lica Israely Bagundo Zavala, egresada de la UAT Tampico, lleg\u00f3 a Frankfurt el pasado 3 de octubre, habita en Homburg, y aparte de trabajar recibe un curso de alem\u00e1n nivel B2 por la escuela Carl Duisberg, argumenta que su objetivo es homologar sus estudios en ese pa\u00eds y adquirir la habilidad completa del idioma para realizar una especialidad en enfermer\u00eda. <\/span><\/span><\/p>\n<p align=\"justify\"><span style=\"font-family: HelveticaNeueLT Std Lt, serif;\"><span style=\"font-size: medium;\">Por su parte, Ricardo Mart\u00edn Rojas Gonz\u00e1lez, partir\u00e1 este mi\u00e9rcoles 4 de noviembre de Nuevo Laredo hacia Alemania, relat\u00f3 que sin tener nociones del idioma, busc\u00f3 arriesgarse y emprender el camino hacia el \u00e9xito, al igual que sus compa\u00f1eros obtuvo su contrato para laborar durante 18 meses. <\/span><\/span><\/p>\n<p align=\"justify\"><span style=\"font-family: HelveticaNeueLT Std Lt, serif;\"><span style=\"font-size: medium;\">Los tamaulipecos son personas que d\u00eda a d\u00eda se esfuerzan, rompen barreras y fronteras, y buscan superarse, expres\u00f3 Villarreal Ongay, qui\u00e9n revel\u00f3 que un ejemplo para muchos, son los enfermeros y enfermeras tamaulipecos, originarios de Ciudad Victoria, Tampico y Nuevo Laredo, que ya est\u00e1n, y que est\u00e1n pr\u00f3ximos a viajar a Alemania. <\/span><\/span><\/p>\n<p align=\"justify\"><span style=\"font-family: HelveticaNeueLT Std Lt, serif;\"><span style=\"font-size: medium;\">Invit\u00f3 a los buscadores de empleo, acercarse al SNETam para conocer las oportunidades que tambi\u00e9n se tienen para trabajar en Estados Unidos y Canad\u00e1. <\/span><\/span><\/p>\n<p align=\"justify\"><span style=\"font-family: HelveticaNeueLT Std Lt, serif;\"><span style=\"font-size: medium;\">Los enfermeros que se encuentran laborando en el continente europeo son: Elsa Karina Ulloa, egresada del ICEST Victoria; Brenda Karina Alem\u00e1n y Enrique Puente Montes, egresados de la UAT Victoria; Iv\u00e1n Alejandro Mart\u00ednez Reyes, egresado de la UAT Tampico y Ericka Michelle, egresada de la UAT Nuevo Laredo, quienes recibir\u00e1n un sueldo mensual de acuerdo al rango sin homologaci\u00f3n, hasta de $50,272.50 y con homologaci\u00f3n de $62,316.30 pesos. <\/span><\/span><\/p>\n<p align=\"justify\"><span style=\"font-family: HelveticaNeueLT Std Lt, serif;\"><span style=\"font-size: medium;\">Cabe destacar que Brenda P\u00e9rez Escobedo, egresada de la UAT Nuevo Laredo, est\u00e1 pr\u00f3xima a partir rumbo a Alemania, y otros 7 profesionistas est\u00e1n por concluir sus tr\u00e1mites y ex\u00e1menes, entre ellos, aspectos valorados por las autoridades alemanas, como el entendimiento y habla del idioma.<\/span><\/span><\/p>\n<p align=\"justify\">\n<p align=\"center\"><span style=\"font-family: HelveticaNeueLT Std Lt, serif;\"><span style=\"font-size: medium;\">###<\/span><\/span><\/p>\n<div class='owl-gallery'><div class='item'><a href='https:\/\/www.tamaulipas.gob.mx\/trabajo\/wp-content\/uploads\/sites\/11\/2020\/11\/boletin_enf_alemania_01.jpeg' rel='galeria'><img src='https:\/\/www.tamaulipas.gob.mx\/trabajo\/wp-content\/uploads\/sites\/11\/2020\/11\/boletin_enf_alemania_01-850x500.jpeg' srcset='' sizes='auto' alt=''><\/a><figcaption><\/figcaption><\/div><div class='item'><a href='https:\/\/www.tamaulipas.gob.mx\/trabajo\/wp-content\/uploads\/sites\/11\/2020\/11\/boletin_enf_alemania_02.jpeg' rel='galeria'><img src='https:\/\/www.tamaulipas.gob.mx\/trabajo\/wp-content\/uploads\/sites\/11\/2020\/11\/boletin_enf_alemania_02-850x500.jpeg' srcset='' sizes='auto' alt=''><\/a><figcaption><\/figcaption><\/div><div class='item'><a href='https:\/\/www.tamaulipas.gob.mx\/trabajo\/wp-content\/uploads\/sites\/11\/2020\/11\/boletin_enf_alemania_03.jpeg' rel='galeria'><img src='https:\/\/www.tamaulipas.gob.mx\/trabajo\/wp-content\/uploads\/sites\/11\/2020\/11\/boletin_enf_alemania_03-800x500.jpeg' srcset='' sizes='auto' alt=''><\/a><figcaption><\/figcaption><\/div><div class='item'><a href='https:\/\/www.tamaulipas.gob.mx\/trabajo\/wp-content\/uploads\/sites\/11\/2020\/11\/boletin_enf_alemania_04.jpeg' rel='galeria'><img src='https:\/\/www.tamaulipas.gob.mx\/trabajo\/wp-content\/uploads\/sites\/11\/2020\/11\/boletin_enf_alemania_04-800x500.jpeg' srcset='' sizes='auto' alt=''><\/a><figcaption><\/figcaption><\/div><div class='item'><a href='https:\/\/www.tamaulipas.gob.mx\/trabajo\/wp-content\/uploads\/sites\/11\/2020\/11\/boletin_enf_alemania_05.jpeg' rel='galeria'><img src='https:\/\/www.tamaulipas.gob.mx\/trabajo\/wp-content\/uploads\/sites\/11\/2020\/11\/boletin_enf_alemania_05-800x500.jpeg' srcset='' sizes='auto' alt=''><\/a><figcaption><\/figcaption><\/div><\/div>\n","protected":false},"excerpt":{"rendered":"<p>El Gobernador, Francisco Garc\u00eda Cabeza de Vaca, impulsa a los trabajadores a lograr sus metas profesionales con nuevas experiencias laborales, facilitando su vinculaci\u00f3n a una\u2026<\/p>\n","protected":false},"author":63,"featured_media":1758,"comment_status":"closed","ping_status":"closed","sticky":false,"template":"","format":"standard","meta":{"footnotes":""},"categories":[1],"tags":[],"class_list":["post-1754","post","type-post","status-publish","format-standard","has-post-thumbnail","hentry","category-prensa"],"publishpress_future_action":{"enabled":false,"date":"2026-05-08 14:16:20","action":"change-status","newStatus":"draft","terms":[],"taxonomy":"category"},"_links":{"self":[{"href":"https:\/\/www.tamaulipas.gob.mx\/trabajo\/wp-json\/wp\/v2\/posts\/1754"}],"collection":[{"href":"https:\/\/www.tamaulipas.gob.mx\/trabajo\/wp-json\/wp\/v2\/posts"}],"about":[{"href":"https:\/\/www.tamaulipas.gob.mx\/trabajo\/wp-json\/wp\/v2\/types\/post"}],"author":[{"embeddable":true,"href":"https:\/\/www.tamaulipas.gob.mx\/trabajo\/wp-json\/wp\/v2\/users\/63"}],"replies":[{"embeddable":true,"href":"https:\/\/www.tamaulipas.gob.mx\/trabajo\/wp-json\/wp\/v2\/comments?post=1754"}],"version-history":[{"count":1,"href":"https:\/\/www.tamaulipas.gob.mx\/trabajo\/wp-json\/wp\/v2\/posts\/1754\/revisions"}],"predecessor-version":[{"id":1760,"href":"https:\/\/www.tamaulipas.gob.mx\/trabajo\/wp-json\/wp\/v2\/posts\/1754\/revisions\/1760"}],"wp:featuredmedia":[{"embeddable":true,"href":"https:\/\/www.tamaulipas.gob.mx\/trabajo\/wp-json\/wp\/v2\/media\/1758"}],"wp:attachment":[{"href":"https:\/\/www.tamaulipas.gob.mx\/trabajo\/wp-json\/wp\/v2\/media?parent=1754"}],"wp:term":[{"taxonomy":"category","embeddable":true,"href":"https:\/\/www.tamaulipas.gob.mx\/trabajo\/wp-json\/wp\/v2\/categories?post=1754"},{"taxonomy":"post_tag","embeddable":true,"href":"https:\/\/www.tamaulipas.gob.mx\/trabajo\/wp-json\/wp\/v2\/tags?post=1754"}],"curies":[{"name":"wp","href":"https:\/\/api.w.org\/{rel}","templated":true}]}}