{"id":1748,"date":"2020-11-06T22:00:25","date_gmt":"2020-11-07T04:00:25","guid":{"rendered":"https:\/\/www.tamaulipas.gob.mx\/trabajo\/?p=1748"},"modified":"2020-11-11T10:07:06","modified_gmt":"2020-11-11T16:07:06","slug":"redoblan-esfuerzos-en-jcya-de-tamaulipas-para-salvaguardar-salud-de-trabajadores-y-usuarios-ante-covid-19","status":"publish","type":"post","link":"https:\/\/www.tamaulipas.gob.mx\/trabajo\/2020\/11\/redoblan-esfuerzos-en-jcya-de-tamaulipas-para-salvaguardar-salud-de-trabajadores-y-usuarios-ante-covid-19\/","title":{"rendered":"Redoblan esfuerzos en JCyA de Tamaulipas para salvaguardar salud de trabajadores y usuarios ante Covid-19"},"content":{"rendered":"<p align=\"justify\"><span style=\"font-family: HelveticaNeueLT Std Lt, serif;\"><span style=\"font-size: medium;\">El Gobernador, Francisco Garc\u00eda Cabeza de Vaca, solicit\u00f3<\/span><\/span><span style=\"font-size: medium;\"><span style=\"font-family: HelveticaNeueLT Std Lt, serif;\"> no bajar la guardia, garantizar la atenci\u00f3n y proteger al personal y usuarios de las Juntas de Conciliaci\u00f3n y Arbitraje.<\/span><\/span><\/p>\n<p align=\"right\"><span style=\"font-family: HelveticaNeueLT Std Lt, serif;\"><span style=\"font-size: medium;\">ST-069-2020<\/span><\/span><\/p>\n<p align=\"justify\"><span style=\"font-family: HelveticaNeueLT Std Lt, serif;\"><span style=\"font-size: medium;\">Noviembre 06 del 2020<\/span><\/span><\/p>\n<p style=\"text-align: justify;\" align=\"justify\"><span style=\"font-family: HelveticaNeueLT Std Lt, serif;\"><span style=\"font-size: medium;\">Ciudad Victoria, Tamaulipas.- Se reforzaron las medidas de seguridad e higiene implementadas por el Gobierno de Tamaulipas en las Juntas de Conciliaci\u00f3n y Arbitraje, a fin de coadyuvar con las autoridades sanitarias, para contener, prevenir y reducir la probabilidad de contagios por Covid-19.<\/span><\/span><\/p>\n<p style=\"text-align: justify;\" align=\"justify\"><a name=\"_GoBack\"><\/a> <span style=\"font-family: HelveticaNeueLT Std Lt, serif;\"><span style=\"font-size: medium;\">Adem\u00e1s del uso obligatorio del cubre bocas, la aplicaci\u00f3n de gel antibacterial, toma de temperatura y la sana distancia, autoridades laborales e integrantes del pleno de la junta, han promovido el uso de caretas entre el personal y la sanitizaci\u00f3n constante de las \u00e1reas de atenci\u00f3n.<\/span><\/span><\/p>\n<p style=\"text-align: justify;\" align=\"justify\"><span style=\"font-family: HelveticaNeueLT Std Lt, serif;\"><span style=\"font-size: medium;\">Miguel \u00c1ngel Villarreal Ongay, Secretario del Trabajo, dio raz\u00f3n que una de las prioridades es mantener el ingreso de usuarios y abogados de manera controlada y organizada, <\/span><\/span><span style=\"font-size: medium;\"><span style=\"font-family: HelveticaNeueLT Std Lt, serif;\">limitando toda diligencia que pueda emanar de los tribunales.<\/span><\/span><\/p>\n<p style=\"text-align: justify;\" align=\"justify\">\u201c<span style=\"font-size: medium;\"><span style=\"font-family: HelveticaNeueLT Std Lt, serif;\">Desde Nuevo Laredo hasta Tampico tenemos esas medidas, las cuales se est\u00e1n cumpliendo y observando, el Gobernador Francisco Garc\u00eda Cabeza de Vaca, nos pidi\u00f3 no bajar la guardia, garantizar la atenci\u00f3n y proteger al personal y usuarios\u201d, dijo. <\/span><\/span><\/p>\n<p style=\"text-align: justify;\" align=\"justify\"><span style=\"font-size: medium;\"><span style=\"font-family: HelveticaNeueLT Std Lt, serif;\">El funcionario no descart\u00f3 que dicho mecanismo haya delimitado la atenci\u00f3n a los servicios que se prestan en los tribunales, desde una cita, reclamos ante la iniciaci\u00f3n de un juicio, asesor\u00edas y atenciones que se brindan tanto en la Direcci\u00f3n de Conciliaci\u00f3n y Procuradur\u00eda General de la Defensa del Trabajo.<\/span><\/span><\/p>\n<p style=\"text-align: justify;\" align=\"justify\"><span style=\"font-family: HelveticaNeueLT Std Lt, serif;\"><span style=\"font-size: medium;\">Las Juntas de Conciliaci\u00f3n y Arbitraje, mantienen<\/span><\/span><span style=\"font-family: HelveticaNeueLT Std Lt, serif;\"><span style=\"font-size: medium;\"> alrededor de 16 mil 373 documentos en tr\u00e1mite y 6 mil 160 en ejecuci\u00f3n, en los cuales <\/span><\/span><span style=\"font-size: medium;\"><span style=\"font-family: HelveticaNeueLT Std Lt, serif;\">desde el mes de agosto,<\/span><\/span><span style=\"font-family: HelveticaNeueLT Std Lt, serif;\"><span style=\"font-size: medium;\"> personal ha redoblado esfuerzos <\/span><\/span><span style=\"font-size: medium;\"><span style=\"font-family: HelveticaNeueLT Std Lt, serif;\">para tratar de evacuar cada procedimiento lo m\u00e1s r\u00e1pido posible.<\/span><\/span><\/p>\n<p style=\"text-align: justify;\" align=\"justify\"><span style=\"font-family: HelveticaNeueLT Std Lt, serif;\"><span style=\"font-size: medium;\">D<\/span><\/span><span style=\"font-family: HelveticaNeueLT Std Lt, serif;\"><span style=\"font-size: medium;\">e acuerdo las recomendaciones del Comit\u00e9 Estatal de Seguridad en Salud, se ha solicitado a los usuarios, mantener la calma y tener paciencia en sus tr\u00e1mites, as\u00ed mismo acatar las medidas de salud para minimizar los riesgos de contagio y utilizar los<\/span><\/span><span style=\"font-family: HelveticaNeueLT Std Lt, serif;\"><span style=\"font-size: medium;\"> servicios telef\u00f3nicos 834 3181030 o 834 3181031 para recibir atenci\u00f3n, asesor\u00eda o realizar alguna cita.<\/span><\/span><\/p>\n<p align=\"center\"><span style=\"font-family: HelveticaNeueLT Std Lt, serif;\"><span style=\"font-size: medium;\">###<\/span><\/span><\/p>\n<p style=\"text-align: left;\" align=\"center\">\n<div class='owl-gallery'><div class='item'><a href='https:\/\/www.tamaulipas.gob.mx\/trabajo\/wp-content\/uploads\/sites\/11\/2020\/11\/boletin_medidas_jlcya_01.jpeg' rel='galeria'><img src='https:\/\/www.tamaulipas.gob.mx\/trabajo\/wp-content\/uploads\/sites\/11\/2020\/11\/boletin_medidas_jlcya_01-850x500.jpeg' srcset='' sizes='auto' alt=''><\/a><figcaption><\/figcaption><\/div><div class='item'><a href='https:\/\/www.tamaulipas.gob.mx\/trabajo\/wp-content\/uploads\/sites\/11\/2020\/11\/boletin_medidas_jlcya_02.jpeg' rel='galeria'><img src='https:\/\/www.tamaulipas.gob.mx\/trabajo\/wp-content\/uploads\/sites\/11\/2020\/11\/boletin_medidas_jlcya_02-850x500.jpeg' srcset='' sizes='auto' alt=''><\/a><figcaption><\/figcaption><\/div><div class='item'><a href='https:\/\/www.tamaulipas.gob.mx\/trabajo\/wp-content\/uploads\/sites\/11\/2020\/11\/boletin_medidas_jlcya_03.jpeg' rel='galeria'><img src='https:\/\/www.tamaulipas.gob.mx\/trabajo\/wp-content\/uploads\/sites\/11\/2020\/11\/boletin_medidas_jlcya_03-850x500.jpeg' srcset='' sizes='auto' alt=''><\/a><figcaption><\/figcaption><\/div><div class='item'><a href='https:\/\/www.tamaulipas.gob.mx\/trabajo\/wp-content\/uploads\/sites\/11\/2020\/11\/boletin_medidas_jlcya_04.jpeg' rel='galeria'><img src='https:\/\/www.tamaulipas.gob.mx\/trabajo\/wp-content\/uploads\/sites\/11\/2020\/11\/boletin_medidas_jlcya_04-850x500.jpeg' srcset='' sizes='auto' alt=''><\/a><figcaption><\/figcaption><\/div><\/div>\n","protected":false},"excerpt":{"rendered":"<p>El Gobernador, Francisco Garc\u00eda Cabeza de Vaca, solicit\u00f3 no bajar la guardia, garantizar la atenci\u00f3n y proteger al personal y usuarios de las Juntas de\u2026<\/p>\n","protected":false},"author":63,"featured_media":1752,"comment_status":"closed","ping_status":"closed","sticky":false,"template":"","format":"standard","meta":{"footnotes":""},"categories":[1],"tags":[],"class_list":["post-1748","post","type-post","status-publish","format-standard","has-post-thumbnail","hentry","category-prensa"],"publishpress_future_action":{"enabled":false,"date":"2026-05-08 14:19:44","action":"change-status","newStatus":"draft","terms":[],"taxonomy":"category"},"_links":{"self":[{"href":"https:\/\/www.tamaulipas.gob.mx\/trabajo\/wp-json\/wp\/v2\/posts\/1748"}],"collection":[{"href":"https:\/\/www.tamaulipas.gob.mx\/trabajo\/wp-json\/wp\/v2\/posts"}],"about":[{"href":"https:\/\/www.tamaulipas.gob.mx\/trabajo\/wp-json\/wp\/v2\/types\/post"}],"author":[{"embeddable":true,"href":"https:\/\/www.tamaulipas.gob.mx\/trabajo\/wp-json\/wp\/v2\/users\/63"}],"replies":[{"embeddable":true,"href":"https:\/\/www.tamaulipas.gob.mx\/trabajo\/wp-json\/wp\/v2\/comments?post=1748"}],"version-history":[{"count":1,"href":"https:\/\/www.tamaulipas.gob.mx\/trabajo\/wp-json\/wp\/v2\/posts\/1748\/revisions"}],"predecessor-version":[{"id":1753,"href":"https:\/\/www.tamaulipas.gob.mx\/trabajo\/wp-json\/wp\/v2\/posts\/1748\/revisions\/1753"}],"wp:featuredmedia":[{"embeddable":true,"href":"https:\/\/www.tamaulipas.gob.mx\/trabajo\/wp-json\/wp\/v2\/media\/1752"}],"wp:attachment":[{"href":"https:\/\/www.tamaulipas.gob.mx\/trabajo\/wp-json\/wp\/v2\/media?parent=1748"}],"wp:term":[{"taxonomy":"category","embeddable":true,"href":"https:\/\/www.tamaulipas.gob.mx\/trabajo\/wp-json\/wp\/v2\/categories?post=1748"},{"taxonomy":"post_tag","embeddable":true,"href":"https:\/\/www.tamaulipas.gob.mx\/trabajo\/wp-json\/wp\/v2\/tags?post=1748"}],"curies":[{"name":"wp","href":"https:\/\/api.w.org\/{rel}","templated":true}]}}